{"id":16845,"date":"2017-01-16T03:00:12","date_gmt":"2017-01-16T02:00:12","guid":{"rendered":"http:\/\/sven-ove.nu\/?p=16845"},"modified":"2017-01-14T12:21:48","modified_gmt":"2017-01-14T11:21:48","slug":"det-lysande-svaret-fran-en-sverigedemokrat","status":"publish","type":"post","link":"https:\/\/sven-ove.nu\/?p=16845","title":{"rendered":"Det lysande svaret fr\u00e5n en sverigedemokrat"},"content":{"rendered":"<p><a href=\"https:\/\/sven-ove.nu\/wp-content\/uploads\/2017\/01\/Billy-B.jpg\"><img loading=\"lazy\" decoding=\"async\" class=\"size-large wp-image-16850 alignnone\" src=\"https:\/\/sven-ove.nu\/wp-content\/uploads\/2017\/01\/Billy-B-1024x768.jpg\" alt=\"Version 2\" width=\"660\" height=\"495\" srcset=\"https:\/\/sven-ove.nu\/wp-content\/uploads\/2017\/01\/Billy-B-1024x768.jpg 1024w, https:\/\/sven-ove.nu\/wp-content\/uploads\/2017\/01\/Billy-B-300x225.jpg 300w\" sizes=\"auto, (max-width: 660px) 100vw, 660px\" \/><\/a><\/p>\n<blockquote><p>Kill Your Darlings brukar vi s\u00e4ga p\u00e5 skrivarkurserna. D\u00f6da dina \u00e4lsklingar. Det \u00e4r ett gott r\u00e5d.<\/p>\n<p>Men \u00e4nd\u00e5.<\/p><\/blockquote>\n<p>Saken \u00e4r den att r\u00e5d b\u00f6r ges och goda r\u00e5d lydas. Det st\u00e5r jag f\u00f6r, ty jag \u00e4r en fullblodsbesserwisser och d\u00e5 finns inget annat s\u00e4tt. Nu \u00e4r det emellertid s\u00e5 vist ordnat att ett av r\u00e5den jag alltid brukar ge\u00a0\u00e4r att du ska f\u00f6rv\u00e5na dig sj\u00e4lv och busa med r\u00e5dgivaren. Lyd inte alla r\u00e5d, f\u00f6r Guds skull. Inte hela tiden. D\u00e5 blir livet s\u00e5 tr\u00e5kigt att klockorna stann\u2026 flyr.<\/p>\n<p>Jag har allts\u00e5 b\u00f6rjat g\u00f6ra en SD.<\/p>\n<p>Nej, jag har inte g\u00e5tt och blivit Jimmian, inte rasist, inte fr\u00e4mlingsfientlig ens. Aldrig i livet. Jag har blivit <em>men\u00e4nd\u00e5ian<\/em>.<\/p>\n<p><strong>N\u00e4r han blir \u00f6verbevisad<br \/>\n<\/strong>R\u00e5kar du st\u00f6ta p\u00e5 en och annan sverigedemokrat ibland vid bussh\u00e5llplatsen eller p\u00e5 sociala medier? En s\u00e5n d\u00e4r som tror allt han h\u00f6r, f\u00f6r hans \u00f6ron ljuger aldrig. Har du varit med n\u00e4r en s\u00e5dan faktaresistent person faktiskt till sist blir \u00f6verbevisad om en sak? Jorden \u00e4r inte platt, det \u00e4r inte kommunen som best\u00e4mmer om vargjakten, asyls\u00f6kande f\u00e5r inte 88 000 kronor i m\u00e5naden efter skatt. Har du h\u00f6rt vad han alltid svarar d\u00e5, n\u00e4r fakta grinar honom i ansiktet?<\/p>\n<p>&#8211; Men \u00e4nd\u00e5.<\/p>\n<p>Jag tycker det \u00e4r ett lysande svar. H\u00e4rligt korkat och \u00e4nd\u00e5 ett s\u00e5 fint bevis p\u00e5 personens fullkomliga tv\u00e4rst\u00f6nighet. Det sista \u00e4r v\u00e4rml\u00e4ndska och betyder att du \u00e4r helt o\u00f6vertalbar. Men \u00e4nd\u00e5.<\/p>\n<p><strong>Min nya \u00e4lskling<br \/>\n<\/strong>Sedan en tid g\u00f6r jag likadant, ty det \u00e4r s\u00e5 vi men\u00e4nd\u00e5ianer jobbar. Mitt nya svar fungerar i alla sammanhang och p\u00e5 alla m\u00f6jliga s\u00e4tt:<\/p>\n<p>\u201dNi borde inte ber\u00f6vas r\u00f6str\u00e4tten, ni som \u00e4ter semlor f\u00f6r tidigt. Men \u00e4nd\u00e5\u201d.<br \/>\n\u201dSSU-ordf\u00f6randen gjorde inte j\u00e4ttebra reklam f\u00f6r kollektivtrafiken i S\u00e4lentrakten h\u00e4rom kv\u00e4llen. Men \u00e4nd\u00e5\u201d.<br \/>\n\u201dKanske stavas dinosarie egentligen med u n\u00e5nstans mitt i. Men \u00e4nd\u00e5\u201d.<br \/>\n\u201dTror du p\u00e5 skrock? Nej verkligen inte. Men \u00e4nd\u00e5\u201d.<br \/>\n\u201d\u00c4r alla norskar dopade och deras idrottsl\u00e4kare klok? Knappast. Men \u00e4nd\u00e5\u201d.<\/p>\n<p>S\u00e5d\u00e4r h\u00e5ller jag p\u00e5 dagarna i \u00e4nda. Det g\u00f6r alla debatter n\u00e5got utf\u00f6rligare tycker jag.<\/p>\n<p style=\"padding-left: 30px;\"><span style=\"color: #ff0000;\">***<\/span><\/p>\n<p>Sverigedemokraterna s\u00e4ger att de har nolltolerans mot rasism.<br \/>\nDet \u00e4r vad de s\u00e4ger.<\/p>\n<p>Men \u00e4nd\u00e5.<\/p>\n<p><strong><em><a href=\"https:\/\/sven-ove.nu\/wp-content\/uploads\/2017\/01\/Skeptisk-kopia.jpg\"><img loading=\"lazy\" decoding=\"async\" class=\"alignright size-full wp-image-16851\" src=\"https:\/\/sven-ove.nu\/wp-content\/uploads\/2017\/01\/Skeptisk-kopia.jpg\" alt=\"Skeptisk kopia\" width=\"74\" height=\"154\" \/><\/a>Ordf\u00f6rklaring:\u00a0<\/em><\/strong><em>St\u00f6nig \u2013 envis<\/em><\/p>\n<p><span style=\"color: #0000ff;\"><a style=\"color: #0000ff;\" href=\"https:\/\/sven-ove.nu\/\">Hem<\/a><\/span>\u00a0|\u00a0<span style=\"color: #0000ff;\"><a style=\"color: #0000ff;\" href=\"https:\/\/sven-ove.nu\/?page_id=170\">Om mig<\/a><\/span>\u00a0|\u00a0<span style=\"color: #0000ff;\"><a style=\"color: #0000ff;\" href=\"https:\/\/sven-ove.nu\/?page_id=1385\">Skriva &amp; prata<\/a><\/span>\u00a0|\u00a0<span style=\"color: #0000ff;\"><a style=\"color: #0000ff;\" href=\"https:\/\/sven-ove.nu\/?page_id=100\">Politik<\/a><\/span>\u00a0|\u00a0<span style=\"color: #0000ff;\"><a style=\"color: #0000ff;\" href=\"https:\/\/sven-ove.nu\/?page_id=102\">L\u00f6pa<\/a><\/span>\u00a0|\u00a0<span style=\"color: #0000ff;\"><a style=\"color: #0000ff;\" href=\"https:\/\/sven-ove.nu\/?page_id=108\">Viktor Root<\/a><\/span>\u00a0| <a href=\"https:\/\/sven-ove.nu\/?page_id=15908\"><span style=\"color: #0000ff;\">Firman<\/span>\u00a0<\/a>|\u00a0<span style=\"color: #0000ff;\"><a style=\"color: #0000ff;\" href=\"https:\/\/sven-ove.nu\/?page_id=15638\">K\u00f4ppra<\/a><\/span><\/p>\n","protected":false},"excerpt":{"rendered":"<p>Kill Your Darlings brukar vi s\u00e4ga p\u00e5 skrivarkurserna. D\u00f6da dina \u00e4lsklingar. Det \u00e4r ett gott r\u00e5d. Men \u00e4nd\u00e5. Saken \u00e4r den att r\u00e5d b\u00f6r ges och goda r\u00e5d lydas. Det st\u00e5r jag f\u00f6r, ty jag \u00e4r en fullblodsbesserwisser och d\u00e5 finns inget annat s\u00e4tt. Nu \u00e4r det emellertid s\u00e5 vist ordnat att ett av r\u00e5den &hellip; <a href=\"https:\/\/sven-ove.nu\/?p=16845\" class=\"more-link\">Forts\u00e4tt l\u00e4sa <span class=\"screen-reader-text\">Det lysande svaret fr\u00e5n en sverigedemokrat<\/span><\/a><\/p>\n","protected":false},"author":1,"featured_media":0,"comment_status":"open","ping_status":"open","sticky":false,"template":"","format":"standard","meta":{"_crdt_document":"","_monsterinsights_skip_tracking":false,"_monsterinsights_sitenote_active":false,"_monsterinsights_sitenote_note":"","_monsterinsights_sitenote_category":0,"footnotes":""},"categories":[28,9],"tags":[14,15,21],"class_list":["post-16845","post","type-post","status-publish","format-standard","hentry","category-kreativt-folk","category-politik","tag-lasning","tag-mediedjungeln","tag-ord"],"_links":{"self":[{"href":"https:\/\/sven-ove.nu\/index.php?rest_route=\/wp\/v2\/posts\/16845","targetHints":{"allow":["GET"]}}],"collection":[{"href":"https:\/\/sven-ove.nu\/index.php?rest_route=\/wp\/v2\/posts"}],"about":[{"href":"https:\/\/sven-ove.nu\/index.php?rest_route=\/wp\/v2\/types\/post"}],"author":[{"embeddable":true,"href":"https:\/\/sven-ove.nu\/index.php?rest_route=\/wp\/v2\/users\/1"}],"replies":[{"embeddable":true,"href":"https:\/\/sven-ove.nu\/index.php?rest_route=%2Fwp%2Fv2%2Fcomments&post=16845"}],"version-history":[{"count":6,"href":"https:\/\/sven-ove.nu\/index.php?rest_route=\/wp\/v2\/posts\/16845\/revisions"}],"predecessor-version":[{"id":16853,"href":"https:\/\/sven-ove.nu\/index.php?rest_route=\/wp\/v2\/posts\/16845\/revisions\/16853"}],"wp:attachment":[{"href":"https:\/\/sven-ove.nu\/index.php?rest_route=%2Fwp%2Fv2%2Fmedia&parent=16845"}],"wp:term":[{"taxonomy":"category","embeddable":true,"href":"https:\/\/sven-ove.nu\/index.php?rest_route=%2Fwp%2Fv2%2Fcategories&post=16845"},{"taxonomy":"post_tag","embeddable":true,"href":"https:\/\/sven-ove.nu\/index.php?rest_route=%2Fwp%2Fv2%2Ftags&post=16845"}],"curies":[{"name":"wp","href":"https:\/\/api.w.org\/{rel}","templated":true}]}}