{"id":16866,"date":"2017-01-18T03:00:39","date_gmt":"2017-01-18T02:00:39","guid":{"rendered":"http:\/\/sven-ove.nu\/?p=16866"},"modified":"2017-01-18T14:23:31","modified_gmt":"2017-01-18T13:23:31","slug":"antligen-fattar-jag-varfor-en-ar-som-en-ar","status":"publish","type":"post","link":"https:\/\/sven-ove.nu\/?p=16866","title":{"rendered":"\u00c4ntligen fattar jag varf\u00f6r en \u00e4r som en \u00e4r"},"content":{"rendered":"<p><a href=\"https:\/\/sven-ove.nu\/wp-content\/uploads\/2017\/01\/\u00c4ngeb\u00e4ckstorp-karta.jpg\"><img loading=\"lazy\" decoding=\"async\" class=\"size-medium wp-image-16870 alignnone\" src=\"https:\/\/sven-ove.nu\/wp-content\/uploads\/2017\/01\/\u00c4ngeb\u00e4ckstorp-karta-300x215.jpg\" alt=\"\u00c4ngeb\u00e4ckstorp karta\" width=\"300\" height=\"215\" srcset=\"https:\/\/sven-ove.nu\/wp-content\/uploads\/2017\/01\/\u00c4ngeb\u00e4ckstorp-karta-300x215.jpg 300w, https:\/\/sven-ove.nu\/wp-content\/uploads\/2017\/01\/\u00c4ngeb\u00e4ckstorp-karta.jpg 686w\" sizes=\"auto, (max-width: 300px) 100vw, 300px\" \/><\/a><\/p>\n<blockquote><p>V\u00e5r kommun har samarbetat en del med Darkhan i Mongoliet. Det har alltid k\u00e4nts bra.<br \/>\nJag b\u00f6rjar f\u00f6rst\u00e5 varf\u00f6r.<\/p><\/blockquote>\n<p>Saken \u00e4r den att jag brukar fylla \u00e5r ungef\u00e4r en g\u00e5ng per \u00e5r. I \u00e5r inf\u00f6ll detta den 12:e januari. Det \u00e4r d\u00e4rf\u00f6r jag inte bara b\u00e4r initialerna SOS, i det milit\u00e4ra heter jag dessutom 112.<\/p>\n<p>Av detta f\u00f6rst\u00e5r var och en att jag \u00e4r en hj\u00e4lpsam typ men r\u00e4ddh\u00e5gsen och krismedveten. Det beror p\u00e5 namnen.<\/p>\n<p><strong>H\u00e4r ruvar en katt<br \/>\n<\/strong>N\u00e5v\u00e4l, \u00e5r fyllde jag och presenter fick jag, f\u00f6r s\u00e5 lever vi v\u00e5ra liv, den k\u00e4ra v\u00e4nnen och jag. Nuf\u00f6rtiden brukar det ligga l\u00e4sbarheter i paketen. En av b\u00f6ckerna jag fick var <span style=\"color: #0000ff;\"><a style=\"color: #0000ff;\" href=\"http:\/\/www.bokus.com\/bok\/9789174691658\/svenska-uttryck-och-deras-ursprung\/\"><em>Svenska uttryck och deras ursprung<\/em><\/a><\/span>. F\u00f6rfattaren heter Kerstin Johanson och jag \u00e4lskar den redan. H\u00e4r \u00e4r en av hennes f\u00f6rklaringar:<\/p>\n<p style=\"padding-left: 30px;\"><strong>\u201dAna ugglor i mossen<br \/>\n<\/strong><em>Misst\u00e4nka n\u00e5got skumt, ana or\u00e5d<\/em><\/p>\n<p style=\"padding-left: 30px;\">Uttrycket \u00e4r ombildat efter danska <em>Det er ulve <\/em>(vargar)<em> i mosen<\/em>, d\u00e4r ulve har f\u00f6rv\u00e4xlats med ugler (ugglor). Se \u00e4ven <em>H\u00e4r ligger en hund begraven<\/em>. Samma misstanke kan uttryckas med <em>H\u00e4r osar katt<\/em>.<\/p>\n<p style=\"padding-left: 30px;\"><strong>Motsvarande uttryck i andra spr\u00e5k:<br \/>\n<\/strong>Det luktar r\u00e5tta (engelska) <em>Smell a rat<br \/>\n<\/em>Det \u00e4r en fisk under stenen (isl\u00e4ndska)<br \/>\nDet finns en inst\u00e4ngd katt (spanska)<br \/>\nH\u00e4r ruvar en katt (italienska)\u201d<\/p>\n<p><em>Arbeta svart<\/em> kommer inte fr\u00e5n n\u00e5gon illojal typ i svenska skattesmitarkretsar som vill lura oss andra p\u00e5 v\u00e4lf\u00e4rd och sig sj\u00e4lv p\u00e5 pensionen. Det kommer fr\u00e5n efterkrigstidens Tyskland. Landets \u00e5teruppbyggnad kr\u00e4vde mycket arbete och m\u00e5nga beh\u00f6vde arbeta sent p\u00e5 kv\u00e4llen n\u00e4r det var m\u00f6rkt. Detta var den ursprungliga inneb\u00f6rden av att arbeta svart, skriver Kerstin Johanson.<\/p>\n<p><em>Det var en annan femma<\/em> kommer av ordst\u00e4vet Det var en annan femma, sa bonden, skrev en sjua.<\/p>\n<p><em>G\u00e5 p\u00e5 i ullstrumporna<\/em> kommer av gamla tiders halkskydd. Folk drog ett par ullstrumpor utanp\u00e5 skorna f\u00f6r att inte halka p\u00e5 de isiga vinterv\u00e4garna.<\/p>\n<p>Tag och l\u00e4s!<\/p>\n<p><strong>D\u00e5 blir jag farlig<br \/>\n<\/strong>Den andra boken jag fick var <span style=\"color: #0000ff;\"><a style=\"color: #0000ff;\" href=\"http:\/\/www.adlibris.com\/se\/bok\/faktakalendern-2017-9789155263379\"><em>Faktakalendern 2017<\/em><\/a><\/span>. Att ge mig en s\u00e5dan skrift \u00e4r riktigt farligt. Snart l\u00e4ser jag h\u00f6gt ur boken f\u00f6r frun medan hon f\u00f6rg\u00e4ves f\u00f6rs\u00f6ker koncentrera sig p\u00e5 ett intressant tv-program i en annan kanal \u00e4n den jag utg\u00f6r.<\/p>\n<p>&#8211; Visste du att jordens landmassa expanderar? Landytan har v\u00e4xt med motsvarande ett Uppland de senaste 30 \u00e5ren.<\/p>\n<p>&#8211; Visste du att Wal-Mart i USA \u00e4r v\u00e4rldens st\u00f6rsta f\u00f6retag och g\u00f6r en vinst p\u00e5 n\u00e4ra 15 000 miljoner dollar om \u00e5ret?<\/p>\n<p>&#8211; Har du h\u00f6rt att vi f\u00e5tt fyra nya grund\u00e4mnen?<\/p>\n<p><strong>En ruta p\u00e5 drygt sju meter<br \/>\n<\/strong>H\u00f6jdpunkten blir n\u00e4r jag hittar tabellerna med befolkningst\u00e4theten i v\u00e4rlden. Snart ber jag henne att leta fram minir\u00e4knaren och b\u00f6rja dividera. Om Monaco \u00e4r t\u00e4tast i v\u00e4rlden med 18 932 inv\u00e5nare per kvadratkilometer, hur stor ruta f\u00e5r d\u00e5 varje monegask att r\u00f6ra sig p\u00e5? Svar: 7,25 g\u00e5nger 7,25 meter.<\/p>\n<p>I Singapore blir rutan 11 g\u00e5nger 11 meter och i Sverige 213 g\u00e5nger 213 meter. Vi har plats f\u00f6r fler i detta land, tro inget annat.<\/p>\n<p>Glesast bor de i Mongoliet. Det \u00e4r v\u00e4rldens mest glesbefolkade land med tv\u00e5 inv\u00e5nare per kvadratkilometer. Varje mongol har 707 g\u00e5nger 707 meter till sitt f\u00f6rfogande.<\/p>\n<p>&#8211; Hall\u00e5. Hall\u00e5! H\u00d6R NI MIG?<\/p>\n<p><strong>Barndomens vilda vidder<br \/>\n<a href=\"https:\/\/sven-ove.nu\/wp-content\/uploads\/2017\/01\/Sk\u00e4rmavbild-2017-01-17-kl.-12.39.56.png\"><img loading=\"lazy\" decoding=\"async\" class=\"alignright size-thumbnail wp-image-16871\" src=\"https:\/\/sven-ove.nu\/wp-content\/uploads\/2017\/01\/Sk\u00e4rmavbild-2017-01-17-kl.-12.39.56-150x150.png\" alt=\"Sk\u00e4rmavbild 2017-01-17 kl. 12.39.56\" width=\"150\" height=\"150\" \/><\/a><\/strong>Det \u00e4r nu jag b\u00f6rjar inse varf\u00f6r jag \u00e4r som jag \u00e4r. Gripen av forskarnit letar jag fram en karta och ritar upp min barndoms vilda skogar, \u00e4lvdalar och stormossar i trakterna av \u00c4ngeb\u00e4ckstorp. Det ligger n\u00e5gra kilometer s\u00f6der om Sutterh\u00f6jden i nuvarande Karlstads kommuns \u00f6stra glesbygder. Samtidigt r\u00e4knar jag p\u00e5 fingrarna hur m\u00e5nga som bodde p\u00e5 g\u00e5rdarna d\u00e4r i mitten av 1960-talet.<\/p>\n<p>Frun vet <em>hur<\/em> jag \u00e4r. Nu ber\u00e4ttar minir\u00e4knaren <em>varf\u00f6r<\/em>.<br \/>\nVi bodde glesare \u00e4n i Mongoliet.<\/p>\n<p><span style=\"color: #0000ff;\"><a style=\"color: #0000ff;\" href=\"https:\/\/sven-ove.nu\/\">Hem<\/a><\/span>\u00a0|\u00a0<span style=\"color: #0000ff;\"><a style=\"color: #0000ff;\" href=\"https:\/\/sven-ove.nu\/?page_id=170\">Om mig<\/a><\/span>\u00a0|\u00a0<span style=\"color: #0000ff;\"><a style=\"color: #0000ff;\" href=\"https:\/\/sven-ove.nu\/?page_id=1385\">Skriva &amp; prata<\/a><\/span>\u00a0|\u00a0<span style=\"color: #0000ff;\"><a style=\"color: #0000ff;\" href=\"https:\/\/sven-ove.nu\/?page_id=100\">Politik<\/a><\/span>\u00a0|\u00a0<span style=\"color: #0000ff;\"><a style=\"color: #0000ff;\" href=\"https:\/\/sven-ove.nu\/?page_id=102\">L\u00f6pa<\/a><\/span>\u00a0|\u00a0<span style=\"color: #0000ff;\"><a style=\"color: #0000ff;\" href=\"https:\/\/sven-ove.nu\/?page_id=108\">Viktor Root<\/a><\/span>\u00a0| <a href=\"https:\/\/sven-ove.nu\/?page_id=15908\"><span style=\"color: #0000ff;\">Firman<\/span>\u00a0<\/a>|\u00a0<span style=\"color: #0000ff;\"><a style=\"color: #0000ff;\" href=\"https:\/\/sven-ove.nu\/?page_id=15638\">K\u00f4ppra<\/a><\/span><\/p>\n","protected":false},"excerpt":{"rendered":"<p>V\u00e5r kommun har samarbetat en del med Darkhan i Mongoliet. Det har alltid k\u00e4nts bra. Jag b\u00f6rjar f\u00f6rst\u00e5 varf\u00f6r. Saken \u00e4r den att jag brukar fylla \u00e5r ungef\u00e4r en g\u00e5ng per \u00e5r. I \u00e5r inf\u00f6ll detta den 12:e januari. Det \u00e4r d\u00e4rf\u00f6r jag inte bara b\u00e4r initialerna SOS, i det milit\u00e4ra heter jag dessutom 112. &hellip; <a href=\"https:\/\/sven-ove.nu\/?p=16866\" class=\"more-link\">Forts\u00e4tt l\u00e4sa <span class=\"screen-reader-text\">\u00c4ntligen fattar jag varf\u00f6r en \u00e4r som en \u00e4r<\/span><\/a><\/p>\n","protected":false},"author":1,"featured_media":0,"comment_status":"open","ping_status":"open","sticky":false,"template":"","format":"standard","meta":{"_crdt_document":"","_monsterinsights_skip_tracking":false,"_monsterinsights_sitenote_active":false,"_monsterinsights_sitenote_note":"","_monsterinsights_sitenote_category":0,"footnotes":""},"categories":[10],"tags":[8,18,14],"class_list":["post-16866","post","type-post","status-publish","format-standard","hentry","category-familjen","tag-historia","tag-lardomar","tag-lasning"],"_links":{"self":[{"href":"https:\/\/sven-ove.nu\/index.php?rest_route=\/wp\/v2\/posts\/16866","targetHints":{"allow":["GET"]}}],"collection":[{"href":"https:\/\/sven-ove.nu\/index.php?rest_route=\/wp\/v2\/posts"}],"about":[{"href":"https:\/\/sven-ove.nu\/index.php?rest_route=\/wp\/v2\/types\/post"}],"author":[{"embeddable":true,"href":"https:\/\/sven-ove.nu\/index.php?rest_route=\/wp\/v2\/users\/1"}],"replies":[{"embeddable":true,"href":"https:\/\/sven-ove.nu\/index.php?rest_route=%2Fwp%2Fv2%2Fcomments&post=16866"}],"version-history":[{"count":13,"href":"https:\/\/sven-ove.nu\/index.php?rest_route=\/wp\/v2\/posts\/16866\/revisions"}],"predecessor-version":[{"id":16889,"href":"https:\/\/sven-ove.nu\/index.php?rest_route=\/wp\/v2\/posts\/16866\/revisions\/16889"}],"wp:attachment":[{"href":"https:\/\/sven-ove.nu\/index.php?rest_route=%2Fwp%2Fv2%2Fmedia&parent=16866"}],"wp:term":[{"taxonomy":"category","embeddable":true,"href":"https:\/\/sven-ove.nu\/index.php?rest_route=%2Fwp%2Fv2%2Fcategories&post=16866"},{"taxonomy":"post_tag","embeddable":true,"href":"https:\/\/sven-ove.nu\/index.php?rest_route=%2Fwp%2Fv2%2Ftags&post=16866"}],"curies":[{"name":"wp","href":"https:\/\/api.w.org\/{rel}","templated":true}]}}