{"id":16879,"date":"2017-01-19T03:00:32","date_gmt":"2017-01-19T02:00:32","guid":{"rendered":"http:\/\/sven-ove.nu\/?p=16879"},"modified":"2017-01-18T17:55:37","modified_gmt":"2017-01-18T16:55:37","slug":"transsylvanska-stigar-och-spansk-mystik","status":"publish","type":"post","link":"https:\/\/sven-ove.nu\/?p=16879","title":{"rendered":"Transsylvanska stigar och spanska v\u00e4nner"},"content":{"rendered":"<p><a href=\"https:\/\/sven-ove.nu\/?attachment_id=16882\" rel=\"attachment wp-att-16882\"><img loading=\"lazy\" decoding=\"async\" class=\"size-large wp-image-16882 alignnone\" src=\"https:\/\/sven-ove.nu\/wp-content\/uploads\/2017\/01\/Superkolonier-1024x501.jpg\" alt=\"\" width=\"660\" height=\"323\" srcset=\"https:\/\/sven-ove.nu\/wp-content\/uploads\/2017\/01\/Superkolonier-1024x501.jpg 1024w, https:\/\/sven-ove.nu\/wp-content\/uploads\/2017\/01\/Superkolonier-300x147.jpg 300w, https:\/\/sven-ove.nu\/wp-content\/uploads\/2017\/01\/Superkolonier-768x376.jpg 768w, https:\/\/sven-ove.nu\/wp-content\/uploads\/2017\/01\/Superkolonier.jpg 1800w\" sizes=\"auto, (max-width: 660px) 100vw, 660px\" \/><\/a><\/p>\n<blockquote><p>Vad \u00e4r det f\u00f6r mystiska svarta punkter runt Spanien med omnejd?<\/p><\/blockquote>\n<p>De punkterna ska jag ber\u00e4tta mer om i en naturlyrisk betraktelse p\u00e5 bygdeg\u00e5rden i <span style=\"color: #0000ff;\"><a style=\"color: #0000ff;\" href=\"http:\/\/idrottonline.se\/MolnbackaAIS-Skidor\/\">M\u00f6lnbacka<\/a><\/span> i kv\u00e4ll, torsdag. Min vandrarkompis fj\u00e4rilsfotografen Mikael Skalstad och jag upptr\u00e4der f\u00f6r f\u00f6rsta g\u00e5ngen tillsammans.<\/p>\n<p>18.30. Fritt intr\u00e4de, fika ing\u00e5r.<\/p>\n<p>Rubriken \u00e4r \u201dTranssylvanska stigar och vilda sl\u00e4ngar\u201d. Jag tror det blir b\u00e5de n\u00e5got enstaka sm\u00e5leende och en och annan k\u00e4rleksfull titt p\u00e5 natur i Transsylvanien, Spanien och Grossbolstorp.<\/p>\n<p>V\u00e4lkomna!<\/p>\n<p><span style=\"color: #0000ff;\"><a style=\"color: #0000ff;\" href=\"https:\/\/sven-ove.nu\/\">Hem<\/a><\/span>\u00a0|\u00a0<span style=\"color: #0000ff;\"><a style=\"color: #0000ff;\" href=\"https:\/\/sven-ove.nu\/?page_id=170\">Om mig<\/a><\/span>\u00a0|\u00a0<span style=\"color: #0000ff;\"><a style=\"color: #0000ff;\" href=\"https:\/\/sven-ove.nu\/?page_id=1385\">Skriva &amp; prata<\/a><\/span>\u00a0|\u00a0<span style=\"color: #0000ff;\"><a style=\"color: #0000ff;\" href=\"https:\/\/sven-ove.nu\/?page_id=100\">Politik<\/a><\/span>\u00a0|\u00a0<span style=\"color: #0000ff;\"><a style=\"color: #0000ff;\" href=\"https:\/\/sven-ove.nu\/?page_id=102\">L\u00f6pa<\/a><\/span>\u00a0|\u00a0<span style=\"color: #0000ff;\"><a style=\"color: #0000ff;\" href=\"https:\/\/sven-ove.nu\/?page_id=108\">Viktor Root<\/a><\/span>\u00a0| <a href=\"https:\/\/sven-ove.nu\/?page_id=15908\"><span style=\"color: #0000ff;\">Firman<\/span>\u00a0<\/a>|\u00a0<span style=\"color: #0000ff;\"><a style=\"color: #0000ff;\" href=\"https:\/\/sven-ove.nu\/?page_id=15638\">K\u00f4ppra<\/a><\/span><\/p>\n","protected":false},"excerpt":{"rendered":"<p>Vad \u00e4r det f\u00f6r mystiska svarta punkter runt Spanien med omnejd? De punkterna ska jag ber\u00e4tta mer om i en naturlyrisk betraktelse p\u00e5 bygdeg\u00e5rden i M\u00f6lnbacka i kv\u00e4ll, torsdag. Min vandrarkompis fj\u00e4rilsfotografen Mikael Skalstad och jag upptr\u00e4der f\u00f6r f\u00f6rsta g\u00e5ngen tillsammans. 18.30. Fritt intr\u00e4de, fika ing\u00e5r. Rubriken \u00e4r \u201dTranssylvanska stigar och vilda sl\u00e4ngar\u201d. Jag tror &hellip; <a href=\"https:\/\/sven-ove.nu\/?p=16879\" class=\"more-link\">Forts\u00e4tt l\u00e4sa <span class=\"screen-reader-text\">Transsylvanska stigar och spanska v\u00e4nner<\/span><\/a><\/p>\n","protected":false},"author":1,"featured_media":0,"comment_status":"open","ping_status":"open","sticky":false,"template":"","format":"standard","meta":{"_crdt_document":"","_monsterinsights_skip_tracking":false,"_monsterinsights_sitenote_active":false,"_monsterinsights_sitenote_note":"","_monsterinsights_sitenote_category":0,"footnotes":""},"categories":[6],"tags":[24,25],"class_list":["post-16879","post","type-post","status-publish","format-standard","hentry","category-natur","tag-karlek","tag-kartan"],"_links":{"self":[{"href":"https:\/\/sven-ove.nu\/index.php?rest_route=\/wp\/v2\/posts\/16879","targetHints":{"allow":["GET"]}}],"collection":[{"href":"https:\/\/sven-ove.nu\/index.php?rest_route=\/wp\/v2\/posts"}],"about":[{"href":"https:\/\/sven-ove.nu\/index.php?rest_route=\/wp\/v2\/types\/post"}],"author":[{"embeddable":true,"href":"https:\/\/sven-ove.nu\/index.php?rest_route=\/wp\/v2\/users\/1"}],"replies":[{"embeddable":true,"href":"https:\/\/sven-ove.nu\/index.php?rest_route=%2Fwp%2Fv2%2Fcomments&post=16879"}],"version-history":[{"count":6,"href":"https:\/\/sven-ove.nu\/index.php?rest_route=\/wp\/v2\/posts\/16879\/revisions"}],"predecessor-version":[{"id":16890,"href":"https:\/\/sven-ove.nu\/index.php?rest_route=\/wp\/v2\/posts\/16879\/revisions\/16890"}],"wp:attachment":[{"href":"https:\/\/sven-ove.nu\/index.php?rest_route=%2Fwp%2Fv2%2Fmedia&parent=16879"}],"wp:term":[{"taxonomy":"category","embeddable":true,"href":"https:\/\/sven-ove.nu\/index.php?rest_route=%2Fwp%2Fv2%2Fcategories&post=16879"},{"taxonomy":"post_tag","embeddable":true,"href":"https:\/\/sven-ove.nu\/index.php?rest_route=%2Fwp%2Fv2%2Ftags&post=16879"}],"curies":[{"name":"wp","href":"https:\/\/api.w.org\/{rel}","templated":true}]}}