{"id":1689,"date":"2012-03-29T16:39:25","date_gmt":"2012-03-29T15:39:25","guid":{"rendered":"http:\/\/sven-ove.nu\/?p=1689"},"modified":"2012-03-29T17:26:58","modified_gmt":"2012-03-29T16:26:58","slug":"komma-fram","status":"publish","type":"post","link":"https:\/\/sven-ove.nu\/?p=1689","title":{"rendered":"Komma fram"},"content":{"rendered":"<p>Sm\u00e5partierna i regeringen \u00e4r missn\u00f6jda f\u00f6r att de inte kommer fram.\u00a0De moderata ministrarna \u00e4r missn\u00f6jda f\u00f6r att de kommer fram.<\/p>\n<p>Kraven p\u00e5 n\u00e4sta f\u00f6rsvarsminister \u00e4r att han aldrig klagar och aldrig n\u00e5gonsin kommer fram.<\/p>\n<p>&nbsp;<\/p>\n<p><a href=\"https:\/\/sven-ove.nu\/wp-content\/uploads\/2012\/03\/Sk\u00e4rmavbild-2012-03-29-kl.-18.04.33.png\"><img loading=\"lazy\" decoding=\"async\" class=\"alignleft size-full wp-image-1692\" title=\"Sk\u00e4rmavbild 2012-03-29 kl. 18.04.33\" src=\"https:\/\/sven-ove.nu\/wp-content\/uploads\/2012\/03\/Sk\u00e4rmavbild-2012-03-29-kl.-18.04.33.png\" alt=\"\" width=\"361\" height=\"308\" srcset=\"https:\/\/sven-ove.nu\/wp-content\/uploads\/2012\/03\/Sk\u00e4rmavbild-2012-03-29-kl.-18.04.33.png 361w, https:\/\/sven-ove.nu\/wp-content\/uploads\/2012\/03\/Sk\u00e4rmavbild-2012-03-29-kl.-18.04.33-300x255.png 300w\" sizes=\"auto, (max-width: 361px) 100vw, 361px\" \/><\/a><\/p>\n<p>&nbsp;<\/p>\n<p>&nbsp;<\/p>\n<p>&nbsp;<\/p>\n<p>&nbsp;<\/p>\n<p>&nbsp;<\/p>\n<p>&nbsp;<\/p>\n<p>&nbsp;<\/p>\n<p><em>Det samlade twittersverige ger sin instinktiva syn p\u00e5 saken.<\/em><\/p>\n","protected":false},"excerpt":{"rendered":"<p>Sm\u00e5partierna i regeringen \u00e4r missn\u00f6jda f\u00f6r att de inte kommer fram.\u00a0De moderata ministrarna \u00e4r missn\u00f6jda f\u00f6r att de kommer fram. Kraven p\u00e5 n\u00e4sta f\u00f6rsvarsminister \u00e4r att han aldrig klagar och aldrig n\u00e5gonsin kommer fram. &nbsp; &nbsp; &nbsp; &nbsp; &nbsp; &nbsp; &nbsp; &nbsp; Det samlade twittersverige ger sin instinktiva syn p\u00e5 saken.<\/p>\n","protected":false},"author":1,"featured_media":0,"comment_status":"open","ping_status":"open","sticky":false,"template":"","format":"standard","meta":{"_crdt_document":"","_monsterinsights_skip_tracking":false,"_monsterinsights_sitenote_active":false,"_monsterinsights_sitenote_note":"","_monsterinsights_sitenote_category":0,"footnotes":""},"categories":[9],"tags":[20],"class_list":["post-1689","post","type-post","status-publish","format-standard","hentry","category-politik","tag-rad"],"_links":{"self":[{"href":"https:\/\/sven-ove.nu\/index.php?rest_route=\/wp\/v2\/posts\/1689","targetHints":{"allow":["GET"]}}],"collection":[{"href":"https:\/\/sven-ove.nu\/index.php?rest_route=\/wp\/v2\/posts"}],"about":[{"href":"https:\/\/sven-ove.nu\/index.php?rest_route=\/wp\/v2\/types\/post"}],"author":[{"embeddable":true,"href":"https:\/\/sven-ove.nu\/index.php?rest_route=\/wp\/v2\/users\/1"}],"replies":[{"embeddable":true,"href":"https:\/\/sven-ove.nu\/index.php?rest_route=%2Fwp%2Fv2%2Fcomments&post=1689"}],"version-history":[{"count":6,"href":"https:\/\/sven-ove.nu\/index.php?rest_route=\/wp\/v2\/posts\/1689\/revisions"}],"predecessor-version":[{"id":1696,"href":"https:\/\/sven-ove.nu\/index.php?rest_route=\/wp\/v2\/posts\/1689\/revisions\/1696"}],"wp:attachment":[{"href":"https:\/\/sven-ove.nu\/index.php?rest_route=%2Fwp%2Fv2%2Fmedia&parent=1689"}],"wp:term":[{"taxonomy":"category","embeddable":true,"href":"https:\/\/sven-ove.nu\/index.php?rest_route=%2Fwp%2Fv2%2Fcategories&post=1689"},{"taxonomy":"post_tag","embeddable":true,"href":"https:\/\/sven-ove.nu\/index.php?rest_route=%2Fwp%2Fv2%2Ftags&post=1689"}],"curies":[{"name":"wp","href":"https:\/\/api.w.org\/{rel}","templated":true}]}}