{"id":16891,"date":"2017-01-20T03:00:11","date_gmt":"2017-01-20T02:00:11","guid":{"rendered":"http:\/\/sven-ove.nu\/?p=16891"},"modified":"2017-01-20T08:46:37","modified_gmt":"2017-01-20T07:46:37","slug":"friskvard-via-utokade-rattrorelser","status":"publish","type":"post","link":"https:\/\/sven-ove.nu\/?p=16891","title":{"rendered":"Friskv\u00e5rd via ut\u00f6kade rattr\u00f6relser"},"content":{"rendered":"<p><a href=\"https:\/\/sven-ove.nu\/?attachment_id=14552\" rel=\"attachment wp-att-14552\"><img loading=\"lazy\" decoding=\"async\" class=\"size-medium wp-image-14552 alignnone\" src=\"https:\/\/sven-ove.nu\/wp-content\/uploads\/2016\/03\/Dislike-291x300.jpg\" alt=\"\" width=\"291\" height=\"300\" srcset=\"https:\/\/sven-ove.nu\/wp-content\/uploads\/2016\/03\/Dislike-291x300.jpg 291w, https:\/\/sven-ove.nu\/wp-content\/uploads\/2016\/03\/Dislike-993x1024.jpg 993w, https:\/\/sven-ove.nu\/wp-content\/uploads\/2016\/03\/Dislike.jpg 1522w\" sizes=\"auto, (max-width: 291px) 100vw, 291px\" \/><\/a><\/p>\n<blockquote><p>Min v\u00e4n mopedgubben, parkb\u00e4nkskommentatorn och misslyckade tryckkokarkonstrukt\u00f6ren <span style=\"color: #0000ff;\"><a style=\"color: #0000ff;\" href=\"https:\/\/sven-ove.nu\/?page_id=108\">Viktor Root<\/a><\/span> har t\u00e4nkt p\u00e5 en sak. Det blev en dikt igen till hans samling <span style=\"color: #0000ff;\"><a style=\"color: #0000ff;\" href=\"https:\/\/sven-ove.nu\/?page_id=115\">Sanningar<\/a><\/span>.<\/p><\/blockquote>\n<p>Bakgrunden om storebror Karlstad och dess sm\u00e5grannar hittar du nedan.<\/p>\n<h3 style=\"padding-left: 30px;\"><strong>Sanningen om friskv\u00e5rden<\/strong><\/h3>\n<p style=\"padding-left: 30px;\">F\u00f6rr fanns Karlstads b\u00e4sta skidsp\u00e5r<br \/>\ni Forshaga<br \/>\nNu heter stans b\u00e4sta motionscentral<br \/>\nKileneg\u00e5rden p\u00e5 Hammar\u00f6<\/p>\n<p style=\"padding-left: 30px;\">Ju st\u00f6rre stan blir<br \/>\ndesto latare friskv\u00e5rdspolitik<\/p>\n<p style=\"padding-left: 30px;\">M\u00e5tte di aldrig bli 100 000<br \/>\nD\u00e4\u2019 blir f\u00f6r dyrt<\/p>\n<p style=\"padding-left: 30px;\">f\u00f6r kranskommunerna.<\/p>\n<p style=\"padding-left: 30px;\"><strong><em>Viktor Root<\/em><\/strong><\/p>\n<p>&nbsp;<\/p>\n<p><strong>BAKGRUND<\/strong>: idealister byggde upp en fin <span style=\"color: #0000ff;\"><a style=\"color: #0000ff;\" href=\"http:\/\/nwt.se\/asikter\/insandare\/2016\/12\/09\/hur-kunde-det-bli-sa-har\">motionsanl\u00e4ggning<\/a><\/span> vid V\u00e4nerns strand i utkanten av Karlstad. <span style=\"color: #0000ff;\"><a style=\"color: #0000ff;\" href=\"http:\/\/www.vf.se\/uncategorized\/valdtakt-pa-skutberget\/\">Skutberget<\/a><\/span>. Nu har kommunen s\u00e5lt delar av den till n\u00e5gon som inte bryr sig och st\u00e4ngt resten, eftersom politikerna inte heller bryr sig. Resultatet blev att motion\u00e4rer som anv\u00e4nt motionscentralen nu str\u00f6mmar s\u00f6derut till en anl\u00e4ggning i grannkommunen Hammar\u00f6. Precis som de gjort i m\u00e5nga \u00e5r till grannkommunen Forshaga n\u00e5gra mil norrut, n\u00e4r de velat \u00e5ka skidor.<\/p>\n<p>Friskv\u00e5rd via l\u00e4\u00e4\u00e4ngre och l\u00e4\u00e4\u00e4ngre rattr\u00f6relser.<\/p>\n<p>Siffran 100 000 som n\u00e4mns \u00e4r det m\u00e5l Karlstads politiker satt upp. S\u00e5 m\u00e5nga inv\u00e5nare vill de ha att best\u00e4mma \u00f6ver, f\u00f6r d\u00e5 blir allting bra.<\/p>\n<p>&nbsp;<\/p>\n<hr \/>\n<p><em><a href=\"https:\/\/sven-ove.nu\/?attachment_id=16883\" rel=\"attachment wp-att-16883\"><img loading=\"lazy\" decoding=\"async\" class=\"size-medium wp-image-16883 alignnone\" src=\"https:\/\/sven-ove.nu\/wp-content\/uploads\/2017\/01\/Mystiskapunkterna-300x147.jpg\" alt=\"\" width=\"300\" height=\"147\" srcset=\"https:\/\/sven-ove.nu\/wp-content\/uploads\/2017\/01\/Mystiskapunkterna-300x147.jpg 300w, https:\/\/sven-ove.nu\/wp-content\/uploads\/2017\/01\/Mystiskapunkterna-768x376.jpg 768w, https:\/\/sven-ove.nu\/wp-content\/uploads\/2017\/01\/Mystiskapunkterna-1024x501.jpg 1024w, https:\/\/sven-ove.nu\/wp-content\/uploads\/2017\/01\/Mystiskapunkterna.jpg 1800w\" sizes=\"auto, (max-width: 300px) 100vw, 300px\" \/><\/a><br \/>\n<\/em><\/p>\n<p><em>PS. Till er som undrat vad <span style=\"color: #0000ff;\"><a style=\"color: #0000ff;\" href=\"https:\/\/sven-ove.nu\/?p=16879\">g\u00e5rdagens karta<\/a><\/span> \u00f6ver Spanien med omnejd f\u00f6rest\u00e4ller: de svarta punkterna och de vita, ofyllda, \u00e4r bilden av tv\u00e5 superkolonier av myror. Ett av myrsamh\u00e4llena \u00e4r 600 mil l\u00e5ngt, s\u00e4ger forskarna. 600 mil av myror som inte sl\u00e5ss med varandra, vilket de g\u00f6r med alla andra. DS.<\/em><\/p>\n<p><span style=\"color: #0000ff;\"><a style=\"color: #0000ff;\" href=\"https:\/\/sven-ove.nu\/\">Hem<\/a><\/span>\u00a0|\u00a0<span style=\"color: #0000ff;\"><a style=\"color: #0000ff;\" href=\"https:\/\/sven-ove.nu\/?page_id=170\">Om mig<\/a><\/span>\u00a0|\u00a0<span style=\"color: #0000ff;\"><a style=\"color: #0000ff;\" href=\"https:\/\/sven-ove.nu\/?page_id=1385\">Skriva &amp; prata<\/a><\/span>\u00a0|\u00a0<span style=\"color: #0000ff;\"><a style=\"color: #0000ff;\" href=\"https:\/\/sven-ove.nu\/?page_id=100\">Politik<\/a><\/span>\u00a0|\u00a0<span style=\"color: #0000ff;\"><a style=\"color: #0000ff;\" href=\"https:\/\/sven-ove.nu\/?page_id=102\">L\u00f6pa<\/a><\/span>\u00a0|\u00a0<span style=\"color: #0000ff;\"><a style=\"color: #0000ff;\" href=\"https:\/\/sven-ove.nu\/?page_id=108\">Viktor Root<\/a><\/span>\u00a0| <a href=\"https:\/\/sven-ove.nu\/?page_id=15908\"><span style=\"color: #0000ff;\">Firman<\/span>\u00a0<\/a>|\u00a0<span style=\"color: #0000ff;\"><a style=\"color: #0000ff;\" href=\"https:\/\/sven-ove.nu\/?page_id=15638\">K\u00f4ppra<\/a><\/span><\/p>\n","protected":false},"excerpt":{"rendered":"<p>Min v\u00e4n mopedgubben, parkb\u00e4nkskommentatorn och misslyckade tryckkokarkonstrukt\u00f6ren Viktor Root har t\u00e4nkt p\u00e5 en sak. Det blev en dikt igen till hans samling Sanningar. Bakgrunden om storebror Karlstad och dess sm\u00e5grannar hittar du nedan. Sanningen om friskv\u00e5rden F\u00f6rr fanns Karlstads b\u00e4sta skidsp\u00e5r i Forshaga Nu heter stans b\u00e4sta motionscentral Kileneg\u00e5rden p\u00e5 Hammar\u00f6 Ju st\u00f6rre stan blir &hellip; <a href=\"https:\/\/sven-ove.nu\/?p=16891\" class=\"more-link\">Forts\u00e4tt l\u00e4sa <span class=\"screen-reader-text\">Friskv\u00e5rd via ut\u00f6kade rattr\u00f6relser<\/span><\/a><\/p>\n","protected":false},"author":1,"featured_media":0,"comment_status":"open","ping_status":"open","sticky":false,"template":"","format":"standard","meta":{"_crdt_document":"","_monsterinsights_skip_tracking":false,"_monsterinsights_sitenote_active":false,"_monsterinsights_sitenote_note":"","_monsterinsights_sitenote_category":0,"footnotes":""},"categories":[5,9,11],"tags":[16,25],"class_list":["post-16891","post","type-post","status-publish","format-standard","hentry","category-lopning","category-politik","category-viktor-root","tag-dumheter","tag-kartan"],"_links":{"self":[{"href":"https:\/\/sven-ove.nu\/index.php?rest_route=\/wp\/v2\/posts\/16891","targetHints":{"allow":["GET"]}}],"collection":[{"href":"https:\/\/sven-ove.nu\/index.php?rest_route=\/wp\/v2\/posts"}],"about":[{"href":"https:\/\/sven-ove.nu\/index.php?rest_route=\/wp\/v2\/types\/post"}],"author":[{"embeddable":true,"href":"https:\/\/sven-ove.nu\/index.php?rest_route=\/wp\/v2\/users\/1"}],"replies":[{"embeddable":true,"href":"https:\/\/sven-ove.nu\/index.php?rest_route=%2Fwp%2Fv2%2Fcomments&post=16891"}],"version-history":[{"count":9,"href":"https:\/\/sven-ove.nu\/index.php?rest_route=\/wp\/v2\/posts\/16891\/revisions"}],"predecessor-version":[{"id":16900,"href":"https:\/\/sven-ove.nu\/index.php?rest_route=\/wp\/v2\/posts\/16891\/revisions\/16900"}],"wp:attachment":[{"href":"https:\/\/sven-ove.nu\/index.php?rest_route=%2Fwp%2Fv2%2Fmedia&parent=16891"}],"wp:term":[{"taxonomy":"category","embeddable":true,"href":"https:\/\/sven-ove.nu\/index.php?rest_route=%2Fwp%2Fv2%2Fcategories&post=16891"},{"taxonomy":"post_tag","embeddable":true,"href":"https:\/\/sven-ove.nu\/index.php?rest_route=%2Fwp%2Fv2%2Ftags&post=16891"}],"curies":[{"name":"wp","href":"https:\/\/api.w.org\/{rel}","templated":true}]}}