{"id":16901,"date":"2017-01-21T03:00:12","date_gmt":"2017-01-21T02:00:12","guid":{"rendered":"http:\/\/sven-ove.nu\/?p=16901"},"modified":"2017-01-21T09:47:54","modified_gmt":"2017-01-21T08:47:54","slug":"ni-som-vida-overglanser-alla-oss-mediokra-politiker","status":"publish","type":"post","link":"https:\/\/sven-ove.nu\/?p=16901","title":{"rendered":"\u201dNi som vida \u00f6vergl\u00e4nser alla oss mediokra politiker\u201d"},"content":{"rendered":"<p><a href=\"https:\/\/sven-ove.nu\/?attachment_id=13808\" rel=\"attachment wp-att-13808\"><img loading=\"lazy\" decoding=\"async\" class=\"size-full wp-image-13808 alignnone\" src=\"https:\/\/sven-ove.nu\/wp-content\/uploads\/2016\/01\/\u00d6ver.jpg\" alt=\"\" width=\"526\" height=\"520\" srcset=\"https:\/\/sven-ove.nu\/wp-content\/uploads\/2016\/01\/\u00d6ver.jpg 526w, https:\/\/sven-ove.nu\/wp-content\/uploads\/2016\/01\/\u00d6ver-300x297.jpg 300w\" sizes=\"auto, (max-width: 526px) 100vw, 526px\" \/><\/a><\/p>\n<blockquote><p>Nu \u00e4r det drygt ett och ett halvt \u00e5r kvar till n\u00e4sta val, skriver en v\u00e4n p\u00e5 Facebook. Han heter Bj\u00f6rn och \u00e4r kommunpolitiker. I inl\u00e4gget l\u00e5ter han ironisk och samtidigt besviken.<\/p><\/blockquote>\n<p>\u00c4r det inte dags att alla dessa oerh\u00f6rt kunniga kommentatorer b\u00f6rjar engagera sig sj\u00e4lva i politiken? fr\u00e5gar han. De som \u00e4r s\u00e5 \u201dv\u00e4ldigt kunniga och som vida \u00f6vergl\u00e4nser alla oss mediokra politiker som idag \u00e4r valda till olika uppdrag\u201d.<\/p>\n<p>Bj\u00f6rn forts\u00e4tter: \u201dvisst \u00e4r det v\u00e4l synd att de som uppenbarligen anser sig kunna mest om politik v\u00e4ljer att st\u00e4lla sig utanf\u00f6r den m\u00f6jligheten att p\u00e5verka. Det m\u00e5ste ju vara frustrerande att med all denna kunskap st\u00e5 vid sidan om och bevittna hur de mediokra f\u00f6rd\u00e4rvar utvecklingen\u201d.<\/p>\n<p><strong>N\u00e4ra sanningen<br \/>\n<\/strong>Jag gillar honom. Ibland tycker vi olika men han \u00e4r en outtr\u00f6ttlig k\u00e4mpe och det \u00e4r alltid intressant att k\u00e4fta med honom n\u00e4r vi n\u00e5gon g\u00e5ng \u00e4r oense. 1997 var Bj\u00f6rn med och organiserade LO V\u00e4rmlands l\u00e4roresa till Auschwitz. Den gl\u00f6mmer jag aldrig.<\/p>\n<p>S\u00e5h\u00e4r svarade jag den trogne socialdemokraten p\u00e5 hans inl\u00e4gg:<\/p>\n<p>\u201dBegriper att det finns ett st\u00e4nk av ironi i din text, Bj\u00f6rn \ud83d\ude09 V\u00e4rst av allt \u00e4r att ironin delvis ligger r\u00e4tt n\u00e4ra sanningen. Det finns en skara mycket politiskt intresserade och kunniga m\u00e4nniskor som skulle kunna tillf\u00f6ra mycket i politiken men som inte kan t\u00e4nka sig att g\u00e5 med i n\u00e5got parti. Ser man till mina kretsar s\u00e5 tror jag att den utvecklingen b\u00f6rjade efter folkomr\u00f6stningen om k\u00e4rnkraft, d\u00e5 m\u00e5nga blev besvikna p\u00e5 (S) och sedan har det fortsatt med andra fr\u00e5gor, fr\u00e5n f\u00f6rdelningspolitik till EU och senast flyktingpolitiken\u201d.<\/p>\n<p><strong>Gr\u00f6n, oberoende och utj\u00e4mnande<br \/>\n<\/strong>Jag kunde ha fortsatt ungef\u00e4r s\u00e5h\u00e4r:<\/p>\n<p>F\u00f6r mig b\u00f6r socialismen vara demokratisk. Politiken b\u00f6r j\u00e4mna ut klyftor. Den b\u00f6r vara gr\u00f6n och milj\u00f6v\u00e4nlig, gilla m\u00e5ngfald, folkvett och g\u00e4stfrihet. Den b\u00f6r verka f\u00f6r att vi f\u00e5r fler politiker och inte f\u00e4rre i landet, f\u00f6rmodligen f\u00f6rstatliga sjukv\u00e5rden men undvika kolosser till storkommuner och j\u00e4tteregioner. Den b\u00f6r arbeta f\u00f6r r\u00e4ttvisa mellan k\u00f6nen. Den b\u00f6r h\u00e5lla sig neutral mellan stormakter som Kina, Ryssland och USA och st\u00e4rka f\u00f6rsvaret i en orolig v\u00e4rld. Den b\u00f6r v\u00e4nta med att skicka in Sverige i \u00f6verstatliga unionsbildningar tills de deltagande l\u00e4nderna \u00e4r n\u00e5gorlunda lika, demokratiskt och ekonomiskt.<\/p>\n<p>Det partiet finns tyv\u00e4rr inte. Kompromissa m\u00e5ste en g\u00f6ra ibland, men f\u00f6r mig blir kompromissen f\u00f6r stor f\u00f6r att g\u00e5 med n\u00e5gonstans, \u00e4ven d\u00e4r grundideoligin st\u00e4mmer. S\u00e5 \u00e4r det f\u00f6r mig och s\u00e5 \u00e4r det f\u00f6r m\u00e5nga av mina meningsfr\u00e4nder.<\/p>\n<p>Detta \u00e4r jag ledsen \u00f6ver.<br \/>\nDet <strong>\u00e4r<\/strong> frustrerande att st\u00e5 vid sidan.<\/p>\n<p style=\"text-align: left; padding-left: 30px;\"><em><span style=\"color: #ff0000;\"><strong>###<\/strong><\/span> Citatet p\u00e5 bilden ovan \u00e4r fr\u00e5n min och tecknaren Robert Nybergs bok <span style=\"color: #ff0000;\"><a style=\"color: #ff0000;\" href=\"http:\/\/libris.kb.se\/bib\/10257477\">Ordbok<\/a><\/span> (Utbildningsf\u00f6rlaget Brevskolan\u00a01997).<\/em><\/p>\n<p><span style=\"color: #0000ff;\"><a style=\"color: #0000ff;\" href=\"https:\/\/sven-ove.nu\/\">Hem<\/a><\/span>\u00a0|\u00a0<span style=\"color: #0000ff;\"><a style=\"color: #0000ff;\" href=\"https:\/\/sven-ove.nu\/?page_id=170\">Om mig<\/a><\/span>\u00a0|\u00a0<span style=\"color: #0000ff;\"><a style=\"color: #0000ff;\" href=\"https:\/\/sven-ove.nu\/?page_id=1385\">Skriva &amp; prata<\/a><\/span>\u00a0|\u00a0<span style=\"color: #0000ff;\"><a style=\"color: #0000ff;\" href=\"https:\/\/sven-ove.nu\/?page_id=100\">Politik<\/a><\/span>\u00a0|\u00a0<span style=\"color: #0000ff;\"><a style=\"color: #0000ff;\" href=\"https:\/\/sven-ove.nu\/?page_id=102\">L\u00f6pa<\/a><\/span>\u00a0|\u00a0<span style=\"color: #0000ff;\"><a style=\"color: #0000ff;\" href=\"https:\/\/sven-ove.nu\/?page_id=108\">Viktor Root<\/a><\/span>\u00a0| <a href=\"https:\/\/sven-ove.nu\/?page_id=15908\"><span style=\"color: #0000ff;\">Firman<\/span>\u00a0<\/a>|\u00a0<span style=\"color: #0000ff;\"><a style=\"color: #0000ff;\" href=\"https:\/\/sven-ove.nu\/?page_id=15638\">K\u00f4ppra<\/a><\/span><\/p>\n","protected":false},"excerpt":{"rendered":"<p>Nu \u00e4r det drygt ett och ett halvt \u00e5r kvar till n\u00e4sta val, skriver en v\u00e4n p\u00e5 Facebook. Han heter Bj\u00f6rn och \u00e4r kommunpolitiker. I inl\u00e4gget l\u00e5ter han ironisk och samtidigt besviken. \u00c4r det inte dags att alla dessa oerh\u00f6rt kunniga kommentatorer b\u00f6rjar engagera sig sj\u00e4lva i politiken? fr\u00e5gar han. De som \u00e4r s\u00e5 \u201dv\u00e4ldigt &hellip; <a href=\"https:\/\/sven-ove.nu\/?p=16901\" class=\"more-link\">Forts\u00e4tt l\u00e4sa <span class=\"screen-reader-text\">\u201dNi som vida \u00f6vergl\u00e4nser alla oss mediokra politiker\u201d<\/span><\/a><\/p>\n","protected":false},"author":1,"featured_media":0,"comment_status":"open","ping_status":"open","sticky":false,"template":"","format":"standard","meta":{"_crdt_document":"","_monsterinsights_skip_tracking":false,"_monsterinsights_sitenote_active":false,"_monsterinsights_sitenote_note":"","_monsterinsights_sitenote_category":0,"footnotes":""},"categories":[9],"tags":[18,17],"class_list":["post-16901","post","type-post","status-publish","format-standard","hentry","category-politik","tag-lardomar","tag-solidaritet"],"_links":{"self":[{"href":"https:\/\/sven-ove.nu\/index.php?rest_route=\/wp\/v2\/posts\/16901","targetHints":{"allow":["GET"]}}],"collection":[{"href":"https:\/\/sven-ove.nu\/index.php?rest_route=\/wp\/v2\/posts"}],"about":[{"href":"https:\/\/sven-ove.nu\/index.php?rest_route=\/wp\/v2\/types\/post"}],"author":[{"embeddable":true,"href":"https:\/\/sven-ove.nu\/index.php?rest_route=\/wp\/v2\/users\/1"}],"replies":[{"embeddable":true,"href":"https:\/\/sven-ove.nu\/index.php?rest_route=%2Fwp%2Fv2%2Fcomments&post=16901"}],"version-history":[{"count":13,"href":"https:\/\/sven-ove.nu\/index.php?rest_route=\/wp\/v2\/posts\/16901\/revisions"}],"predecessor-version":[{"id":16919,"href":"https:\/\/sven-ove.nu\/index.php?rest_route=\/wp\/v2\/posts\/16901\/revisions\/16919"}],"wp:attachment":[{"href":"https:\/\/sven-ove.nu\/index.php?rest_route=%2Fwp%2Fv2%2Fmedia&parent=16901"}],"wp:term":[{"taxonomy":"category","embeddable":true,"href":"https:\/\/sven-ove.nu\/index.php?rest_route=%2Fwp%2Fv2%2Fcategories&post=16901"},{"taxonomy":"post_tag","embeddable":true,"href":"https:\/\/sven-ove.nu\/index.php?rest_route=%2Fwp%2Fv2%2Ftags&post=16901"}],"curies":[{"name":"wp","href":"https:\/\/api.w.org\/{rel}","templated":true}]}}