{"id":16920,"date":"2017-01-22T03:00:50","date_gmt":"2017-01-22T02:00:50","guid":{"rendered":"http:\/\/sven-ove.nu\/?p=16920"},"modified":"2017-01-21T21:39:35","modified_gmt":"2017-01-21T20:39:35","slug":"den-nye-och-chansen","status":"publish","type":"post","link":"https:\/\/sven-ove.nu\/?p=16920","title":{"rendered":"Den nye och chansen"},"content":{"rendered":"<p><a href=\"https:\/\/sven-ove.nu\/?attachment_id=16922\" rel=\"attachment wp-att-16922\"><img loading=\"lazy\" decoding=\"async\" class=\"size-large wp-image-16922 alignnone\" src=\"https:\/\/sven-ove.nu\/wp-content\/uploads\/2017\/01\/Macbeths-krona-1024x1024.jpg\" alt=\"\" width=\"660\" height=\"660\" srcset=\"https:\/\/sven-ove.nu\/wp-content\/uploads\/2017\/01\/Macbeths-krona-1024x1024.jpg 1024w, https:\/\/sven-ove.nu\/wp-content\/uploads\/2017\/01\/Macbeths-krona-150x150.jpg 150w, https:\/\/sven-ove.nu\/wp-content\/uploads\/2017\/01\/Macbeths-krona-300x300.jpg 300w, https:\/\/sven-ove.nu\/wp-content\/uploads\/2017\/01\/Macbeths-krona-768x768.jpg 768w\" sizes=\"auto, (max-width: 660px) 100vw, 660px\" \/><\/a><\/p>\n<blockquote><p>Den b\u00f6rjar dyka upp lite varstans ifr\u00e5n, kommentaren p\u00e5 stan och p\u00e5 Facebook och ins\u00e4ndarsidor. \u00c4ven fr\u00e5n h\u00e5ll d\u00e4r jag minst anade det:<\/p>\n<p>\u201dGe honom en chans.\u201d<\/p><\/blockquote>\n<p>&#8221;Obama f\u00f6rde krig precis som sina f\u00f6reg\u00e5ngare&#8221;, menar de i en sorts omv\u00e4nd k\u00e5lsuparteori. &#8221;Det kommer kanske inte den nye att g\u00f6ra, l\u00e5t oss avvakta och se&#8221;.<\/p>\n<p>Jag tar mig f\u00f6r pannan och minns vad han sagt hittills, den nye. Rasisten. Den kvinnofientlige. Homofoben. Sjukf\u00f6rs\u00e4kringsmotst\u00e5ndaren. Klimatskeptikern. Den inskr\u00e4nkte nationalisten. H\u00e5naren av folk med funktionsneds\u00e4ttning. Hataren av journalistisk granskning. Miljard\u00e4ren med stortruten som tror att han sj\u00e4lv inte tillh\u00f6r makteliten, n\u00e4r han st\u00e5r mitt ibland h\u00f6gdjuren som deras h\u00f6gsta h\u00f6ns p\u00e5 Capitoliums trappa.<\/p>\n<p>\u00c4r det n\u00e5got som den karln INTE \u00e4r v\u00e4rd, s\u00e5 \u00e4r det en chans.<\/p>\n<p style=\"padding-left: 30px; text-align: right;\"><em>(Bilden fr\u00e5n Maxim-teatern,<br \/>\ninf\u00f6r f\u00f6rest\u00e4llningen av <span style=\"color: #0000ff;\"><a style=\"color: #0000ff;\" href=\"http:\/\/www.maximteatern.com\/forestallningar\/macbeth\/\">Macbeth<\/a><\/span>).<\/em><\/p>\n<p><span style=\"color: #0000ff;\"><a style=\"color: #0000ff;\" href=\"https:\/\/sven-ove.nu\/\">Hem<\/a><\/span>\u00a0|\u00a0<span style=\"color: #0000ff;\"><a style=\"color: #0000ff;\" href=\"https:\/\/sven-ove.nu\/?page_id=170\">Om mig<\/a><\/span>\u00a0|\u00a0<span style=\"color: #0000ff;\"><a style=\"color: #0000ff;\" href=\"https:\/\/sven-ove.nu\/?page_id=1385\">Skriva &amp; prata<\/a><\/span>\u00a0|\u00a0<span style=\"color: #0000ff;\"><a style=\"color: #0000ff;\" href=\"https:\/\/sven-ove.nu\/?page_id=100\">Politik<\/a><\/span>\u00a0|\u00a0<span style=\"color: #0000ff;\"><a style=\"color: #0000ff;\" href=\"https:\/\/sven-ove.nu\/?page_id=102\">L\u00f6pa<\/a><\/span>\u00a0|\u00a0<span style=\"color: #0000ff;\"><a style=\"color: #0000ff;\" href=\"https:\/\/sven-ove.nu\/?page_id=108\">Viktor Root<\/a><\/span>\u00a0| <a href=\"https:\/\/sven-ove.nu\/?page_id=15908\"><span style=\"color: #0000ff;\">Firman<\/span>\u00a0<\/a>|\u00a0<span style=\"color: #0000ff;\"><a style=\"color: #0000ff;\" href=\"https:\/\/sven-ove.nu\/?page_id=15638\">K\u00f4ppra<\/a><\/span><\/p>\n","protected":false},"excerpt":{"rendered":"<p>Den b\u00f6rjar dyka upp lite varstans ifr\u00e5n, kommentaren p\u00e5 stan och p\u00e5 Facebook och ins\u00e4ndarsidor. \u00c4ven fr\u00e5n h\u00e5ll d\u00e4r jag minst anade det: \u201dGe honom en chans.\u201d &#8221;Obama f\u00f6rde krig precis som sina f\u00f6reg\u00e5ngare&#8221;, menar de i en sorts omv\u00e4nd k\u00e5lsuparteori. &#8221;Det kommer kanske inte den nye att g\u00f6ra, l\u00e5t oss avvakta och se&#8221;. Jag &hellip; <a href=\"https:\/\/sven-ove.nu\/?p=16920\" class=\"more-link\">Forts\u00e4tt l\u00e4sa <span class=\"screen-reader-text\">Den nye och chansen<\/span><\/a><\/p>\n","protected":false},"author":1,"featured_media":0,"comment_status":"open","ping_status":"open","sticky":false,"template":"","format":"standard","meta":{"_crdt_document":"","_monsterinsights_skip_tracking":false,"_monsterinsights_sitenote_active":false,"_monsterinsights_sitenote_note":"","_monsterinsights_sitenote_category":0,"footnotes":""},"categories":[9],"tags":[16],"class_list":["post-16920","post","type-post","status-publish","format-standard","hentry","category-politik","tag-dumheter"],"_links":{"self":[{"href":"https:\/\/sven-ove.nu\/index.php?rest_route=\/wp\/v2\/posts\/16920","targetHints":{"allow":["GET"]}}],"collection":[{"href":"https:\/\/sven-ove.nu\/index.php?rest_route=\/wp\/v2\/posts"}],"about":[{"href":"https:\/\/sven-ove.nu\/index.php?rest_route=\/wp\/v2\/types\/post"}],"author":[{"embeddable":true,"href":"https:\/\/sven-ove.nu\/index.php?rest_route=\/wp\/v2\/users\/1"}],"replies":[{"embeddable":true,"href":"https:\/\/sven-ove.nu\/index.php?rest_route=%2Fwp%2Fv2%2Fcomments&post=16920"}],"version-history":[{"count":12,"href":"https:\/\/sven-ove.nu\/index.php?rest_route=\/wp\/v2\/posts\/16920\/revisions"}],"predecessor-version":[{"id":16933,"href":"https:\/\/sven-ove.nu\/index.php?rest_route=\/wp\/v2\/posts\/16920\/revisions\/16933"}],"wp:attachment":[{"href":"https:\/\/sven-ove.nu\/index.php?rest_route=%2Fwp%2Fv2%2Fmedia&parent=16920"}],"wp:term":[{"taxonomy":"category","embeddable":true,"href":"https:\/\/sven-ove.nu\/index.php?rest_route=%2Fwp%2Fv2%2Fcategories&post=16920"},{"taxonomy":"post_tag","embeddable":true,"href":"https:\/\/sven-ove.nu\/index.php?rest_route=%2Fwp%2Fv2%2Ftags&post=16920"}],"curies":[{"name":"wp","href":"https:\/\/api.w.org\/{rel}","templated":true}]}}