{"id":16941,"date":"2017-01-25T03:00:47","date_gmt":"2017-01-25T02:00:47","guid":{"rendered":"http:\/\/sven-ove.nu\/?p=16941"},"modified":"2017-01-24T11:45:10","modified_gmt":"2017-01-24T10:45:10","slug":"becket-anade-allt","status":"publish","type":"post","link":"https:\/\/sven-ove.nu\/?p=16941","title":{"rendered":"Anade Becket allt?"},"content":{"rendered":"<p>Ibland k\u00e4nns det som om nobelpristagaren Samuel Becket f\u00f6ruts\u00e5g n\u00e5gonting p\u00e5 sidan 46 i pj\u00e4sen om de tv\u00e5 v\u00e4ntande luffarna. Jas\u00e5, n\u00e4tdans, jas\u00e5 trasslat in sig, jo, nog k\u00e4nns det bekant. Ett j\u00e4dra tissel, tassel och trassel har det blivit av det d\u00e4r <span style=\"color: #000000;\"><a style=\"color: #000000;\" href=\"https:\/\/sv.wikipedia.org\/wiki\/Internet\">n\u00e4tet<\/a><\/span>.<\/p>\n<p>Sitter du fast min v\u00e4n?<br \/>\nN\u00e4t \u00e4r till f\u00f6r det.<\/p>\n<p><a href=\"https:\/\/sven-ove.nu\/?attachment_id=16943\" rel=\"attachment wp-att-16943\"><img loading=\"lazy\" decoding=\"async\" class=\"size-large wp-image-16943 alignnone\" src=\"https:\/\/sven-ove.nu\/wp-content\/uploads\/2017\/01\/Ur-I-v\u00e4ntan-p\u00e5-Godot-1024x493.jpg\" alt=\"\" width=\"660\" height=\"318\" srcset=\"https:\/\/sven-ove.nu\/wp-content\/uploads\/2017\/01\/Ur-I-v\u00e4ntan-p\u00e5-Godot-1024x493.jpg 1024w, https:\/\/sven-ove.nu\/wp-content\/uploads\/2017\/01\/Ur-I-v\u00e4ntan-p\u00e5-Godot-300x145.jpg 300w, https:\/\/sven-ove.nu\/wp-content\/uploads\/2017\/01\/Ur-I-v\u00e4ntan-p\u00e5-Godot-768x370.jpg 768w\" sizes=\"auto, (max-width: 660px) 100vw, 660px\" \/><\/a><\/p>\n<p style=\"padding-left: 30px;\"><em>(Ur Samuel Beckets pj\u00e4s I v\u00e4ntan p\u00e5 Godot).<\/em><\/p>\n<p><span style=\"color: #000000;\"><strong>###<\/strong><\/span> Om <strong><span style=\"color: #000000;\"><a style=\"color: #000000;\" href=\"https:\/\/www.oppetarkiv.se\/video\/1072615\/i-vantan-pa-godot\">I v\u00e4ntan p\u00e5 Godot<\/a><\/span><\/strong> hade utspelat sig i sms-\u00e5ldern hade pj\u00e4sen blivit 1 timme och 51 minuter kortare:<\/p>\n<p style=\"padding-left: 30px;\"><em>Jag kan inte komma i dag.<br \/>\n<\/em><em><span style=\"color: #3366ff;\">D\u00e5 drar vi nu. Ses i morrn?<\/span><br \/>\n<\/em><em>Typ.<\/em><\/p>\n<p style=\"padding-left: 30px;\"><em>SLUT<\/em><\/p>\n<p><span style=\"color: #ff9900;\"><a style=\"color: #ff9900;\" href=\"https:\/\/sven-ove.nu\/\">Hem<\/a><\/span>\u00a0|\u00a0<span style=\"color: #ff9900;\"><a style=\"color: #ff9900;\" href=\"https:\/\/sven-ove.nu\/?page_id=170\">Om mig<\/a><\/span>\u00a0|\u00a0<span style=\"color: #ff9900;\"><a style=\"color: #ff9900;\" href=\"https:\/\/sven-ove.nu\/?page_id=1385\">Skriva &amp; prata<\/a><\/span>\u00a0|\u00a0<span style=\"color: #ff9900;\"><a style=\"color: #ff9900;\" href=\"https:\/\/sven-ove.nu\/?page_id=100\">Politik<\/a><\/span>\u00a0|\u00a0<span style=\"color: #ff9900;\"><a style=\"color: #ff9900;\" href=\"https:\/\/sven-ove.nu\/?page_id=102\">L\u00f6pa<\/a><\/span>\u00a0|\u00a0<span style=\"color: #ff9900;\"><a style=\"color: #ff9900;\" href=\"https:\/\/sven-ove.nu\/?page_id=108\">Viktor Root<\/a><\/span>\u00a0| <a href=\"https:\/\/sven-ove.nu\/?page_id=15908\"><span style=\"color: #ff9900;\">Firman<\/span>\u00a0<\/a>|\u00a0<span style=\"color: #ff9900;\"><a style=\"color: #ff9900;\" href=\"https:\/\/sven-ove.nu\/?page_id=15638\">K\u00f4ppra<\/a><\/span><\/p>\n","protected":false},"excerpt":{"rendered":"<p>Ibland k\u00e4nns det som om nobelpristagaren Samuel Becket f\u00f6ruts\u00e5g n\u00e5gonting p\u00e5 sidan 46 i pj\u00e4sen om de tv\u00e5 v\u00e4ntande luffarna. Jas\u00e5, n\u00e4tdans, jas\u00e5 trasslat in sig, jo, nog k\u00e4nns det bekant. Ett j\u00e4dra tissel, tassel och trassel har det blivit av det d\u00e4r n\u00e4tet. Sitter du fast min v\u00e4n? N\u00e4t \u00e4r till f\u00f6r det. (Ur &hellip; <a href=\"https:\/\/sven-ove.nu\/?p=16941\" class=\"more-link\">Forts\u00e4tt l\u00e4sa <span class=\"screen-reader-text\">Anade Becket allt?<\/span><\/a><\/p>\n","protected":false},"author":1,"featured_media":0,"comment_status":"open","ping_status":"open","sticky":false,"template":"","format":"standard","meta":{"_crdt_document":"","_monsterinsights_skip_tracking":false,"_monsterinsights_sitenote_active":false,"_monsterinsights_sitenote_note":"","_monsterinsights_sitenote_category":0,"footnotes":""},"categories":[28,4],"tags":[18,15,21,13],"class_list":["post-16941","post","type-post","status-publish","format-standard","hentry","category-kreativt-folk","category-skrivande","tag-lardomar","tag-mediedjungeln","tag-ord","tag-utrustning"],"_links":{"self":[{"href":"https:\/\/sven-ove.nu\/index.php?rest_route=\/wp\/v2\/posts\/16941","targetHints":{"allow":["GET"]}}],"collection":[{"href":"https:\/\/sven-ove.nu\/index.php?rest_route=\/wp\/v2\/posts"}],"about":[{"href":"https:\/\/sven-ove.nu\/index.php?rest_route=\/wp\/v2\/types\/post"}],"author":[{"embeddable":true,"href":"https:\/\/sven-ove.nu\/index.php?rest_route=\/wp\/v2\/users\/1"}],"replies":[{"embeddable":true,"href":"https:\/\/sven-ove.nu\/index.php?rest_route=%2Fwp%2Fv2%2Fcomments&post=16941"}],"version-history":[{"count":20,"href":"https:\/\/sven-ove.nu\/index.php?rest_route=\/wp\/v2\/posts\/16941\/revisions"}],"predecessor-version":[{"id":16962,"href":"https:\/\/sven-ove.nu\/index.php?rest_route=\/wp\/v2\/posts\/16941\/revisions\/16962"}],"wp:attachment":[{"href":"https:\/\/sven-ove.nu\/index.php?rest_route=%2Fwp%2Fv2%2Fmedia&parent=16941"}],"wp:term":[{"taxonomy":"category","embeddable":true,"href":"https:\/\/sven-ove.nu\/index.php?rest_route=%2Fwp%2Fv2%2Fcategories&post=16941"},{"taxonomy":"post_tag","embeddable":true,"href":"https:\/\/sven-ove.nu\/index.php?rest_route=%2Fwp%2Fv2%2Ftags&post=16941"}],"curies":[{"name":"wp","href":"https:\/\/api.w.org\/{rel}","templated":true}]}}