{"id":16970,"date":"2017-01-27T03:00:57","date_gmt":"2017-01-27T02:00:57","guid":{"rendered":"http:\/\/sven-ove.nu\/?p=16970"},"modified":"2017-01-26T18:05:19","modified_gmt":"2017-01-26T17:05:19","slug":"ledsen-tacksam-och-hjalplos","status":"publish","type":"post","link":"https:\/\/sven-ove.nu\/?p=16970","title":{"rendered":"Ledsen, tacksam och hj\u00e4lpl\u00f6s"},"content":{"rendered":"<p style=\"padding-left: 30px;\"><a href=\"https:\/\/sven-ove.nu\/?attachment_id=16974\" rel=\"attachment wp-att-16974\"><img loading=\"lazy\" decoding=\"async\" class=\"size-medium wp-image-16974 alignnone\" src=\"https:\/\/sven-ove.nu\/wp-content\/uploads\/2017\/01\/Dimma-300x300.jpg\" alt=\"\" width=\"300\" height=\"300\" srcset=\"https:\/\/sven-ove.nu\/wp-content\/uploads\/2017\/01\/Dimma-300x300.jpg 300w, https:\/\/sven-ove.nu\/wp-content\/uploads\/2017\/01\/Dimma-150x150.jpg 150w, https:\/\/sven-ove.nu\/wp-content\/uploads\/2017\/01\/Dimma-768x768.jpg 768w, https:\/\/sven-ove.nu\/wp-content\/uploads\/2017\/01\/Dimma-1024x1024.jpg 1024w\" sizes=\"auto, (max-width: 300px) 100vw, 300px\" \/><\/a><\/p>\n<p>En g\u00e5ng i tiden plockade m\u00e4nniskan l\u00e4kande \u00f6rter och bad till gudarna n\u00e4r de blev sjuka. En del av \u00f6rterna fungerar \u00e4n i dag och tron kan f\u00f6rs\u00e4tta berg, s\u00e4ger man mig. Fast i dag har vi annan sjukv\u00e5rd. Den har v\u00e5r familj f\u00e5tt lov att studera alldeles f\u00f6r ing\u00e5ende, alldeles f\u00f6r ofta. Det \u00e4r jag ledsen f\u00f6r &#8211; men samtidigt tacksam.<\/p>\n<p>Vi \u00e4r s\u00e5 sk\u00f6ra fast vi \u00e4r starka.<\/p>\n<p>Ligger du d\u00e4r med ett hj\u00e4rta som dunkar 214 g\u00e5nger i minuten \u00e4r du glad om det <em>finns<\/em> n\u00e5gon som tar hand om dig. Blir n\u00e5gon i din n\u00e4rhet sjuk eller skadad och <em>beh\u00f6ver<\/em> avancerad v\u00e5rd \u00e4r det sannerligen sk\u00e4l att vara ledsen.<\/p>\n<p>Det \u00e4r denna klyvnad n\u00e4r en kliver innanf\u00f6r sjukhusets d\u00f6rrar. Visst \u00e4r det en lycka att leva i ett samh\u00e4lle som \u00e4r organiserat s\u00e5, att vi tar hand om varandra. Tillsammans. Visst \u00e4r det en tr\u00f6st.<\/p>\n<p>K\u00e4nslan av egen hj\u00e4lpl\u00f6shet i sjukrummet \u00e4r lika stor f\u00f6r det.<br \/>\nDen stavas \u201dVarf\u00f6r?\u201d.<\/p>\n<p style=\"padding-left: 30px;\"><span style=\"color: #ff0000;\"><strong><em>###<\/em><\/strong><\/span><em> Ordet v\u00e5rd har funnits i svenskan sedan 1766.<br \/>\n<\/em><span style=\"color: #ff0000;\"><strong><em>###<\/em><\/strong><\/span><em> Det kommer av fornsvenska var\u00feer &#8217;vakt; h\u00e4gn; v\u00e4ktare&#8217;, skriver Nationalencyklopedin, <span style=\"color: #000000;\"><a style=\"color: #000000;\" href=\"http:\/\/www.ne.se\">ne.se<\/a><\/span>.<br \/>\n<\/em><span style=\"color: #ff0000;\"><strong><em>###<\/em><\/strong><\/span><em> Jag l\u00e4ngtar efter ett \u00e5r utan bes\u00f6k hos v\u00e5rden f\u00f6r de mina. Nu \u00e4r jag tr\u00f6tt p\u00e5 fr\u00e5gan \u201dVarf\u00f6r?\u201d.<\/em><\/p>\n<p><span style=\"color: #0000ff;\"><a style=\"color: #0000ff;\" href=\"https:\/\/sven-ove.nu\/\">Hem<\/a><\/span>\u00a0|\u00a0<span style=\"color: #0000ff;\"><a style=\"color: #0000ff;\" href=\"https:\/\/sven-ove.nu\/?page_id=170\">Om mig<\/a><\/span>\u00a0|\u00a0<span style=\"color: #0000ff;\"><a style=\"color: #0000ff;\" href=\"https:\/\/sven-ove.nu\/?page_id=1385\">Skriva &amp; prata<\/a><\/span>\u00a0|\u00a0<span style=\"color: #0000ff;\"><a style=\"color: #0000ff;\" href=\"https:\/\/sven-ove.nu\/?page_id=100\">Politik<\/a><\/span>\u00a0|\u00a0<span style=\"color: #0000ff;\"><a style=\"color: #0000ff;\" href=\"https:\/\/sven-ove.nu\/?page_id=102\">L\u00f6pa<\/a><\/span>\u00a0|\u00a0<span style=\"color: #0000ff;\"><a style=\"color: #0000ff;\" href=\"https:\/\/sven-ove.nu\/?page_id=108\">Viktor Root<\/a><\/span>\u00a0| <a href=\"https:\/\/sven-ove.nu\/?page_id=15908\"><span style=\"color: #0000ff;\">Firman<\/span>\u00a0<\/a>|\u00a0<span style=\"color: #0000ff;\"><a style=\"color: #0000ff;\" href=\"https:\/\/sven-ove.nu\/?page_id=15638\">K\u00f4ppra<\/a><\/span><\/p>\n","protected":false},"excerpt":{"rendered":"<p>En g\u00e5ng i tiden plockade m\u00e4nniskan l\u00e4kande \u00f6rter och bad till gudarna n\u00e4r de blev sjuka. En del av \u00f6rterna fungerar \u00e4n i dag och tron kan f\u00f6rs\u00e4tta berg, s\u00e4ger man mig. Fast i dag har vi annan sjukv\u00e5rd. Den har v\u00e5r familj f\u00e5tt lov att studera alldeles f\u00f6r ing\u00e5ende, alldeles f\u00f6r ofta. Det \u00e4r &hellip; <a href=\"https:\/\/sven-ove.nu\/?p=16970\" class=\"more-link\">Forts\u00e4tt l\u00e4sa <span class=\"screen-reader-text\">Ledsen, tacksam och hj\u00e4lpl\u00f6s<\/span><\/a><\/p>\n","protected":false},"author":1,"featured_media":0,"comment_status":"open","ping_status":"open","sticky":false,"template":"","format":"standard","meta":{"_crdt_document":"","_monsterinsights_skip_tracking":false,"_monsterinsights_sitenote_active":false,"_monsterinsights_sitenote_note":"","_monsterinsights_sitenote_category":0,"footnotes":""},"categories":[10],"tags":[24,18],"class_list":["post-16970","post","type-post","status-publish","format-standard","hentry","category-familjen","tag-karlek","tag-lardomar"],"_links":{"self":[{"href":"https:\/\/sven-ove.nu\/index.php?rest_route=\/wp\/v2\/posts\/16970","targetHints":{"allow":["GET"]}}],"collection":[{"href":"https:\/\/sven-ove.nu\/index.php?rest_route=\/wp\/v2\/posts"}],"about":[{"href":"https:\/\/sven-ove.nu\/index.php?rest_route=\/wp\/v2\/types\/post"}],"author":[{"embeddable":true,"href":"https:\/\/sven-ove.nu\/index.php?rest_route=\/wp\/v2\/users\/1"}],"replies":[{"embeddable":true,"href":"https:\/\/sven-ove.nu\/index.php?rest_route=%2Fwp%2Fv2%2Fcomments&post=16970"}],"version-history":[{"count":10,"href":"https:\/\/sven-ove.nu\/index.php?rest_route=\/wp\/v2\/posts\/16970\/revisions"}],"predecessor-version":[{"id":16981,"href":"https:\/\/sven-ove.nu\/index.php?rest_route=\/wp\/v2\/posts\/16970\/revisions\/16981"}],"wp:attachment":[{"href":"https:\/\/sven-ove.nu\/index.php?rest_route=%2Fwp%2Fv2%2Fmedia&parent=16970"}],"wp:term":[{"taxonomy":"category","embeddable":true,"href":"https:\/\/sven-ove.nu\/index.php?rest_route=%2Fwp%2Fv2%2Fcategories&post=16970"},{"taxonomy":"post_tag","embeddable":true,"href":"https:\/\/sven-ove.nu\/index.php?rest_route=%2Fwp%2Fv2%2Ftags&post=16970"}],"curies":[{"name":"wp","href":"https:\/\/api.w.org\/{rel}","templated":true}]}}