{"id":16982,"date":"2017-01-28T03:00:22","date_gmt":"2017-01-28T02:00:22","guid":{"rendered":"http:\/\/sven-ove.nu\/?p=16982"},"modified":"2017-01-28T08:29:51","modified_gmt":"2017-01-28T07:29:51","slug":"16982","status":"publish","type":"post","link":"https:\/\/sven-ove.nu\/?p=16982","title":{"rendered":"Noggrann unders\u00f6kning av en sur"},"content":{"rendered":"<p><a href=\"https:\/\/sven-ove.nu\/?attachment_id=16988\" rel=\"attachment wp-att-16988\"><img loading=\"lazy\" decoding=\"async\" class=\"size-large wp-image-16988 alignnone\" src=\"https:\/\/sven-ove.nu\/wp-content\/uploads\/2017\/01\/Dylanb\u00f6cker-1024x812.jpg\" alt=\"\" width=\"660\" height=\"523\" srcset=\"https:\/\/sven-ove.nu\/wp-content\/uploads\/2017\/01\/Dylanb\u00f6cker-1024x812.jpg 1024w, https:\/\/sven-ove.nu\/wp-content\/uploads\/2017\/01\/Dylanb\u00f6cker-300x238.jpg 300w, https:\/\/sven-ove.nu\/wp-content\/uploads\/2017\/01\/Dylanb\u00f6cker-768x609.jpg 768w\" sizes=\"auto, (max-width: 660px) 100vw, 660px\" \/><\/a><\/p>\n<blockquote><p>Jag har en grundlig j\u00e4kel inom mig. Ibland sl\u00e5r han till, nu har det h\u00e4nt igen.\u00a0S\u00e5 i vinter har jag l\u00e4st p\u00e5 &amp; lyssnat &amp; lyssnat igen &amp; l\u00e4st p\u00e5.<\/p><\/blockquote>\n<p>1.\u00a0<strong>L\u00e4st Bob Dylans roman Tarantula<br \/>\n<\/strong>Grattis, ni som ocks\u00e5 gjort det. Vi \u00e4r uth\u00e5lliga typer vi. N\u00e4r du v\u00e4l hittar r\u00e4tt l\u00e4sart \u00e4r Bob Dylans <span style=\"color: #0000ff;\"><a style=\"color: #0000ff;\" href=\"http:\/\/www.bakhall.com\/dylan.html\">roman<\/a><\/span> en fin p\u00e5minnelse om mitten p\u00e5 1960-talet. Var det han som fick m\u00e5nga av oss att f\u00f6rs\u00f6ka skildra kaos p\u00e5 samma s\u00e4tt? Spr\u00e5ket myllrar, precis som i hans l\u00e5ttexter fr\u00e5n den tiden.<\/p>\n<p>Med romanen f\u00f6ljde en CD med <span style=\"color: #0000ff;\"><a style=\"color: #0000ff;\" href=\"http:\/\/sverigesradio.se\/sida\/artikel.aspx?programid=478&amp;artikel=6539913\">Klas Burlings ber\u00f6mda radiointervju med Dylan<\/a><\/span> fr\u00e5n 1966. Till slut sl\u00e4pper s\u00e5ngaren och textf\u00f6rfattaren faktiskt greppet och b\u00f6rjar svara, fast det tar tid.<\/p>\n<p><strong>2. Lyssnat mig igenom hans l\u00e5tar<br \/>\n<a href=\"https:\/\/sven-ove.nu\/?attachment_id=16994\" rel=\"attachment wp-att-16994\"><img loading=\"lazy\" decoding=\"async\" class=\"alignright size-thumbnail wp-image-16994\" src=\"https:\/\/sven-ove.nu\/wp-content\/uploads\/2017\/01\/Bob-Dylan-p\u00e5-Spotify-150x150.jpg\" alt=\"\" width=\"150\" height=\"150\" \/><\/a><\/strong>Att lyssna p\u00e5 l\u00e5tarna tog ocks\u00e5 ett tag men med hj\u00e4lp av m\u00e5nga koppar kaffe och en god f\u00e5t\u00f6lj har jag nu lyssnat mig igenom hans produktion. Vartenda album som Spotify hittar. D\u00e4r finns de heroiska \u00e5ren p\u00e5 1960-talet och mycket annat h\u00f6rbart men ocks\u00e5 en och annan f\u00f6rf\u00e4rlig produktion.<\/p>\n<p>N\u00e4r det var klart har jag flitigt repeterat godbitarna (till och med den l\u00e5t jag orkar h\u00f6ra igen fr\u00e5n julskivan). Hans musik duger fint till en spellista.<\/p>\n<p><strong>3. H\u00f6rt Johan Norberg tala om Dylan i radion<br \/>\n<\/strong>En kv\u00e4ll lyssnar jag p\u00e5 musikern och Vi-kr\u00f6nik\u00f6ren <span style=\"color: #0000ff;\"><a style=\"color: #0000ff;\" href=\"http:\/\/sverigesradio.se\/sida\/artikel.aspx?programid=4431&amp;artikel=6607799\">Johan Norbergs inl\u00e4gg<\/a><\/span> i Jazzradion om Dylan. Den litter\u00e4ra ambitionen finns hos Bob Dylan f\u00f6r den som orkar lyssna, tycker Norberg. Texterna \u00e4r helt enast\u00e5ende.<\/p>\n<p><strong>4. L\u00e4st Bob Dylans memoarer<br \/>\n<\/strong>2004 f\u00f6rv\u00e5nade Bob Dylan m\u00e5nga genom att ge ut <span style=\"color: #0000ff;\"><a style=\"color: #0000ff;\" href=\"http:\/\/www.bokus.com\/bok\/9789113079394\/memoarer-forsta-delen\/\">Memoarer, f\u00f6rsta delen<\/a><\/span>. Tanken \u00e4r att det ska bli tv\u00e5 delar till, n\u00e4r nu de kommer. Boken fick bra recensioner. Den \u00e4r v\u00e4lskriven och b\u00f6rjar n\u00e4r han just har kommit till New York men ber\u00e4ttelsen r\u00f6r sig b\u00e5de bak\u00e5t och fram\u00e5t i tiden. Vi f\u00e5r tr\u00e4ffa en ung folkmusiker och hans l\u00e4s- och musikupplevelser. Hur han sl\u00e5r igenom, skaffar familj och b\u00f6rjar kallas sin generations r\u00f6st.<\/p>\n<p>Den r\u00f6sten vill han inte vara:<\/p>\n<p>\u201dVad mig anbelangade tillh\u00f6rde jag ingen, vare sig d\u00e5 eller senare. Jag hade en fru och barn som jag \u00e4lskade \u00f6ver allt annat i v\u00e4rlden. Jag f\u00f6rs\u00f6kte s\u00f6rja f\u00f6r dem, h\u00e5lla mig borta fr\u00e5n br\u00e5k, men idioterna i pressen fortsatte att lansera mig som talesman f\u00f6r en hel generation eller till och med som en generations samvete. Det var underligt. Det enda jag n\u00e5gonsin hade gjort var att sjunga s\u00e5nger som var \u00e4rliga och uttryckte nya insikter om verkligheten. Jag hade mycket lite gemensamt med, och visste \u00e4nnu mindre om, den generation vars r\u00f6st jag ans\u00e5gs vara. Jag hade l\u00e4mnat min hemstad f\u00f6r bara tio \u00e5r sedan och ropade inte ut n\u00e5gons \u00e5sikter. Mitt \u00f6de l\u00e5g l\u00e4ngs v\u00e4gen, med vadhelst livet kunde t\u00e4nkas erbjuda, och hade ingenting att g\u00f6ra med att representera n\u00e5gon som helst civilisation. Att vara \u00e4rlig mot sig sj\u00e4lv, det var hela saken. Jag var snarare en kof\u00f6sare \u00e4n r\u00e5ttf\u00e5ngaren fr\u00e5n Hameln.\u201d<\/p>\n<p><strong>5. L\u00e4st David Daltons bok om Dylan<br \/>\n<\/strong>Boken heter <span style=\"color: #0000ff;\"><a style=\"color: #0000ff;\" href=\"http:\/\/www.bokus.com\/bok\/9789153438823\/det-ar-inte-mig-ni-soker-jakten-pa-bob-dylan\/\">Det \u00e4r inte mig ni s\u00f6ker \u2013 jakten p\u00e5 Bob Dylan<\/a><\/span>. Den kom ut p\u00e5 engelska 2012 och ber\u00e4ttar om en g\u00e5ta till man som byter skepnad hela tiden. Vem \u00e4r den riktige Dylan? Folks\u00e5ngaren, amfetaminhipstern, den nyomv\u00e4nde kristne eller n\u00e5gon av alla de andra identiteterna?<\/p>\n<p>\u201dDessutom har han uppfunnit det mest underliga trick en eremit kan \u00e5stadkomma: att g\u00f6mma sig fullt synlig p\u00e5 scenen de senaste tjugofyra \u00e5ren\u201d.<\/p>\n<p>Boken ger ingen smickrande bild av personen Dylan men Dalton gillar honom likafullt.<\/p>\n<p>\u201dVad han g\u00f6r \u00e4r att blanda livet och fiktionen till en berusande brygd k\u00e4nd som Bob Dylan, en skapelse s\u00e5 h\u00e4nf\u00f6rande att vi fortfarande st\u00e4ller den \u00e5ldrande folks\u00e5ngaren till svars och j\u00e4mf\u00f6r hans nuvarande f\u00f6rm\u00e5ga med den hos hans fantastiska dubbelg\u00e5ngare. F\u00f6r att kunna f\u00f6rst\u00e5 en s\u00e5 vansinnigt excentrisk och uppfinningsrik person som Dylan m\u00e5ste man ta hans sj\u00e4lvmytologisering, hans r\u00f6varhistorier, hans bisarra uttalanden och motstr\u00e4viga synpunkter p\u00e5 lika stort allvar som de s\u00e5 kallade fakta vi har om hans liv.\u201d<\/p>\n<p><strong>6. Bes\u00f6kt Dylan p\u00e5 webben<\/strong><\/p>\n<p><a href=\"https:\/\/sven-ove.nu\/?attachment_id=16992\" rel=\"attachment wp-att-16992\"><img loading=\"lazy\" decoding=\"async\" class=\"size-full wp-image-16992 alignnone\" src=\"https:\/\/sven-ove.nu\/wp-content\/uploads\/2017\/01\/bobdylan.com_.png\" alt=\"\" width=\"701\" height=\"615\" srcset=\"https:\/\/sven-ove.nu\/wp-content\/uploads\/2017\/01\/bobdylan.com_.png 701w, https:\/\/sven-ove.nu\/wp-content\/uploads\/2017\/01\/bobdylan.com_-300x263.png 300w\" sizes=\"auto, (max-width: 701px) 100vw, 701px\" \/><\/a><\/p>\n<p>F\u00f6rst n\u00e4mnde den officiella webbplatsen <span style=\"color: #0000ff;\"><a style=\"color: #0000ff;\" href=\"http:\/\/bobdylan.com\">bobdylan.com<\/a><\/span> inte nobelpriset, sedan togs det upp i en kort undanskymd mening som snart f\u00f6rsvann igen. Numera l\u00e4nkar startsidan b\u00e5de till <span style=\"color: #0000ff;\"><a style=\"color: #0000ff;\" href=\"https:\/\/www.nobelprize.org\/nobel_prizes\/literature\/laureates\/2016\/presentation-speech.html\">Horace Engdahls tal<\/a><\/span> vid prisutdelningen och till det <span style=\"color: #0000ff;\"><a style=\"color: #0000ff;\" href=\"https:\/\/www.nobelprize.org\/nobel_prizes\/literature\/laureates\/2016\/dylan-speech.html\">tacktal<\/a><\/span> Dylan sj\u00e4lv skrev.<strong><br \/>\n<\/strong><\/p>\n<p>Det finns ocks\u00e5 en svensk webbplats som ber\u00e4ttar utf\u00f6rligt om Dylans l\u00e5tar och liv: <span style=\"color: #0000ff;\"><a style=\"color: #0000ff;\" href=\"http:\/\/www.bobdylan.nu\">bobdylan.nu<\/a><\/span><\/p>\n<p><strong>7. L\u00e4st och lyssnat igen p\u00e5 tacktalet<br \/>\n<\/strong>Donald Trump har sett till att Azita Raji f\u00e5r sluta som amerikansk ambassad\u00f6r i Stockholm. Innan dess hann hon l\u00e4sa upp <span style=\"color: #0000ff;\"><a style=\"color: #0000ff;\" href=\"https:\/\/www.youtube.com\/watch?v=Bi3Ws2Qm8ck\">Bob Dylans tacktal<\/a><\/span> vid Nobelfesten.<br \/>\n\u2026<br \/>\n\u201dI&#8217;m sorry I can&#8217;t be with you in person, but please know that I am most definitely with you in spirit and honored to be receiving such a prestigious prize. Being awarded the Nobel Prize for Literature is something I never could have imagined or seen coming.\u201d<br \/>\n\u2026<br \/>\n\u201dNot once have I ever had the time to ask myself, \u2019Are my songs literature?\u2019<br \/>\nSo, I do thank the Swedish Academy, both for taking the time to consider that very question, and, ultimately, for providing such a wonderful answer.<br \/>\nMy best wishes to you all,<br \/>\nBob Dylan\u201d<\/p>\n<p>\u00c4r mina s\u00e5nger litteratur? Tack f\u00f6r ett underbart svar p\u00e5 den fr\u00e5gan, h\u00e4lsade Dylan.<\/p>\n<p><strong>8. L\u00e4st l\u00e5ttexter<br \/>\n<\/strong>Svaret finns f\u00f6rst\u00e5s i l\u00e5ttexterna. S\u00e5dana har jag studerat i m\u00e4ngder p\u00e5 engelska och svenska, jag har l\u00e4st artiklar om att \u00f6vers\u00e4tta Dylan och artiklar som citerar hans l\u00e5tar. N\u00e5gra l\u00e4nkar:<\/p>\n<p><em>Svenska<br \/>\n<\/em>Mikael Wiehe och Ebba Forsberg: <span style=\"color: #0000ff;\"><a style=\"color: #0000ff;\" href=\"http:\/\/www.mikaelwiehe.se\/dylan_pa_svenska2.htm\">Dylan p\u00e5 svenska<\/a><\/span> (inspelningar och l\u00e5ttexter och en artikel om att \u00f6vers\u00e4tta Dylan). (Fast \u201dskriar\u201d verkligen nattsk\u00e4rran, Mikael?).<br \/>\nMikael Wiehe i Aftonbladet: <span style=\"color: #0000ff;\"><a style=\"color: #0000ff;\" href=\"http:\/\/www.aftonbladet.se\/kultur\/article23716882.ab\">Att \u00f6vers\u00e4tta ett monument<br \/>\n<\/a><\/span>Spr\u00e5ktidningen: <span style=\"color: #0000ff;\"><a style=\"color: #0000ff;\" href=\"http:\/\/spraktidningen.se\/artiklar\/2016\/12\/wiehe-vrider-dylan-som-rubiks-kub\">Wiehe vrider Dylan som Rubiks kub<\/a><\/span><\/p>\n<p><em>Engelska<br \/>\n<\/em>Svenska webbplatsen bobdylan.nu: <span style=\"color: #0000ff;\"><a style=\"color: #0000ff;\" href=\"http:\/\/www.bobdylan.nu\/lattexter.html\">Tre l\u00e5ttexter<br \/>\n<\/a><\/span>N\u00f6jesbladets redakt\u00f6r H\u00e5kan Steen: <span style=\"color: #0000ff;\"><a style=\"color: #0000ff;\" href=\"http:\/\/www.aftonbladet.se\/nojesbladet\/kronikorer\/hakansteen\/article23710130.ab\">10 klassiska Bob Dylan-texter<br \/>\n<\/a><\/span>Expressens musikredakt\u00f6r Anders Nunstedt: <span style=\"color: #0000ff;\"><a style=\"color: #0000ff;\" href=\"http:\/\/www.expressen.se\/noje\/10-dylanklassiker-dar-texterna-skiner-starkt\/\">10 Dylanklassiker d\u00e4r texterna skiner starkt<br \/>\n<\/a><\/span>Nils Hansson, DN: <span style=\"color: #0000ff;\"><a style=\"color: #0000ff;\" href=\"http:\/\/www.dn.se\/kultur-noje\/musik\/20-bob-dylan-lattexter-som-forklarar-tystnaden\/\">20 Bob Dylan-l\u00e5ttexter som f\u00f6rklarar tystnaden<br \/>\n<\/a><\/span>BBC: <span style=\"color: #0000ff;\"><a style=\"color: #0000ff;\" href=\"http:\/\/www.bbc.com\/news\/entertainment-arts-37646293\">Bob Dylan&#8217;s most famous lyrics<br \/>\n<\/a><\/span>The Guardian: <span style=\"color: #0000ff;\"><a style=\"color: #0000ff;\" href=\"https:\/\/www.theguardian.com\/music\/2016\/oct\/13\/are-these-the-lyrics-that-won-bob-dylan-a-nobel-prize\">Are these the lyrics that won Bob Dylan a Nobel prize?<\/a><\/span><\/p>\n<p><strong>9. Skummat Youtube p\u00e5 Dylanfilmer<br \/>\n<\/strong>Det finns 2 522 videor i \u00e4mnet Bob Dylan p\u00e5 Youtube. Fr\u00e5n <span style=\"color: #0000ff;\"><a style=\"color: #0000ff;\" href=\"https:\/\/www.youtube.com\/watch?v=OeP4FFr88SQ\">Mr Tambourine Man<\/a><\/span> (framf\u00f6rd av honom sj\u00e4lv vid Newport Folk Festival 1964) och till 5 timmar och 46 minuter l\u00e5nga <span style=\"color: #0000ff;\"><a style=\"color: #0000ff;\" href=\"https:\/\/www.youtube.com\/watch?v=_HRFIqE3zs4\">100 Essential Recordings<\/a><\/span>. Patti Smiths hudl\u00f6sa framf\u00f6rande vid Nobelprisceremonin av <span style=\"color: #0000ff;\"><a style=\"color: #0000ff;\" href=\"https:\/\/www.youtube.com\/watch?v=941PHEJHCwU\">A Hard Rain\u2019s A-Gonna Fall<\/a><\/span> gl\u00f6mmer vi inte.<\/p>\n<p>H\u00e4r finns allt fr\u00e5n knastrigt filmade scenframtr\u00e4danden till genomregisserade filmer som Must Be Santa och <span style=\"color: #0000ff;\"><a style=\"color: #0000ff;\" href=\"https:\/\/www.youtube.com\/watch?v=B_7x-1BxTAM\">\u2019Cross The Green Mountain<\/a><\/span>. Spela sig sj\u00e4lv kan han. Det senaste sj\u00e4lvet.<\/p>\n<p>H\u00e4r finns ikoniska <a href=\"https:\/\/www.youtube.com\/watch?v=MGxjIBEZvx0\"><span style=\"color: #0000ff;\">Subterranean Homesick Blues<\/span><\/a> fr\u00e5n 1965. Den med de handskrivna skyltarna i gr\u00e4nden och Allen Ginsberg i bakgrunden. Historiens f\u00f6rsta musikvideo?<\/p>\n<h2><strong>En odr\u00e4glig surpuppa?<\/strong><\/h2>\n<p>Vad blev d\u00e5 resultatet av min m\u00f6da? F\u00f6r all del, Bob Dylan \u00e4r en surpuppa, m\u00f6jligen odr\u00e4glig. Hans spelningar kan vara geniala men lika g\u00e4rna f\u00f6raktfulla mot publiken. Genom \u00e5ren har han ljugit friskt om sin uppv\u00e4xt och bakgrund. Han sjunger stundom som en kr\u00e5ka. Han har gett ut album d\u00e4r han verkar leka sm\u00f6rs\u00e5ngare och ibland v\u00e4rre \u00e4n s\u00e5. Han har gjort en julskiva d\u00e4r merparten av l\u00e5tarna \u00e4r pinsamma med tanke p\u00e5 vem som sjunger dem men d\u00e4r <span style=\"color: #0000ff;\"><a style=\"color: #0000ff;\" href=\"https:\/\/www.youtube.com\/watch?v=a8qE6WQmNus\">Must Be Santa<\/a><\/span> \u00e4r f\u00f6rsonande lekfull, n\u00e4r jag sett videon.<\/p>\n<p>Han har l\u00e5ttexter d\u00e4r han \u00e4r elak mot forna v\u00e4nner, vilket \u00e4r att skjuta med f\u00f6r stor kanon om du har herr Dylans genomslagskraft.<\/p>\n<p>Han har ett f\u00f6rh\u00e5llande till journalister som liknar Donald Trumps pressavdelnings en bakfull s\u00f6ndag.<\/p>\n<p><strong>Ingen jag tar med till \u00f6de \u00f6n<br \/>\n<\/strong>Nu var det inte intervjuoffret Bob Dylan som fick pris av Akademien. Personen Bob Dylan skulle jag inte vilja hamna p\u00e5 en \u00f6de \u00f6 med. D\u00e4remot tar jag g\u00e4rna med mig hans 50 b\u00e4sta texter. Inklusive memoarerna. D\u00e4r erk\u00e4nner han f\u00f6rresten att han lj\u00f6g i b\u00f6rjan om sin bakgrund.<\/p>\n<p>L\u00e5tarna fr\u00e5n mitten av 1960-talet har fortfarande betytt mycket i mitt liv. D\u00e5, n\u00e4r han gav r\u00f6st \u00e5t en ny tid fast han fortfarande inte l\u00e5tsas fatta det sj\u00e4lv.<\/p>\n<p>Tack nobelprisdebatt\u00f6rer f\u00f6r att ni fick mig att g\u00f6ra den h\u00e4r noggranna unders\u00f6kningen. G\u00f6r inte om det, \u00e4r ni sn\u00e4lla.<\/p>\n<p>Hans texter var v\u00e4rda priset.<br \/>\nDet finns det \u00e4ven annan\u00a0s\u00e5ngbar poesi som hade varit.<\/p>\n<p><span style=\"color: #0000ff;\"><a style=\"color: #0000ff;\" href=\"https:\/\/sven-ove.nu\/\">Hem<\/a><\/span>\u00a0|\u00a0<span style=\"color: #0000ff;\"><a style=\"color: #0000ff;\" href=\"https:\/\/sven-ove.nu\/?page_id=170\">Om mig<\/a><\/span>\u00a0|\u00a0<span style=\"color: #0000ff;\"><a style=\"color: #0000ff;\" href=\"https:\/\/sven-ove.nu\/?page_id=1385\">Skriva &amp; prata<\/a><\/span>\u00a0|\u00a0<span style=\"color: #0000ff;\"><a style=\"color: #0000ff;\" href=\"https:\/\/sven-ove.nu\/?page_id=100\">Politik<\/a><\/span>\u00a0|\u00a0<span style=\"color: #0000ff;\"><a style=\"color: #0000ff;\" href=\"https:\/\/sven-ove.nu\/?page_id=102\">L\u00f6pa<\/a><\/span>\u00a0|\u00a0<span style=\"color: #0000ff;\"><a style=\"color: #0000ff;\" href=\"https:\/\/sven-ove.nu\/?page_id=108\">Viktor Root<\/a><\/span>\u00a0| <a href=\"https:\/\/sven-ove.nu\/?page_id=15908\"><span style=\"color: #0000ff;\">Firman<\/span>\u00a0<\/a>|\u00a0<span style=\"color: #0000ff;\"><a style=\"color: #0000ff;\" href=\"https:\/\/sven-ove.nu\/?page_id=15638\">K\u00f4ppra<\/a><\/span><\/p>\n","protected":false},"excerpt":{"rendered":"<p>Jag har en grundlig j\u00e4kel inom mig. Ibland sl\u00e5r han till, nu har det h\u00e4nt igen.\u00a0S\u00e5 i vinter har jag l\u00e4st p\u00e5 &amp; lyssnat &amp; lyssnat igen &amp; l\u00e4st p\u00e5. 1.\u00a0L\u00e4st Bob Dylans roman Tarantula Grattis, ni som ocks\u00e5 gjort det. Vi \u00e4r uth\u00e5lliga typer vi. N\u00e4r du v\u00e4l hittar r\u00e4tt l\u00e4sart \u00e4r Bob Dylans &hellip; <a href=\"https:\/\/sven-ove.nu\/?p=16982\" class=\"more-link\">Forts\u00e4tt l\u00e4sa <span class=\"screen-reader-text\">Noggrann unders\u00f6kning av en sur<\/span><\/a><\/p>\n","protected":false},"author":1,"featured_media":0,"comment_status":"open","ping_status":"open","sticky":false,"template":"","format":"standard","meta":{"_crdt_document":"","_monsterinsights_skip_tracking":false,"_monsterinsights_sitenote_active":false,"_monsterinsights_sitenote_note":"","_monsterinsights_sitenote_category":0,"footnotes":""},"categories":[28,4],"tags":[18,14,15,21,17],"class_list":["post-16982","post","type-post","status-publish","format-standard","hentry","category-kreativt-folk","category-skrivande","tag-lardomar","tag-lasning","tag-mediedjungeln","tag-ord","tag-solidaritet"],"_links":{"self":[{"href":"https:\/\/sven-ove.nu\/index.php?rest_route=\/wp\/v2\/posts\/16982","targetHints":{"allow":["GET"]}}],"collection":[{"href":"https:\/\/sven-ove.nu\/index.php?rest_route=\/wp\/v2\/posts"}],"about":[{"href":"https:\/\/sven-ove.nu\/index.php?rest_route=\/wp\/v2\/types\/post"}],"author":[{"embeddable":true,"href":"https:\/\/sven-ove.nu\/index.php?rest_route=\/wp\/v2\/users\/1"}],"replies":[{"embeddable":true,"href":"https:\/\/sven-ove.nu\/index.php?rest_route=%2Fwp%2Fv2%2Fcomments&post=16982"}],"version-history":[{"count":12,"href":"https:\/\/sven-ove.nu\/index.php?rest_route=\/wp\/v2\/posts\/16982\/revisions"}],"predecessor-version":[{"id":16998,"href":"https:\/\/sven-ove.nu\/index.php?rest_route=\/wp\/v2\/posts\/16982\/revisions\/16998"}],"wp:attachment":[{"href":"https:\/\/sven-ove.nu\/index.php?rest_route=%2Fwp%2Fv2%2Fmedia&parent=16982"}],"wp:term":[{"taxonomy":"category","embeddable":true,"href":"https:\/\/sven-ove.nu\/index.php?rest_route=%2Fwp%2Fv2%2Fcategories&post=16982"},{"taxonomy":"post_tag","embeddable":true,"href":"https:\/\/sven-ove.nu\/index.php?rest_route=%2Fwp%2Fv2%2Ftags&post=16982"}],"curies":[{"name":"wp","href":"https:\/\/api.w.org\/{rel}","templated":true}]}}