{"id":1699,"date":"2012-03-30T11:00:48","date_gmt":"2012-03-30T10:00:48","guid":{"rendered":"http:\/\/sven-ove.nu\/?p=1699"},"modified":"2012-03-30T12:02:48","modified_gmt":"2012-03-30T11:02:48","slug":"ga-inte-pa-overgangsstallena-for-dar-ar-det-farligast","status":"publish","type":"post","link":"https:\/\/sven-ove.nu\/?p=1699","title":{"rendered":"G\u00e5 inte p\u00e5 \u00f6verg\u00e5ngsst\u00e4llena f\u00f6r d\u00e4r \u00e4r det farligast"},"content":{"rendered":"<p><em>\u201dOrsaken till kommunens inst\u00e4llning \u00e4r att det finns studier som visar p\u00e5 att det \u00e4r farligare att korsa gatan p\u00e5 ett markerat \u00f6verg\u00e5ngsst\u00e4lle \u00e4n att korsa samma gata d\u00e4r ett \u00f6verg\u00e5ngsst\u00e4lle inte \u00e4r markerat. Vi l\u00f6per till och med st\u00f6rre risk att d\u00f6das eller skadas sv\u00e5rt n\u00e4r vi korsar k\u00f6rbanan p\u00e5 ett \u00f6verg\u00e5ngsst\u00e4lle \u00e4n n\u00e4r vi korsar k\u00f6rbanan p\u00e5 annan plats.\u201d<\/em><\/p>\n<p><em>(Ingemar Johansson, trafikingenj\u00f6r, Karlstads kommun, i <a href=\"http:\/\/www.vf.se\/asikter\/insandare\/anvanda-overgangsstallet-farligt-satt-korsa-korbanan\" target=\"_blank\">ins\u00e4ndarsvar i V\u00e4rmlands Folkblad<\/a> den 30 mars 2012).<\/em><\/p>\n<p>Nej, jag kritiserar inte min gamle lumparkompis Johansson. Det \u00e4r m\u00f6jligt att han har r\u00e4tt. Men vad s\u00e4ger det i s\u00e5 fall? Vad st\u00e5r det egentligen mellan raderna, om de farliga bilf\u00f6rarna i residensstaden?<\/p>\n<p>\u00c5k buss.<\/p>\n<p>&nbsp;<\/p>\n","protected":false},"excerpt":{"rendered":"<p>\u201dOrsaken till kommunens inst\u00e4llning \u00e4r att det finns studier som visar p\u00e5 att det \u00e4r farligare att korsa gatan p\u00e5 ett markerat \u00f6verg\u00e5ngsst\u00e4lle \u00e4n att korsa samma gata d\u00e4r ett \u00f6verg\u00e5ngsst\u00e4lle inte \u00e4r markerat. Vi l\u00f6per till och med st\u00f6rre risk att d\u00f6das eller skadas sv\u00e5rt n\u00e4r vi korsar k\u00f6rbanan p\u00e5 ett \u00f6verg\u00e5ngsst\u00e4lle \u00e4n n\u00e4r &hellip; <a href=\"https:\/\/sven-ove.nu\/?p=1699\" class=\"more-link\">Forts\u00e4tt l\u00e4sa <span class=\"screen-reader-text\">G\u00e5 inte p\u00e5 \u00f6verg\u00e5ngsst\u00e4llena f\u00f6r d\u00e4r \u00e4r det farligast<\/span><\/a><\/p>\n","protected":false},"author":1,"featured_media":0,"comment_status":"open","ping_status":"open","sticky":false,"template":"","format":"standard","meta":{"_crdt_document":"","_monsterinsights_skip_tracking":false,"_monsterinsights_sitenote_active":false,"_monsterinsights_sitenote_note":"","_monsterinsights_sitenote_category":0,"footnotes":""},"categories":[1],"tags":[16,20],"class_list":["post-1699","post","type-post","status-publish","format-standard","hentry","category-uncategorized","tag-dumheter","tag-rad"],"_links":{"self":[{"href":"https:\/\/sven-ove.nu\/index.php?rest_route=\/wp\/v2\/posts\/1699","targetHints":{"allow":["GET"]}}],"collection":[{"href":"https:\/\/sven-ove.nu\/index.php?rest_route=\/wp\/v2\/posts"}],"about":[{"href":"https:\/\/sven-ove.nu\/index.php?rest_route=\/wp\/v2\/types\/post"}],"author":[{"embeddable":true,"href":"https:\/\/sven-ove.nu\/index.php?rest_route=\/wp\/v2\/users\/1"}],"replies":[{"embeddable":true,"href":"https:\/\/sven-ove.nu\/index.php?rest_route=%2Fwp%2Fv2%2Fcomments&post=1699"}],"version-history":[{"count":4,"href":"https:\/\/sven-ove.nu\/index.php?rest_route=\/wp\/v2\/posts\/1699\/revisions"}],"predecessor-version":[{"id":6701,"href":"https:\/\/sven-ove.nu\/index.php?rest_route=\/wp\/v2\/posts\/1699\/revisions\/6701"}],"wp:attachment":[{"href":"https:\/\/sven-ove.nu\/index.php?rest_route=%2Fwp%2Fv2%2Fmedia&parent=1699"}],"wp:term":[{"taxonomy":"category","embeddable":true,"href":"https:\/\/sven-ove.nu\/index.php?rest_route=%2Fwp%2Fv2%2Fcategories&post=1699"},{"taxonomy":"post_tag","embeddable":true,"href":"https:\/\/sven-ove.nu\/index.php?rest_route=%2Fwp%2Fv2%2Ftags&post=1699"}],"curies":[{"name":"wp","href":"https:\/\/api.w.org\/{rel}","templated":true}]}}