{"id":17025,"date":"2017-01-31T03:00:49","date_gmt":"2017-01-31T02:00:49","guid":{"rendered":"http:\/\/sven-ove.nu\/?p=17025"},"modified":"2017-01-30T21:19:18","modified_gmt":"2017-01-30T20:19:18","slug":"varje-frisk-demokrati-behover-sina-ettriga-murvlar","status":"publish","type":"post","link":"https:\/\/sven-ove.nu\/?p=17025","title":{"rendered":"Varje frisk demokrati beh\u00f6ver sina ettriga murvlar"},"content":{"rendered":"<p><a href=\"https:\/\/sven-ove.nu\/?attachment_id=17027\" rel=\"attachment wp-att-17027\"><img loading=\"lazy\" decoding=\"async\" class=\"size-large wp-image-17027 alignnone\" src=\"https:\/\/sven-ove.nu\/wp-content\/uploads\/2017\/01\/Sp\u00e5r-1024x1024.jpg\" alt=\"\" width=\"660\" height=\"660\" srcset=\"https:\/\/sven-ove.nu\/wp-content\/uploads\/2017\/01\/Sp\u00e5r-1024x1024.jpg 1024w, https:\/\/sven-ove.nu\/wp-content\/uploads\/2017\/01\/Sp\u00e5r-150x150.jpg 150w, https:\/\/sven-ove.nu\/wp-content\/uploads\/2017\/01\/Sp\u00e5r-300x300.jpg 300w, https:\/\/sven-ove.nu\/wp-content\/uploads\/2017\/01\/Sp\u00e5r-768x768.jpg 768w\" sizes=\"auto, (max-width: 660px) 100vw, 660px\" \/><\/a><\/p>\n<blockquote><p>Ser p\u00e5 n\u00e4tet att debatten om journalister eller kommunikat\u00f6rer forts\u00e4tter.<br \/>\n\u201dEller\u201d? Den fr\u00e5gan \u00e4r fel st\u00e4lld.<\/p><\/blockquote>\n<p>Naturligtvis \u00e4r det djupt beklagligt n\u00e4r lokalredaktioner l\u00e4ggs ner, n\u00e4r fotoavdelningar f\u00f6rsvinner, lokala tv-redaktioner d\u00f6r och centralredaktioner g\u00f6rs anorektiska. Ju f\u00e4rre journalister, desto s\u00e4mre bevakning av v\u00e5ra makthavare, s\u00e5 enkelt \u00e4r det. Varje organisation beh\u00f6ver sina revisorer, varje frisk demokrati beh\u00f6ver sina ettriga murvlar.<\/p>\n<p>Nu \u00e4r det bara det att tidningsavmagringen inte \u00e4r kommunikat\u00f6rernas fel. Inte deras arbetsgivares heller. Det \u00e4r fint att Forshaga kommun svarar sina medborgare snabbt p\u00e5 Facebook. Det \u00e4r fint att V\u00e4rmlandstrafik svarar p\u00e5 ins\u00e4ndare. Men skadar granskningen g\u00f6r det inte.<\/p>\n<p>D\u00e5lig granskning beror inte p\u00e5 att fler och fler chefer inom offentlig f\u00f6rvaltning f\u00f6rst\u00e5tt att det \u00e4r viktigt att informera och kommunicera med medborgarna. Inte p\u00e5 att deras kommunikationsavdelningar f\u00e5tt b\u00e4ttre resurser.<\/p>\n<p>Det beror p\u00e5 svaga redaktioner.<\/p>\n<hr \/>\n<p style=\"padding-left: 30px;\"><strong><em>&#8230; minuten efter att jag skrivit detta p\u00e5 m\u00e5ndagsf\u00f6rmiddagen l\u00e4ser jag nyheten.\u00a0<\/em><em>NWT-koncernen <span style=\"color: #ff0000;\"><a style=\"color: #ff0000;\" href=\"http:\/\/www.vf.se\/karlstad\/nwt-koncernen-koper-varmlands-folkblad\/\">k\u00f6per V\u00e4rmlands Folkblad<\/a><\/span>.\u00a0<\/em><em>Slut med tv\u00e5 sj\u00e4lvst\u00e4ndiga l\u00e4nstidningsf\u00f6retag, det blev vi sist i landet med h\u00e4r p\u00e5 trakten. <\/em><\/strong><\/p>\n<p style=\"padding-left: 30px;\"><strong><em>Suck.<br \/>\nSkitvinter.<\/em><\/strong><\/p>\n<p><span style=\"color: #0000ff;\"><a style=\"color: #0000ff;\" href=\"https:\/\/sven-ove.nu\/\">Hem<\/a><\/span>\u00a0|\u00a0<span style=\"color: #0000ff;\"><a style=\"color: #0000ff;\" href=\"https:\/\/sven-ove.nu\/?page_id=170\">Om mig<\/a><\/span>\u00a0|\u00a0<span style=\"color: #0000ff;\"><a style=\"color: #0000ff;\" href=\"https:\/\/sven-ove.nu\/?page_id=1385\">Skriva &amp; prata<\/a><\/span>\u00a0|\u00a0<span style=\"color: #0000ff;\"><a style=\"color: #0000ff;\" href=\"https:\/\/sven-ove.nu\/?page_id=100\">Politik<\/a><\/span>\u00a0|\u00a0<span style=\"color: #0000ff;\"><a style=\"color: #0000ff;\" href=\"https:\/\/sven-ove.nu\/?page_id=102\">L\u00f6pa<\/a><\/span>\u00a0|\u00a0<span style=\"color: #0000ff;\"><a style=\"color: #0000ff;\" href=\"https:\/\/sven-ove.nu\/?page_id=108\">Viktor Root<\/a><\/span>\u00a0| <a href=\"https:\/\/sven-ove.nu\/?page_id=15908\"><span style=\"color: #0000ff;\">Firman<\/span>\u00a0<\/a>|\u00a0<span style=\"color: #0000ff;\"><a style=\"color: #0000ff;\" href=\"https:\/\/sven-ove.nu\/?page_id=15638\">K\u00f4ppra<\/a><\/span><\/p>\n","protected":false},"excerpt":{"rendered":"<p>Ser p\u00e5 n\u00e4tet att debatten om journalister eller kommunikat\u00f6rer forts\u00e4tter. \u201dEller\u201d? Den fr\u00e5gan \u00e4r fel st\u00e4lld. Naturligtvis \u00e4r det djupt beklagligt n\u00e4r lokalredaktioner l\u00e4ggs ner, n\u00e4r fotoavdelningar f\u00f6rsvinner, lokala tv-redaktioner d\u00f6r och centralredaktioner g\u00f6rs anorektiska. Ju f\u00e4rre journalister, desto s\u00e4mre bevakning av v\u00e5ra makthavare, s\u00e5 enkelt \u00e4r det. Varje organisation beh\u00f6ver sina revisorer, varje frisk &hellip; <a href=\"https:\/\/sven-ove.nu\/?p=17025\" class=\"more-link\">Forts\u00e4tt l\u00e4sa <span class=\"screen-reader-text\">Varje frisk demokrati beh\u00f6ver sina ettriga murvlar<\/span><\/a><\/p>\n","protected":false},"author":1,"featured_media":0,"comment_status":"open","ping_status":"open","sticky":false,"template":"","format":"standard","meta":{"_crdt_document":"","_monsterinsights_skip_tracking":false,"_monsterinsights_sitenote_active":false,"_monsterinsights_sitenote_note":"","_monsterinsights_sitenote_category":0,"footnotes":""},"categories":[9,4],"tags":[3,24,15,17],"class_list":["post-17025","post","type-post","status-publish","format-standard","hentry","category-politik","category-skrivande","tag-arbete","tag-karlek","tag-mediedjungeln","tag-solidaritet"],"_links":{"self":[{"href":"https:\/\/sven-ove.nu\/index.php?rest_route=\/wp\/v2\/posts\/17025","targetHints":{"allow":["GET"]}}],"collection":[{"href":"https:\/\/sven-ove.nu\/index.php?rest_route=\/wp\/v2\/posts"}],"about":[{"href":"https:\/\/sven-ove.nu\/index.php?rest_route=\/wp\/v2\/types\/post"}],"author":[{"embeddable":true,"href":"https:\/\/sven-ove.nu\/index.php?rest_route=\/wp\/v2\/users\/1"}],"replies":[{"embeddable":true,"href":"https:\/\/sven-ove.nu\/index.php?rest_route=%2Fwp%2Fv2%2Fcomments&post=17025"}],"version-history":[{"count":10,"href":"https:\/\/sven-ove.nu\/index.php?rest_route=\/wp\/v2\/posts\/17025\/revisions"}],"predecessor-version":[{"id":17036,"href":"https:\/\/sven-ove.nu\/index.php?rest_route=\/wp\/v2\/posts\/17025\/revisions\/17036"}],"wp:attachment":[{"href":"https:\/\/sven-ove.nu\/index.php?rest_route=%2Fwp%2Fv2%2Fmedia&parent=17025"}],"wp:term":[{"taxonomy":"category","embeddable":true,"href":"https:\/\/sven-ove.nu\/index.php?rest_route=%2Fwp%2Fv2%2Fcategories&post=17025"},{"taxonomy":"post_tag","embeddable":true,"href":"https:\/\/sven-ove.nu\/index.php?rest_route=%2Fwp%2Fv2%2Ftags&post=17025"}],"curies":[{"name":"wp","href":"https:\/\/api.w.org\/{rel}","templated":true}]}}