{"id":17037,"date":"2017-02-01T03:00:26","date_gmt":"2017-02-01T02:00:26","guid":{"rendered":"http:\/\/sven-ove.nu\/?p=17037"},"modified":"2017-02-01T08:08:56","modified_gmt":"2017-02-01T07:08:56","slug":"doden-pa-natet","status":"publish","type":"post","link":"https:\/\/sven-ove.nu\/?p=17037","title":{"rendered":"D\u00f6den p\u00e5 n\u00e4tet"},"content":{"rendered":"<h2><a href=\"https:\/\/sven-ove.nu\/?attachment_id=17046\" rel=\"attachment wp-att-17046\"><img loading=\"lazy\" decoding=\"async\" class=\"size-large wp-image-17046 alignnone\" src=\"https:\/\/sven-ove.nu\/wp-content\/uploads\/2017\/02\/M\u00f6tesplats-768x1024.jpg\" alt=\"\" width=\"660\" height=\"880\" srcset=\"https:\/\/sven-ove.nu\/wp-content\/uploads\/2017\/02\/M\u00f6tesplats-768x1024.jpg 768w, https:\/\/sven-ove.nu\/wp-content\/uploads\/2017\/02\/M\u00f6tesplats-225x300.jpg 225w\" sizes=\"auto, (max-width: 660px) 100vw, 660px\" \/><\/a><\/h2>\n<h2>1. Sk\u00e4let<\/h2>\n<p>B\u00f6rjan till tidningsd\u00f6den kom n\u00e4r den f\u00f6rsta dagstidningen i v\u00e4rlden lades ut gratis p\u00e5 webben. Den kom n\u00e4r Google b\u00f6rjade s\u00e4lja annonser och n\u00e4r Facebook gjorde det. D\u00e4r r\u00f6k det miljoner.<\/p>\n<p>&#8211; Hur \u00e4r det borta i din filterbubbla, gr\u00e5tt och fuktigt d\u00e4r med?<\/p>\n<p>Inget svar.<br \/>\nIngen h\u00f6r.<\/p>\n<p>Dom har ju sina mobiler att titta p\u00e5.<\/p>\n<h2>2. Makten<\/h2>\n<p><em>Jag kan se ett problem om kommunikat\u00f6rer, i myndigheter, p\u00e5 uppdrag av politiker och andra makthavare, tar \u00f6ver en allt st\u00f6rre del av kommunikationen.<\/em> Det skriver en v\u00e4n p\u00e5 Facebook och forts\u00e4tter: <em>F\u00f6r det \u00e4r v\u00e4l s\u00e5 att den som har makten \u00f6ver orden ocks\u00e5 har makten \u00f6ver v\u00e5ra tankar?<\/em><\/p>\n<p>Som journalist har han f\u00e5tt lov att fundera \u00f6ver detta. Jag svarar att han har r\u00e4tt om makten \u00f6ver orden men att huvudfr\u00e5gan \u00e4r att granskarna blivit f\u00e4rre och att det m\u00e5r demokratin d\u00e5ligt av.<\/p>\n<p>Sedan br\u00e5kar fr\u00e5gan i mitt bakhuvud en halv dag. Till slut f\u00e5r jag ge mig till att b\u00f6rja r\u00e4kna procent. L\u00e5t oss utg\u00e5 fr\u00e5n ett v\u00e4rml\u00e4ndskt kollektivtrafikbolag som jag v\u00e4l k\u00e4nner till. Det \u00e4gs av kommuner och landsting och har sex kommunikat\u00f6rer anst\u00e4llda under mina sista \u00e5r d\u00e4r. Vi sex sysslar med att g\u00f6ra layout p\u00e5 trafikplanerarnas tidtabeller och publicera dem i olika kanaler. Vi sysslar med att ber\u00e4tta f\u00f6r v\u00e5ra resen\u00e4rer hur v\u00e5ra bussar och t\u00e5g g\u00e5r, vad det kostar att \u00e5ka och var du kan k\u00f6pa din biljett. Vi sysslar med att \u00e5ka l\u00e4net runt och skaffa f\u00f6rs\u00e4ljningsst\u00e4llen och utbilda dess personal. Vi sysslar med att organisera en app, en webbplats, en Facebooksida och ett Instagramkonto. Det mesta vi l\u00e4gger ut d\u00e4r \u00e4r ren information om turer, tider och priser.<\/p>\n<p>Jo, just det, vi sysslar med presstj\u00e4nst ocks\u00e5. Den som min journalistv\u00e4n ibland st\u00f6ter p\u00e5. Presstj\u00e4nsten best\u00e5r mest av att skriva pressmeddelanden, se till att journalister f\u00e5r kontakt med r\u00e4tt person i f\u00f6retaget och hj\u00e4lpa v\u00e5ra chefer att svara p\u00e5 ins\u00e4ndare.<\/p>\n<p>L\u00e5t s\u00e4ga att den delen tar\u00a0en sjundedel\u00a0av en tj\u00e4nst och att det \u00e4r\u00a0allt vi l\u00e4gger\u00a0ner p\u00e5 media. Det \u00e4r knappast n\u00e5got stort makt\u00f6vertagande i det allm\u00e4nna v\u00e4rml\u00e4ndska medvetandet. Fast jag f\u00f6rst\u00e5r om journalister tycker det verkar mer omfattande, eftersom det \u00e4r den delen de ser.<\/p>\n<p>D\u00e5 har jag inte n\u00e4mnt de f\u00f6rsta \u00e5rens entr\u00e4gna arbete f\u00f6r att g\u00f6ra f\u00f6retaget mer \u00f6ppet och svarsvilligt.<\/p>\n<p>De h\u00e4r fr\u00e5gorna g\u00e5r alltid att diskutera och jag \u00e4r f\u00f6rst\u00e5s part i m\u00e5let, trots att jag en g\u00e5ng var journalist. Men sj\u00e4lv har jag sv\u00e5rt att se en tidtabellgrafiker eller en f\u00f6rs\u00e4ljningsst\u00e4llesfixare som n\u00e5got hot. Hotet \u00e4r de krympande redaktionerna hos v\u00e5ra granskare.<\/p>\n<p>Det \u00e4r bara starka oberoende redaktioner som kan h\u00e5lla ig\u00e5ng en fortl\u00f6pande och bred granskning av makthavarna. B\u00e4st \u00e4r om det dessutom \u00e4r m\u00e5nga redaktioner som g\u00f6r det, lokalt, regionalt, p\u00e5 riksplanet och internationellt.<\/p>\n<p>Det \u00e4r inte s\u00e5 dumt med revisorer.<\/p>\n<p><em><strong><span style=\"color: #ff0000;\">###<\/span><\/strong> Varf\u00f6r i hela fridens dar har ni ingen som s\u00e4tter sig in ordentligt i kollektivtrafikfr\u00e5gorna?<br \/>\n<\/em><em><span style=\"color: #ff0000;\"><strong>###<\/strong><\/span> Den trafiken \u00e4r g\u00f4rviktig och\u00a0kostar mer \u00e4n det mesta som ni granskar i mitt l\u00e4n.<\/em><\/p>\n<h2>3. Priset<\/h2>\n<p>Naturligtvis ska vi bejaka ny teknik. Sj\u00e4lv har jag surfat n\u00e4stan varje dag sedan 1994. Det sorgliga \u00e4r bara gratiskulturen. Alla dessa artiklar som vi glatt har l\u00e4st utan att betala.<\/p>\n<p>Det finns inga gratisluncher. Priset vi fick betala blev &#8211; granskningen.<\/p>\n<p>I en av mina mardr\u00f6mmar har vissa av makthavarna redan b\u00f6rjat \u00f6va. De tr\u00e4nar dans p\u00e5 dagspressgrav.<\/p>\n<p>D\u00e5 vaknar jag.<br \/>\n\u00c4n s\u00e5 l\u00e4nge vaknar jag.<\/p>\n<p><span style=\"color: #0000ff;\"><a style=\"color: #0000ff;\" href=\"https:\/\/sven-ove.nu\/\">Hem<\/a><\/span>\u00a0|\u00a0<span style=\"color: #0000ff;\"><a style=\"color: #0000ff;\" href=\"https:\/\/sven-ove.nu\/?page_id=170\">Om mig<\/a><\/span>\u00a0|\u00a0<span style=\"color: #0000ff;\"><a style=\"color: #0000ff;\" href=\"https:\/\/sven-ove.nu\/?page_id=1385\">Skriva &amp; prata<\/a><\/span>\u00a0|\u00a0<span style=\"color: #0000ff;\"><a style=\"color: #0000ff;\" href=\"https:\/\/sven-ove.nu\/?page_id=100\">Politik<\/a><\/span>\u00a0|\u00a0<span style=\"color: #0000ff;\"><a style=\"color: #0000ff;\" href=\"https:\/\/sven-ove.nu\/?page_id=102\">L\u00f6pa<\/a><\/span>\u00a0|\u00a0<span style=\"color: #0000ff;\"><a style=\"color: #0000ff;\" href=\"https:\/\/sven-ove.nu\/?page_id=108\">Viktor Root<\/a><\/span>\u00a0| <a href=\"https:\/\/sven-ove.nu\/?page_id=15908\"><span style=\"color: #0000ff;\">Firman<\/span>\u00a0<\/a>|\u00a0<span style=\"color: #0000ff;\"><a style=\"color: #0000ff;\" href=\"https:\/\/sven-ove.nu\/?page_id=15638\">K\u00f4ppra<\/a><\/span><\/p>\n","protected":false},"excerpt":{"rendered":"<p>1. Sk\u00e4let B\u00f6rjan till tidningsd\u00f6den kom n\u00e4r den f\u00f6rsta dagstidningen i v\u00e4rlden lades ut gratis p\u00e5 webben. Den kom n\u00e4r Google b\u00f6rjade s\u00e4lja annonser och n\u00e4r Facebook gjorde det. D\u00e4r r\u00f6k det miljoner. &#8211; Hur \u00e4r det borta i din filterbubbla, gr\u00e5tt och fuktigt d\u00e4r med? Inget svar. Ingen h\u00f6r. Dom har ju sina mobiler &hellip; <a href=\"https:\/\/sven-ove.nu\/?p=17037\" class=\"more-link\">Forts\u00e4tt l\u00e4sa <span class=\"screen-reader-text\">D\u00f6den p\u00e5 n\u00e4tet<\/span><\/a><\/p>\n","protected":false},"author":1,"featured_media":0,"comment_status":"open","ping_status":"open","sticky":false,"template":"","format":"standard","meta":{"_crdt_document":"","_monsterinsights_skip_tracking":false,"_monsterinsights_sitenote_active":false,"_monsterinsights_sitenote_note":"","_monsterinsights_sitenote_category":0,"footnotes":""},"categories":[28,9,4],"tags":[3,18,15,13],"class_list":["post-17037","post","type-post","status-publish","format-standard","hentry","category-kreativt-folk","category-politik","category-skrivande","tag-arbete","tag-lardomar","tag-mediedjungeln","tag-utrustning"],"_links":{"self":[{"href":"https:\/\/sven-ove.nu\/index.php?rest_route=\/wp\/v2\/posts\/17037","targetHints":{"allow":["GET"]}}],"collection":[{"href":"https:\/\/sven-ove.nu\/index.php?rest_route=\/wp\/v2\/posts"}],"about":[{"href":"https:\/\/sven-ove.nu\/index.php?rest_route=\/wp\/v2\/types\/post"}],"author":[{"embeddable":true,"href":"https:\/\/sven-ove.nu\/index.php?rest_route=\/wp\/v2\/users\/1"}],"replies":[{"embeddable":true,"href":"https:\/\/sven-ove.nu\/index.php?rest_route=%2Fwp%2Fv2%2Fcomments&post=17037"}],"version-history":[{"count":12,"href":"https:\/\/sven-ove.nu\/index.php?rest_route=\/wp\/v2\/posts\/17037\/revisions"}],"predecessor-version":[{"id":17050,"href":"https:\/\/sven-ove.nu\/index.php?rest_route=\/wp\/v2\/posts\/17037\/revisions\/17050"}],"wp:attachment":[{"href":"https:\/\/sven-ove.nu\/index.php?rest_route=%2Fwp%2Fv2%2Fmedia&parent=17037"}],"wp:term":[{"taxonomy":"category","embeddable":true,"href":"https:\/\/sven-ove.nu\/index.php?rest_route=%2Fwp%2Fv2%2Fcategories&post=17037"},{"taxonomy":"post_tag","embeddable":true,"href":"https:\/\/sven-ove.nu\/index.php?rest_route=%2Fwp%2Fv2%2Ftags&post=17037"}],"curies":[{"name":"wp","href":"https:\/\/api.w.org\/{rel}","templated":true}]}}