{"id":17051,"date":"2017-02-03T03:00:29","date_gmt":"2017-02-03T02:00:29","guid":{"rendered":"http:\/\/sven-ove.nu\/?p=17051"},"modified":"2017-02-02T13:19:21","modified_gmt":"2017-02-02T12:19:21","slug":"17051","status":"publish","type":"post","link":"https:\/\/sven-ove.nu\/?p=17051","title":{"rendered":"L\u00f6nknyckarfirmor"},"content":{"rendered":"<p><a href=\"https:\/\/sven-ove.nu\/?attachment_id=17056\" rel=\"attachment wp-att-17056\"><img loading=\"lazy\" decoding=\"async\" class=\"size-large wp-image-17056 alignnone\" src=\"https:\/\/sven-ove.nu\/wp-content\/uploads\/2017\/02\/Trappa-ner-1024x768.jpg\" alt=\"\" width=\"660\" height=\"495\" srcset=\"https:\/\/sven-ove.nu\/wp-content\/uploads\/2017\/02\/Trappa-ner-1024x768.jpg 1024w, https:\/\/sven-ove.nu\/wp-content\/uploads\/2017\/02\/Trappa-ner-300x225.jpg 300w, https:\/\/sven-ove.nu\/wp-content\/uploads\/2017\/02\/Trappa-ner-768x576.jpg 768w\" sizes=\"auto, (max-width: 660px) 100vw, 660px\" \/><\/a><\/p>\n<p>Har du s\u00e5lt dig?<\/p>\n<p>Det hoppas jag inte. Inte din sj\u00e4l. D\u00e4remot hoppas jag att du har kunnat s\u00e4lja din arbetskraft. Vi g\u00f6r ju det n\u00e4r vi f\u00e5r jobb och skriver p\u00e5 avtal med arbetsk\u00f6paren. &#8221;Jag ger dig mina musklers och hj\u00e4rnvindlingars arbete, du ger mig en sk\u00e4lig l\u00f6n den 25:e varje m\u00e5nad&#8221;.<\/p>\n<p>Om du inte jobbar \u00e5t dig sj\u00e4lv, vill s\u00e4ga.<\/p>\n<p><strong>Stal hans livs stund<br \/>\n<\/strong>Bensinfirman med det outtalbara namnet var fulare. Den tog vad den ville ha. Gratis.<\/p>\n<p>&#8211; De har stulit mitt livs st\u00f6rsta idrotts\u00f6gonblick, s\u00e4ger forne h\u00f6jdhopparen Stefan Holm. Varum\u00e4rkesintr\u00e5ng h\u00e4vdar han. Bensinkedjan anv\u00e4nde hans guldhopp i Aten-OS i en reklamjingel. Huvudpersonen kallas visserligen Stefan Wong och hoppar inte, han tankar bensin.<\/p>\n<p>Du f\u00e5r inte anv\u00e4nda n\u00e5gons bild eller namn i reklamsammanhang utan att den personen g\u00e5r med p\u00e5 det, f\u00f6rklarar Holm.<\/p>\n<p>&#8211; Mycket f\u00e5r man st\u00e5 ut med som offentlig person. Men ska ett f\u00f6retag tj\u00e4na pengar p\u00e5 mig utan min till\u00e5telse? D\u00e4r g\u00e5r gr\u00e4nsen!<\/p>\n<p><strong>Fick aldrig chansen<br \/>\n<\/strong>Varf\u00f6r kommer jag att t\u00e4nka p\u00e5 Volvo? F\u00f6r n\u00e5gra \u00e5r sedan k\u00f6pte de Mando Diaos vackra inspelning av Str\u00f6vt\u00e5g i hembygden och anv\u00e4nde den i en <span style=\"color: #ff0000;\"><a style=\"color: #ff0000;\" href=\"https:\/\/sven-ove.nu\/?p=4592\">bilreklam<\/a><\/span>. Utan att fr\u00e5ga upphovsmannen Gustaf Fr\u00f6ding om lov.<\/p>\n<p>Lagligt i det fallet, eftersom han varit tillr\u00e4ckligt d\u00f6d tillr\u00e4ckligt l\u00e4nge, men knappast moraliskt. F\u00e5 av oss tror att Fr\u00f6ding ville att raderna om hembygden och den sjuke fadern skulle anv\u00e4ndas f\u00f6r att f\u00f6rs\u00e4lja\u00a0fortskaffningsmedel.<\/p>\n<p>Han fick aldrig chansen att protestera. Inte Stefan Holm heller.<\/p>\n<p>St1? Uttalas det &#8221;Stett&#8221; eller &#8221;Stone&#8221; eller &#8221;Sten&#8221;?<br \/>\nEn g\u00e5ng fr\u00e5gade jag en anst\u00e4lld.<\/p>\n<p>Hon visste inte.<\/p>\n<p><span style=\"color: #0000ff;\"><a style=\"color: #0000ff;\" href=\"https:\/\/sven-ove.nu\/\">Hem<\/a><\/span>\u00a0|\u00a0<span style=\"color: #0000ff;\"><a style=\"color: #0000ff;\" href=\"https:\/\/sven-ove.nu\/?page_id=170\">Om mig<\/a><\/span>\u00a0|\u00a0<span style=\"color: #0000ff;\"><a style=\"color: #0000ff;\" href=\"https:\/\/sven-ove.nu\/?page_id=1385\">Skriva &amp; prata<\/a><\/span>\u00a0|\u00a0<span style=\"color: #0000ff;\"><a style=\"color: #0000ff;\" href=\"https:\/\/sven-ove.nu\/?page_id=100\">Politik<\/a><\/span>\u00a0|\u00a0<span style=\"color: #0000ff;\"><a style=\"color: #0000ff;\" href=\"https:\/\/sven-ove.nu\/?page_id=102\">L\u00f6pa<\/a><\/span>\u00a0|\u00a0<span style=\"color: #0000ff;\"><a style=\"color: #0000ff;\" href=\"https:\/\/sven-ove.nu\/?page_id=108\">Viktor Root<\/a><\/span>\u00a0| <a href=\"https:\/\/sven-ove.nu\/?page_id=15908\"><span style=\"color: #0000ff;\">Firman<\/span>\u00a0<\/a>|\u00a0<span style=\"color: #0000ff;\"><a style=\"color: #0000ff;\" href=\"https:\/\/sven-ove.nu\/?page_id=15638\">K\u00f4ppra<\/a><\/span><\/p>\n","protected":false},"excerpt":{"rendered":"<p>Har du s\u00e5lt dig? Det hoppas jag inte. Inte din sj\u00e4l. D\u00e4remot hoppas jag att du har kunnat s\u00e4lja din arbetskraft. Vi g\u00f6r ju det n\u00e4r vi f\u00e5r jobb och skriver p\u00e5 avtal med arbetsk\u00f6paren. &#8221;Jag ger dig mina musklers och hj\u00e4rnvindlingars arbete, du ger mig en sk\u00e4lig l\u00f6n den 25:e varje m\u00e5nad&#8221;. Om du &hellip; <a href=\"https:\/\/sven-ove.nu\/?p=17051\" class=\"more-link\">Forts\u00e4tt l\u00e4sa <span class=\"screen-reader-text\">L\u00f6nknyckarfirmor<\/span><\/a><\/p>\n","protected":false},"author":1,"featured_media":0,"comment_status":"open","ping_status":"open","sticky":false,"template":"","format":"standard","meta":{"_crdt_document":"","_monsterinsights_skip_tracking":false,"_monsterinsights_sitenote_active":false,"_monsterinsights_sitenote_note":"","_monsterinsights_sitenote_category":0,"footnotes":""},"categories":[28],"tags":[3,16,15],"class_list":["post-17051","post","type-post","status-publish","format-standard","hentry","category-kreativt-folk","tag-arbete","tag-dumheter","tag-mediedjungeln"],"_links":{"self":[{"href":"https:\/\/sven-ove.nu\/index.php?rest_route=\/wp\/v2\/posts\/17051","targetHints":{"allow":["GET"]}}],"collection":[{"href":"https:\/\/sven-ove.nu\/index.php?rest_route=\/wp\/v2\/posts"}],"about":[{"href":"https:\/\/sven-ove.nu\/index.php?rest_route=\/wp\/v2\/types\/post"}],"author":[{"embeddable":true,"href":"https:\/\/sven-ove.nu\/index.php?rest_route=\/wp\/v2\/users\/1"}],"replies":[{"embeddable":true,"href":"https:\/\/sven-ove.nu\/index.php?rest_route=%2Fwp%2Fv2%2Fcomments&post=17051"}],"version-history":[{"count":6,"href":"https:\/\/sven-ove.nu\/index.php?rest_route=\/wp\/v2\/posts\/17051\/revisions"}],"predecessor-version":[{"id":17058,"href":"https:\/\/sven-ove.nu\/index.php?rest_route=\/wp\/v2\/posts\/17051\/revisions\/17058"}],"wp:attachment":[{"href":"https:\/\/sven-ove.nu\/index.php?rest_route=%2Fwp%2Fv2%2Fmedia&parent=17051"}],"wp:term":[{"taxonomy":"category","embeddable":true,"href":"https:\/\/sven-ove.nu\/index.php?rest_route=%2Fwp%2Fv2%2Fcategories&post=17051"},{"taxonomy":"post_tag","embeddable":true,"href":"https:\/\/sven-ove.nu\/index.php?rest_route=%2Fwp%2Fv2%2Ftags&post=17051"}],"curies":[{"name":"wp","href":"https:\/\/api.w.org\/{rel}","templated":true}]}}