{"id":17074,"date":"2017-02-08T05:00:55","date_gmt":"2017-02-08T04:00:55","guid":{"rendered":"http:\/\/sven-ove.nu\/?p=17074"},"modified":"2017-02-09T09:26:20","modified_gmt":"2017-02-09T08:26:20","slug":"8-febr-en-dag-pa-skidbibblan","status":"publish","type":"post","link":"https:\/\/sven-ove.nu\/?p=17074","title":{"rendered":"En dag p\u00e5 \u201dSkidbibblan\u201d"},"content":{"rendered":"<p><a href=\"https:\/\/sven-ove.nu\/?attachment_id=17079\" rel=\"attachment wp-att-17079\"><img loading=\"lazy\" decoding=\"async\" class=\"size-large wp-image-17079 alignnone\" src=\"https:\/\/sven-ove.nu\/wp-content\/uploads\/2017\/02\/L\u00e5natp\u00e5Fritidsbanken-1024x980.jpg\" alt=\"\" width=\"660\" height=\"632\" srcset=\"https:\/\/sven-ove.nu\/wp-content\/uploads\/2017\/02\/L\u00e5natp\u00e5Fritidsbanken-1024x980.jpg 1024w, https:\/\/sven-ove.nu\/wp-content\/uploads\/2017\/02\/L\u00e5natp\u00e5Fritidsbanken-300x287.jpg 300w, https:\/\/sven-ove.nu\/wp-content\/uploads\/2017\/02\/L\u00e5natp\u00e5Fritidsbanken-768x735.jpg 768w\" sizes=\"auto, (max-width: 660px) 100vw, 660px\" \/><\/a><\/p>\n<blockquote><p>En dag \u00e5ker jag till Deje, eftersom n\u00e5gra jag k\u00e4nner vill \u00e5ka utf\u00f6r och beh\u00f6ver l\u00e5na grejor. Mitt m\u00e5l \u00e4r \u201dSkidbibblan\u201d. Nu v\u00e4xer den f\u00f6r fullt \u00f6ver landet, f\u00f6reningen Fritidsbanken som n\u00e5gra entusiaster i v\u00e5r kommun startade.<\/p>\n<p>Entusiaster med hj\u00e4rta.<\/p><\/blockquote>\n<p>Februari i Mellansverige. En s\u00e5dan d\u00e4r gr\u00e5 vardag som moderna medier normalt har sv\u00e5rt att klara av. Den passar inte riktigt in p\u00e5 nyhetsdefinitionen. Fast det h\u00e4r vardagsprojektet har lyckats bra med att skapa uppm\u00e4rksamhet.<\/p>\n<p>&#8211; T\u00e4nk va\u2019 m\u00e5nga som har f\u00e5tt hj\u00e4lp, s\u00e4ger Sven-Erik Persson och bjuder p\u00e5 kaffe. Sedan ber\u00e4ttar han om elever som f\u00f6rr stannade hemma fr\u00e5n idrottsdagarna, eftersom de inte hade r\u00e5d med utrustningen. Om ungdomar p\u00e5 HVB-hemmen som nu kan vara med och \u00e5ka skidor eller spela fotboll. Om barnfamiljer som sparat pengar p\u00e5 att slippa k\u00f6pa nytt.<\/p>\n<p><strong>30 m\u00f6tesplatser<br \/>\n<\/strong>F\u00f6r fyra \u00e5r sedan invigdes den f\u00f6rsta Fritidsbanken i bruksorten Deje. D\u00e5 hade insamlingen av fritidsutrustning p\u00e5g\u00e5tt n\u00e5gra m\u00e5nader och det var dags att b\u00f6rja l\u00e5na ut grejorna. TV hade gjort reportage och folk tittade intresserat p\u00e5 det lilla tegelhuset p\u00e5 Korsv\u00e4gen n\u00e4r de for f\u00f6rbi.<\/p>\n<p><a href=\"https:\/\/sven-ove.nu\/?attachment_id=17080\" rel=\"attachment wp-att-17080\"><img loading=\"lazy\" decoding=\"async\" class=\"alignright size-thumbnail wp-image-17080\" src=\"https:\/\/sven-ove.nu\/wp-content\/uploads\/2017\/02\/Sk\u00e4rmavbild-2017-02-06-kl.-15.05.42-150x150.png\" alt=\"\" width=\"150\" height=\"150\" \/><\/a>Utrustning hade de men skulle n\u00e5gon komma och l\u00e5na? Svar ja, det blev succ\u00e9 och id\u00e9n spred sig. I dag finns Fritidsbanken p\u00e5 30 platser i landet och fler \u00e4r p\u00e5 g\u00e5ng. H\u00e4r kan du se vilka orter Dejeinitiativet n\u00e5tt hittills: <span style=\"color: #0000ff;\"><a style=\"color: #0000ff;\" href=\"https:\/\/www.fritidsbanken.se\">fritidsbanken.se<\/a><\/span>. P\u00e5 Facebook hittar du Dejeentusiasterna <span style=\"color: #0000ff;\"><a style=\"color: #0000ff;\" href=\"https:\/\/www.facebook.com\/Fritidsbanken-Deje-526804057500057\/?fref=ts\">h\u00e4r<\/a><\/span>.<\/p>\n<p>Fritidsbanken \u00e4r inte bara ett st\u00e4lle d\u00e4r du l\u00e5nar sportprylar, menar grundarna. Det \u00e4r en m\u00f6tesplats d\u00e4r villkoren \u00e4r lika f\u00f6r alla. Det spelar ingen roll var du \u00e4r f\u00f6dd, hur gammal du \u00e4r, vilket k\u00f6n du har, om du \u00e4r rik eller fattig, tjock eller smal. Alla f\u00e5r l\u00e5na. Allt \u00e4r gratis. S\u00e5 har det varit sedan starten och s\u00e5 ska det f\u00f6rbli.<\/p>\n<p>Fritidsbanken i Deje l\u00e5nar ut en hel del, ber\u00e4ttar de p\u00e5 sin Facebooksida. Skridskor, inlines, l\u00e4ngdskidor, slalomskidor, pj\u00e4xor, snowboards, fotbollsskor, hockeyutrustning, cyklar, ridst\u00f6vlar, skateboards, gymnastikskor, b\u00e4rryggs\u00e4ckar, liggunderlag och klubbor. Med mera.<\/p>\n<p><a href=\"https:\/\/sven-ove.nu\/?attachment_id=17081\" rel=\"attachment wp-att-17081\"><img loading=\"lazy\" decoding=\"async\" class=\"size-large wp-image-17081 alignnone\" src=\"https:\/\/sven-ove.nu\/wp-content\/uploads\/2017\/02\/Sk\u00e4rmavbild-2017-02-06-kl.-15.07.54-1024x522.png\" alt=\"\" width=\"660\" height=\"336\" srcset=\"https:\/\/sven-ove.nu\/wp-content\/uploads\/2017\/02\/Sk\u00e4rmavbild-2017-02-06-kl.-15.07.54-1024x522.png 1024w, https:\/\/sven-ove.nu\/wp-content\/uploads\/2017\/02\/Sk\u00e4rmavbild-2017-02-06-kl.-15.07.54-300x153.png 300w, https:\/\/sven-ove.nu\/wp-content\/uploads\/2017\/02\/Sk\u00e4rmavbild-2017-02-06-kl.-15.07.54-768x392.png 768w, https:\/\/sven-ove.nu\/wp-content\/uploads\/2017\/02\/Sk\u00e4rmavbild-2017-02-06-kl.-15.07.54.png 1251w\" sizes=\"auto, (max-width: 660px) 100vw, 660px\" \/><\/a><\/p>\n<p><strong>Mer spontanidrott, b\u00e4ttre milj\u00f6<br \/>\n<\/strong>&#8211; Anv\u00e4nder du bara skridskorna en g\u00e5ng vart fj\u00e4rde \u00e5r? D\u00e5 \u00e4r det v\u00e4l b\u00e4ttre att de finns p\u00e5 Fritidsbanken, d\u00e4r de kan l\u00e5nas ut och anv\u00e4ndas kontinuerligt, \u00e4n att de bara tar plats i din k\u00e4llare? N\u00e4r det \u00e4r dags att \u00e5ka l\u00e5nar du ett par. Helt gratis.<\/p>\n<p>&#8211; Det \u00e4r tack vare folk som t\u00e4nker s\u00e5 som Fritidsbanken finns. Utan privatpersoner som sk\u00e4nker utrustning hade vi ingen verksamhet.<\/p>\n<p>Om detta pratar Sven-Erik Persson och jag, medan han skruvar med \u00e4nnu ett par slalombindningar.<br \/>\n&#8211; Hur mycket var det han v\u00e4gde, sa du?<br \/>\n&#8211; Tretti\u00a0kilo.<\/p>\n<p><em><span style=\"color: #ff0000;\">###<\/span> Fritidsbanken l\u00e5nar ut sport- och fritidsprylar gratis i tv\u00e5 veckor.<\/em><br \/>\n<em> <span style=\"color: #ff0000;\">###<\/span> F\u00f6reningen tar vara p\u00e5 utrustning som privatpersoner inte l\u00e4ngre anv\u00e4nder. Det bidrar till \u00f6kad spontanidrott och ett h\u00e5llbart samh\u00e4lle.<\/em><br \/>\n<em> <span style=\"color: #ff0000;\">###<\/span> Fritidsbanken fick \u00c5rets hederspris p\u00e5 \u00c5tervinningsgalan 2013, Svenska Barnidrottspriset samma \u00e5r och blev utsedd till \u00c5rets initiativ p\u00e5 Civilsamh\u00e4llesgalan 2016.<\/em><\/p>\n<p><span style=\"color: #0000ff;\"><a style=\"color: #0000ff;\" href=\"https:\/\/sven-ove.nu\/\">Hem<\/a><\/span>\u00a0|\u00a0<span style=\"color: #0000ff;\"><a style=\"color: #0000ff;\" href=\"https:\/\/sven-ove.nu\/?page_id=170\">Om mig<\/a><\/span>\u00a0|\u00a0<span style=\"color: #0000ff;\"><a style=\"color: #0000ff;\" href=\"https:\/\/sven-ove.nu\/?page_id=1385\">Skriva &amp; prata<\/a><\/span>\u00a0|\u00a0<span style=\"color: #0000ff;\"><a style=\"color: #0000ff;\" href=\"https:\/\/sven-ove.nu\/?page_id=100\">Politik<\/a><\/span>\u00a0|\u00a0<span style=\"color: #0000ff;\"><a style=\"color: #0000ff;\" href=\"https:\/\/sven-ove.nu\/?page_id=102\">L\u00f6pa<\/a><\/span>\u00a0|\u00a0<span style=\"color: #0000ff;\"><a style=\"color: #0000ff;\" href=\"https:\/\/sven-ove.nu\/?page_id=108\">Viktor Root<\/a><\/span>\u00a0| <a href=\"https:\/\/sven-ove.nu\/?page_id=15908\"><span style=\"color: #0000ff;\">Firman<\/span>\u00a0<\/a>|\u00a0<span style=\"color: #0000ff;\"><a style=\"color: #0000ff;\" href=\"https:\/\/sven-ove.nu\/?page_id=15638\">K\u00f4ppra<\/a><\/span><\/p>\n","protected":false},"excerpt":{"rendered":"<p>En dag \u00e5ker jag till Deje, eftersom n\u00e5gra jag k\u00e4nner vill \u00e5ka utf\u00f6r och beh\u00f6ver l\u00e5na grejor. Mitt m\u00e5l \u00e4r \u201dSkidbibblan\u201d. Nu v\u00e4xer den f\u00f6r fullt \u00f6ver landet, f\u00f6reningen Fritidsbanken som n\u00e5gra entusiaster i v\u00e5r kommun startade. Entusiaster med hj\u00e4rta. Februari i Mellansverige. En s\u00e5dan d\u00e4r gr\u00e5 vardag som moderna medier normalt har sv\u00e5rt att &hellip; <a href=\"https:\/\/sven-ove.nu\/?p=17074\" class=\"more-link\">Forts\u00e4tt l\u00e4sa <span class=\"screen-reader-text\">En dag p\u00e5 \u201dSkidbibblan\u201d<\/span><\/a><\/p>\n","protected":false},"author":1,"featured_media":0,"comment_status":"open","ping_status":"open","sticky":false,"template":"","format":"standard","meta":{"_crdt_document":"","_monsterinsights_skip_tracking":false,"_monsterinsights_sitenote_active":false,"_monsterinsights_sitenote_note":"","_monsterinsights_sitenote_category":0,"footnotes":""},"categories":[28],"tags":[17,13],"class_list":["post-17074","post","type-post","status-publish","format-standard","hentry","category-kreativt-folk","tag-solidaritet","tag-utrustning"],"_links":{"self":[{"href":"https:\/\/sven-ove.nu\/index.php?rest_route=\/wp\/v2\/posts\/17074","targetHints":{"allow":["GET"]}}],"collection":[{"href":"https:\/\/sven-ove.nu\/index.php?rest_route=\/wp\/v2\/posts"}],"about":[{"href":"https:\/\/sven-ove.nu\/index.php?rest_route=\/wp\/v2\/types\/post"}],"author":[{"embeddable":true,"href":"https:\/\/sven-ove.nu\/index.php?rest_route=\/wp\/v2\/users\/1"}],"replies":[{"embeddable":true,"href":"https:\/\/sven-ove.nu\/index.php?rest_route=%2Fwp%2Fv2%2Fcomments&post=17074"}],"version-history":[{"count":9,"href":"https:\/\/sven-ove.nu\/index.php?rest_route=\/wp\/v2\/posts\/17074\/revisions"}],"predecessor-version":[{"id":17089,"href":"https:\/\/sven-ove.nu\/index.php?rest_route=\/wp\/v2\/posts\/17074\/revisions\/17089"}],"wp:attachment":[{"href":"https:\/\/sven-ove.nu\/index.php?rest_route=%2Fwp%2Fv2%2Fmedia&parent=17074"}],"wp:term":[{"taxonomy":"category","embeddable":true,"href":"https:\/\/sven-ove.nu\/index.php?rest_route=%2Fwp%2Fv2%2Fcategories&post=17074"},{"taxonomy":"post_tag","embeddable":true,"href":"https:\/\/sven-ove.nu\/index.php?rest_route=%2Fwp%2Fv2%2Ftags&post=17074"}],"curies":[{"name":"wp","href":"https:\/\/api.w.org\/{rel}","templated":true}]}}