{"id":17090,"date":"2017-02-10T05:00:00","date_gmt":"2017-02-10T04:00:00","guid":{"rendered":"http:\/\/sven-ove.nu\/?p=17090"},"modified":"2017-02-09T09:40:04","modified_gmt":"2017-02-09T08:40:04","slug":"nar-forskningen-gor-mig-tvarilsk","status":"publish","type":"post","link":"https:\/\/sven-ove.nu\/?p=17090","title":{"rendered":"N\u00e4r forskningen g\u00f6r mig tv\u00e4rilsk"},"content":{"rendered":"<p><a href=\"https:\/\/sven-ove.nu\/?attachment_id=17095\" rel=\"attachment wp-att-17095\"><img loading=\"lazy\" decoding=\"async\" class=\"size-large wp-image-17095 alignnone\" src=\"https:\/\/sven-ove.nu\/wp-content\/uploads\/2017\/02\/Kaffep\u00e5balkong-1024x1024.jpg\" alt=\"\" width=\"660\" height=\"660\" srcset=\"https:\/\/sven-ove.nu\/wp-content\/uploads\/2017\/02\/Kaffep\u00e5balkong-1024x1024.jpg 1024w, https:\/\/sven-ove.nu\/wp-content\/uploads\/2017\/02\/Kaffep\u00e5balkong-150x150.jpg 150w, https:\/\/sven-ove.nu\/wp-content\/uploads\/2017\/02\/Kaffep\u00e5balkong-300x300.jpg 300w, https:\/\/sven-ove.nu\/wp-content\/uploads\/2017\/02\/Kaffep\u00e5balkong-768x768.jpg 768w, https:\/\/sven-ove.nu\/wp-content\/uploads\/2017\/02\/Kaffep\u00e5balkong.jpg 1280w\" sizes=\"auto, (max-width: 660px) 100vw, 660px\" \/><\/a><\/p>\n<blockquote><p>N\u00e5gra dagar n\u00e4r solen lyst har jag tr\u00e4nat. En ny form av intervalltr\u00e4ning: att g\u00f6ra ingenting. \u201dL\u00e4ttast g\u00e5r passet att utf\u00f6ra p\u00e5 balkonger med vidstr\u00e4ckt utsikt\u201d, har jag inbillat mig sj\u00e4lv.<\/p>\n<p>D\u00e4r, p\u00e5 v\u00e5r s\u00e4llan anv\u00e4nda joddlarhylla, inser jag sakta vilken sv\u00e5r uppgift jag gett mig sj\u00e4lv.<\/p><\/blockquote>\n<p>Jag \u00e4r uppv\u00e4xt p\u00e5 ett mindre jordbruk och fick mitt f\u00f6rsta l\u00f6nearbete p\u00e5 ett bruk, ett s\u00e5gverk. Mina sp\u00e4da armmuskler \u00e4r marinerade med tidigare generationers bondf\u00f6rnuft och arbetarmoral.<\/p>\n<p><em>Du skall g\u00f6ra r\u00e4tt f\u00f6r dig.<br \/>\n<\/em><em>Du skall icke b\u00e4ra hand i ficka. \u201dFryser du \u00f4m h\u00e4nnera?\u201d.<br \/>\n<\/em><em>Du skall icke b\u00e4ra m\u00f6ssa inomhus, inte ute heller n\u00e4r du h\u00e4lsar p\u00e5 n\u00e5gon. \u201dHar du \u00e4gg i m\u00f6ssa\u2019?\u201d.<br \/>\n<\/em><em>Du skall icke sitta n\u00e4r det g\u00e5r att st\u00e5.<br \/>\n<\/em><em>Du skall icke st\u00e5 n\u00e4r det g\u00e5r att r\u00f6ra p\u00e5 sig.<br \/>\n<\/em><em>Arbete befordrar h\u00e4lsa och v\u00e4lst\u00e5nd och hindrar m\u00e5nga tillf\u00e4llen till synd.<br \/>\n<\/em><em>Arbetet adlar mannen.<br \/>\n<\/em><em>Arbetaren \u00e4r sin l\u00f6n v\u00e4rd.<br \/>\n<\/em><em>Arbetare i alla l\u00e4nder, f\u00f6renen Eder!<\/em><\/p>\n<p><strong>Lata sig f\u00e5r en g\u00f6ra p\u00e5 k\u00f6rrg\u00e5rn<br \/>\n<\/strong>N\u00e5ja, alla sm\u00e5b\u00f6nder st\u00e4llde inte upp p\u00e5 det sista, om arbetarklassens organisering, men en skulle arbeta, den saken var klar. Du fick m\u00f6jligen vila dig kall d\u00e4rhemma n\u00e4r solen g\u00e5tt ner men n\u00e4r du arbetade skulle du jobba dig svettig, allt annat var herrskapstakter.<\/p>\n<p>N\u00e4r k\u00e4re far en dag sa till farfar att nu \u00e4r du s\u00e5 gammal att du kan f\u00e5 lov att ta det lugnt i forts\u00e4ttningen p\u00e5 v\u00e5r g\u00e5rd, d\u00e5 blev han tv\u00e4rilsk ber\u00e4ttar de som minns. Farfar pension\u00e4ren for fort iv\u00e4g med arga steg till ett uthus och satte sig att sortera potatis i tv\u00e5 h\u00f6gar. Stora pot\u00e4ter f\u00f6r folk, grispotatis \u00e5t svinen.<\/p>\n<p>H\u00e4r ska inte vilas, lata sig f\u00e5r en g\u00f6ra p\u00e5 k\u00f6rrg\u00e5rn.<\/p>\n<p><strong>N\u00e4stan som ett riktigt verktyg<br \/>\n<\/strong>S\u00e5 ser mina gener och min uppfostran ut. Tro nu f\u00f6r den skull inte att jag g\u00e5tt genom livet som n\u00e5gon Arbetets Hj\u00e4lte, det \u00e4r inte det jag s\u00e4ger. Vad jag p\u00e5st\u00e5r \u00e4r att n\u00e4r jag f\u00f6rs\u00f6ker lata mig s\u00e5 sitter det en anmoder eller -fader p\u00e5 h\u00f6gra axeln och ropar i mitt \u00f6ra:<\/p>\n<p>&#8211; FRYSER DU \u00d4M H\u00c4NNERA, P\u00d4JK?<\/p>\n<p>D\u00e5 letar en fort efter n\u00e5got att plocka med. En d\u00f6dst\u00e4dning att slutf\u00f6ra. En diskmaskin att t\u00f6mma, fylla och starta. En kaffedukning tills Hon Som \u00c4r Kvar I Arbetslivet kommer hem. Ett blogginl\u00e4gg att fila p\u00e5. Den gamle murveln, f\u00f6rfattaren och informat\u00f6ren i mig tror att \u00e4ven ett bloggjobb f\u00e5r r\u00e4knas som arbete eftersom det utf\u00f6rs med tangentbord. Ett tangentbord \u00e4r n\u00e4stan som ett riktigt verktyg, t\u00e4nker han. Vad ska en fattig pojke g\u00f6ra, n\u00e4r grispotatisen \u00e4r upp\u00e4ten?<\/p>\n<p>Ibland tror han till och med att s\u00e5nt som du g\u00f6r med truten \u00e4r arbete.<\/p>\n<p><strong>Misslyckas b\u00e5da g\u00e5ngerna<br \/>\n<\/strong>N\u00e5, en dag best\u00e4mmer jag mig f\u00f6r att f\u00f6rs\u00f6ka. Du \u00e4r faktiskt 66 \u00e5r, Svensson, varenda m\u00e5nad kommer det sm\u00e5 bidrag fr\u00e5n ett par pensionsinstitut och ingen sn\u00f6 har du att skotta. Du kan lika g\u00e4rna ta det lugnt, du f\u00e5r det. Sol\u2019n skiner, s\u00e4tt dig p\u00e5 balkongen och g\u00f6r inte ett enda dugg. J\u00e4mt ittn\u00f4. G\u00f6r d\u00e4\u2019.<\/p>\n<p>Tv\u00e5 g\u00e5nger f\u00f6rs\u00f6ker jag. B\u00e5da g\u00e5ngerna skriver jag stolta Facebookinl\u00e4gg om min intervalltr\u00e4ning i att g\u00f6ra ingenting.<\/p>\n<p>En liten stund g\u00e5r det att lura sig sj\u00e4lv men inte l\u00e4nge. Tung \u00e4r kunskapen, n\u00e4r den sakta g\u00e5r upp f\u00f6r mig. Dystert \u00e4r mitt skarpa forskningsresultat:<\/p>\n<p style=\"padding-left: 30px;\"><strong>Jag kan inte sitta stilla, tomh\u00e4nt.<br \/>\n<\/strong><strong>Ingenting finns inte.<\/strong><\/p>\n<p>Jag blir s\u00e5 f\u00f6rbaskad. S\u00e5 j\u00e4dra tv\u00e4rilsk. Vart f-n \u00e4r potatisbingen? Har vi ingen potatisbinge? Inte en gris ens, bara tjugo inplanterade vildgrisar borta p\u00e5 skogen?<\/p>\n<p>Dretvinter.<\/p>\n<p><span style=\"color: #0000ff;\"><a style=\"color: #0000ff;\" href=\"https:\/\/sven-ove.nu\/\">Hem<\/a><\/span>\u00a0|\u00a0<span style=\"color: #0000ff;\"><a style=\"color: #0000ff;\" href=\"https:\/\/sven-ove.nu\/?page_id=170\">Om mig<\/a><\/span>\u00a0|\u00a0<span style=\"color: #0000ff;\"><a style=\"color: #0000ff;\" href=\"https:\/\/sven-ove.nu\/?page_id=1385\">Skriva &amp; prata<\/a><\/span>\u00a0|\u00a0<span style=\"color: #0000ff;\"><a style=\"color: #0000ff;\" href=\"https:\/\/sven-ove.nu\/?page_id=100\">Politik<\/a><\/span>\u00a0|\u00a0<span style=\"color: #0000ff;\"><a style=\"color: #0000ff;\" href=\"https:\/\/sven-ove.nu\/?page_id=102\">L\u00f6pa<\/a><\/span>\u00a0|\u00a0<span style=\"color: #0000ff;\"><a style=\"color: #0000ff;\" href=\"https:\/\/sven-ove.nu\/?page_id=108\">Viktor Root<\/a><\/span>\u00a0| <a href=\"https:\/\/sven-ove.nu\/?page_id=15908\"><span style=\"color: #0000ff;\">Firman<\/span>\u00a0<\/a>|\u00a0<span style=\"color: #0000ff;\"><a style=\"color: #0000ff;\" href=\"https:\/\/sven-ove.nu\/?page_id=15638\">K\u00f4ppra<\/a><\/span><\/p>\n","protected":false},"excerpt":{"rendered":"<p>N\u00e5gra dagar n\u00e4r solen lyst har jag tr\u00e4nat. En ny form av intervalltr\u00e4ning: att g\u00f6ra ingenting. \u201dL\u00e4ttast g\u00e5r passet att utf\u00f6ra p\u00e5 balkonger med vidstr\u00e4ckt utsikt\u201d, har jag inbillat mig sj\u00e4lv. D\u00e4r, p\u00e5 v\u00e5r s\u00e4llan anv\u00e4nda joddlarhylla, inser jag sakta vilken sv\u00e5r uppgift jag gett mig sj\u00e4lv. Jag \u00e4r uppv\u00e4xt p\u00e5 ett mindre jordbruk och &hellip; <a href=\"https:\/\/sven-ove.nu\/?p=17090\" class=\"more-link\">Forts\u00e4tt l\u00e4sa <span class=\"screen-reader-text\">N\u00e4r forskningen g\u00f6r mig tv\u00e4rilsk<\/span><\/a><\/p>\n","protected":false},"author":1,"featured_media":0,"comment_status":"open","ping_status":"open","sticky":false,"template":"","format":"standard","meta":{"_crdt_document":"","_monsterinsights_skip_tracking":false,"_monsterinsights_sitenote_active":false,"_monsterinsights_sitenote_note":"","_monsterinsights_sitenote_category":0,"footnotes":""},"categories":[10],"tags":[3,18],"class_list":["post-17090","post","type-post","status-publish","format-standard","hentry","category-familjen","tag-arbete","tag-lardomar"],"_links":{"self":[{"href":"https:\/\/sven-ove.nu\/index.php?rest_route=\/wp\/v2\/posts\/17090","targetHints":{"allow":["GET"]}}],"collection":[{"href":"https:\/\/sven-ove.nu\/index.php?rest_route=\/wp\/v2\/posts"}],"about":[{"href":"https:\/\/sven-ove.nu\/index.php?rest_route=\/wp\/v2\/types\/post"}],"author":[{"embeddable":true,"href":"https:\/\/sven-ove.nu\/index.php?rest_route=\/wp\/v2\/users\/1"}],"replies":[{"embeddable":true,"href":"https:\/\/sven-ove.nu\/index.php?rest_route=%2Fwp%2Fv2%2Fcomments&post=17090"}],"version-history":[{"count":7,"href":"https:\/\/sven-ove.nu\/index.php?rest_route=\/wp\/v2\/posts\/17090\/revisions"}],"predecessor-version":[{"id":17098,"href":"https:\/\/sven-ove.nu\/index.php?rest_route=\/wp\/v2\/posts\/17090\/revisions\/17098"}],"wp:attachment":[{"href":"https:\/\/sven-ove.nu\/index.php?rest_route=%2Fwp%2Fv2%2Fmedia&parent=17090"}],"wp:term":[{"taxonomy":"category","embeddable":true,"href":"https:\/\/sven-ove.nu\/index.php?rest_route=%2Fwp%2Fv2%2Fcategories&post=17090"},{"taxonomy":"post_tag","embeddable":true,"href":"https:\/\/sven-ove.nu\/index.php?rest_route=%2Fwp%2Fv2%2Ftags&post=17090"}],"curies":[{"name":"wp","href":"https:\/\/api.w.org\/{rel}","templated":true}]}}