{"id":17099,"date":"2017-02-11T14:56:48","date_gmt":"2017-02-11T13:56:48","guid":{"rendered":"http:\/\/sven-ove.nu\/?p=17099"},"modified":"2017-02-11T15:09:05","modified_gmt":"2017-02-11T14:09:05","slug":"17099","status":"publish","type":"post","link":"https:\/\/sven-ove.nu\/?p=17099","title":{"rendered":"L\u00e5t dem inte skaffa lokal"},"content":{"rendered":"<blockquote><p>Jag tycker inte de ska ha n\u00e5n lokal. Annars vet en hur det g\u00e5r. De tr\u00e4ffas och d\u00e5 radikaliseras de. Automatiskt.<\/p><\/blockquote>\n<p>Du vill v\u00e4l inte att varenda m\u00e4nniska ska bli som dom? Minns du inte hon som svindlade landstinget p\u00e5 massor med pengar? Karln hon bodde med lurade hon ocks\u00e5. Sedan rymde <span style=\"color: #0000ff;\"><a style=\"color: #0000ff;\" href=\"http:\/\/nwt.se\/varmland\/2015\/11\/27\/annetthe-zettergren-en-fri-kvinna\">hon<\/a><\/span> till Thailand. S\u00e5 g\u00e5r det om de f\u00e5r chansen.<\/p>\n<p>Moderater har inte samma moral som vi.<\/p>\n<p>Nej, de \u00e4r verkligen inte att leka med. F\u00e5r kallstamoderaterna som de vill s\u00e5 g\u00e5r vi snart i kostym, flinar flottigt och tvingas handla i Fina Kl\u00e4daff\u00e4ren p\u00e5 Dyra Gatan allihop. Sedan s\u00e4ljer de varenda hus stan \u00e4ger till <span style=\"color: #0000ff;\"><a style=\"color: #0000ff;\" href=\"http:\/\/www.vf.se\/uncategorized\/fort-kan-latt-bli-fel\/\">halva<\/a><\/span> priset, den utf\u00f6rs\u00e4ljningen har redan b\u00f6rjat.<\/p>\n<p>Vi s\u00e4ger nej, det g\u00f6r vi. Inga lokaler till moderater.<br \/>\nEfter\u00e5t \u00e4r det\u00a0f\u00f6rsent.<\/p>\n<p><em><span style=\"color: #993300;\"><strong>###<\/strong><\/span> Detta inl\u00e4gg kan inneh\u00e5lla rester av ironi.<br \/>\n<\/em><em><span style=\"color: #993300;\"><strong>###<\/strong><\/span> Det k-a-n vara s\u00e5 att det egentligen handlar om att moderaterna i Karlstad best\u00e4mt sig.<br \/>\n<\/em><em><span style=\"color: #993300;\"><strong>###<\/strong><\/span> De s\u00e4ger <span style=\"color: #0000ff;\"><a style=\"color: #0000ff;\" href=\"http:\/\/sverigesradio.se\/sida\/artikel.aspx?programid=93&amp;artikel=6627959\">nej till en mosk\u00e9<\/a><\/span> p\u00e5 Rud i Karlstad. Ett bedr\u00f6vligt beslut.<\/em><\/p>\n<p style=\"text-align: left;\"><em><a href=\"https:\/\/sven-ove.nu\/?attachment_id=17104\" rel=\"attachment wp-att-17104\"><img loading=\"lazy\" decoding=\"async\" class=\"alignright size-medium wp-image-17104\" src=\"https:\/\/sven-ove.nu\/wp-content\/uploads\/2017\/02\/F\u00f6nster-225x300.jpg\" alt=\"\" width=\"225\" height=\"300\" srcset=\"https:\/\/sven-ove.nu\/wp-content\/uploads\/2017\/02\/F\u00f6nster-225x300.jpg 225w, https:\/\/sven-ove.nu\/wp-content\/uploads\/2017\/02\/F\u00f6nster-768x1024.jpg 768w, https:\/\/sven-ove.nu\/wp-content\/uploads\/2017\/02\/F\u00f6nster.jpg 960w\" sizes=\"auto, (max-width: 225px) 100vw, 225px\" \/><\/a><\/em><span style=\"color: #0000ff;\"><a style=\"color: #0000ff;\" href=\"https:\/\/sven-ove.nu\/\">Hem<\/a><\/span>\u00a0|\u00a0<span style=\"color: #0000ff;\"><a style=\"color: #0000ff;\" href=\"https:\/\/sven-ove.nu\/?page_id=170\">Om mig<\/a><\/span>\u00a0|\u00a0<span style=\"color: #0000ff;\"><a style=\"color: #0000ff;\" href=\"https:\/\/sven-ove.nu\/?page_id=1385\">Skriva &amp; prata<\/a><\/span>\u00a0|\u00a0<span style=\"color: #0000ff;\"><a style=\"color: #0000ff;\" href=\"https:\/\/sven-ove.nu\/?page_id=100\">Politik<\/a><\/span>\u00a0|\u00a0<span style=\"color: #0000ff;\"><a style=\"color: #0000ff;\" href=\"https:\/\/sven-ove.nu\/?page_id=102\">L\u00f6pa<\/a><\/span>\u00a0|\u00a0<span style=\"color: #0000ff;\"><a style=\"color: #0000ff;\" href=\"https:\/\/sven-ove.nu\/?page_id=108\">Viktor Root<\/a>\u00a0<\/span>| <a href=\"https:\/\/sven-ove.nu\/?page_id=15908\"><span style=\"color: #0000ff;\">Firman<\/span>\u00a0<\/a>|\u00a0<span style=\"color: #0000ff;\"><a style=\"color: #0000ff;\" href=\"https:\/\/sven-ove.nu\/?page_id=15638\">K\u00f4ppra<\/a><\/span><\/p>\n<p style=\"text-align: right;\"><em>(Huset p\u00e5 bilden\u00a0<\/em><em>har inget samband med texten).<\/em><\/p>\n","protected":false},"excerpt":{"rendered":"<p>Jag tycker inte de ska ha n\u00e5n lokal. Annars vet en hur det g\u00e5r. De tr\u00e4ffas och d\u00e5 radikaliseras de. Automatiskt. Du vill v\u00e4l inte att varenda m\u00e4nniska ska bli som dom? Minns du inte hon som svindlade landstinget p\u00e5 massor med pengar? Karln hon bodde med lurade hon ocks\u00e5. Sedan rymde hon till Thailand. &hellip; <a href=\"https:\/\/sven-ove.nu\/?p=17099\" class=\"more-link\">Forts\u00e4tt l\u00e4sa <span class=\"screen-reader-text\">L\u00e5t dem inte skaffa lokal<\/span><\/a><\/p>\n","protected":false},"author":1,"featured_media":0,"comment_status":"open","ping_status":"open","sticky":false,"template":"","format":"standard","meta":{"_crdt_document":"","_monsterinsights_skip_tracking":false,"_monsterinsights_sitenote_active":false,"_monsterinsights_sitenote_note":"","_monsterinsights_sitenote_category":0,"footnotes":""},"categories":[9],"tags":[16],"class_list":["post-17099","post","type-post","status-publish","format-standard","hentry","category-politik","tag-dumheter"],"_links":{"self":[{"href":"https:\/\/sven-ove.nu\/index.php?rest_route=\/wp\/v2\/posts\/17099","targetHints":{"allow":["GET"]}}],"collection":[{"href":"https:\/\/sven-ove.nu\/index.php?rest_route=\/wp\/v2\/posts"}],"about":[{"href":"https:\/\/sven-ove.nu\/index.php?rest_route=\/wp\/v2\/types\/post"}],"author":[{"embeddable":true,"href":"https:\/\/sven-ove.nu\/index.php?rest_route=\/wp\/v2\/users\/1"}],"replies":[{"embeddable":true,"href":"https:\/\/sven-ove.nu\/index.php?rest_route=%2Fwp%2Fv2%2Fcomments&post=17099"}],"version-history":[{"count":11,"href":"https:\/\/sven-ove.nu\/index.php?rest_route=\/wp\/v2\/posts\/17099\/revisions"}],"predecessor-version":[{"id":17111,"href":"https:\/\/sven-ove.nu\/index.php?rest_route=\/wp\/v2\/posts\/17099\/revisions\/17111"}],"wp:attachment":[{"href":"https:\/\/sven-ove.nu\/index.php?rest_route=%2Fwp%2Fv2%2Fmedia&parent=17099"}],"wp:term":[{"taxonomy":"category","embeddable":true,"href":"https:\/\/sven-ove.nu\/index.php?rest_route=%2Fwp%2Fv2%2Fcategories&post=17099"},{"taxonomy":"post_tag","embeddable":true,"href":"https:\/\/sven-ove.nu\/index.php?rest_route=%2Fwp%2Fv2%2Ftags&post=17099"}],"curies":[{"name":"wp","href":"https:\/\/api.w.org\/{rel}","templated":true}]}}