{"id":17112,"date":"2017-02-13T05:00:45","date_gmt":"2017-02-13T04:00:45","guid":{"rendered":"http:\/\/sven-ove.nu\/?p=17112"},"modified":"2017-02-12T19:40:19","modified_gmt":"2017-02-12T18:40:19","slug":"tes-antites-och-japanska-sjalapass","status":"publish","type":"post","link":"https:\/\/sven-ove.nu\/?p=17112","title":{"rendered":"Tes, antites och japanska sj\u00e4lapass"},"content":{"rendered":"<p>Det kan verka som om jag gillar att r\u00f6ra p\u00e5 mig. Springa, cykla, g\u00e5 i skogen, st\u00e5 och trampa p\u00e5 crosstrainern h\u00e4r hemma. Visst \u00e4r det s\u00e5, <strong>kroppen<\/strong> \u00e4r en kul maskin, men jag \u00e4r dialektiker fast det inte syns. Tes och antites \u00e4r mitt liv.<\/p>\n<p>Allts\u00e5 beh\u00f6ver <strong>sj\u00e4len<\/strong> ocks\u00e5 sin tr\u00e4ning.<\/p>\n<p>Ska du motionera sj\u00e4len kan l\u00f6pningen vara till hj\u00e4lp, fr\u00e5ga mig, men det r\u00e4cker inte. Sj\u00e4len vill ocks\u00e5 f\u00e5 b\u00e4ttre syreupptagning och den f\u00f6rm\u00e5gan kr\u00e4ver ett alternativpass d\u00e5 och d\u00e5.<\/p>\n<p>Ett tag i vinter har jag trott att detta pass best\u00e5r i att g\u00f6ra j\u00e4mt ittn\u00f4, som vi s\u00e4ger h\u00e4r p\u00e5 trakten. Precis ingenting.<\/p>\n<p>D\u00e4r hade jag fel.<\/p>\n<p>Forskningen g\u00e5r vidare. Just nu lutar jag \u00e5t att det \u00e4r mitt sudoku-spelande p\u00e5 toaletten som \u00e4r sj\u00e4lens intervallpass. F\u00f6r s\u00e4kerhets skull har jag lagt till ett nytt moment i sj\u00e4lav\u00e5rden, lika japanskt det inser jag f\u00f6rv\u00e5nat. Detta pass b\u00f6r utf\u00f6ras i l\u00e4sf\u00e5t\u00f6lj: Jag skriver haikudikter i inaktuella \u00e4mnen. D\u00e5 f\u00e5r jag tr\u00e4na b\u00e5de minnet och matten.<\/p>\n<p style=\"padding-left: 30px;\"><em>Herr Bj\u00f6rn Rosengren<br \/>\n<\/em><em>Min Teliaaktie,<br \/>\n<\/em><em>n\u00e4r f\u00e5r den v\u00e4rde?<\/em><\/p>\n<p><em>Om inte Ryssland<br \/>\n<\/em><em>l\u00e5g i Ryssland, vore vi<br \/>\n<\/em><em>r\u00e4dda f\u00f6r Norge<\/em><em>\u00a0<\/em><\/p>\n<p style=\"padding-left: 30px;\"><em>B\u00e4ste Rosengren,<br \/>\n<\/em><em>hur m\u00e5nga dyra poster<br \/>\n<\/em><em>skaffade du sj\u00e4lv?<\/em><\/p>\n<p><strong>Fotnot<\/strong>: I dag <span style=\"color: #0000ff;\"><a style=\"color: #0000ff;\" href=\"http:\/\/www.dn.se\/ekonomi\/bjorn-rosengren-angrar-lanseringen-av-telia-aktien\/\">\u00e5ngrar<\/a><\/span> Bj\u00f6rn Rosengren lanseringen av Telia-aktien. Ryssland ligger fortfarande d\u00e4r det ligger, s\u00e5nt kallas geopolitik. Sj\u00e4lv \u00e4r han ordf\u00f6rande i Norsk-Svenska Handelskammaren, s\u00e5nt kallas h\u00e4mndutn\u00e4mnd.<\/p>\n<p><span style=\"color: #0000ff;\"><a style=\"color: #0000ff;\" href=\"https:\/\/sven-ove.nu\/\">Hem<\/a><\/span>\u00a0|\u00a0<span style=\"color: #0000ff;\"><a style=\"color: #0000ff;\" href=\"https:\/\/sven-ove.nu\/?page_id=170\">Om mig<\/a><\/span>\u00a0|\u00a0<span style=\"color: #0000ff;\"><a style=\"color: #0000ff;\" href=\"https:\/\/sven-ove.nu\/?page_id=1385\">Skriva &amp; prata<\/a><\/span>\u00a0|\u00a0<span style=\"color: #0000ff;\"><a style=\"color: #0000ff;\" href=\"https:\/\/sven-ove.nu\/?page_id=100\">Politik<\/a><\/span>\u00a0|\u00a0<span style=\"color: #0000ff;\"><a style=\"color: #0000ff;\" href=\"https:\/\/sven-ove.nu\/?page_id=102\">L\u00f6pa<\/a><\/span>\u00a0|\u00a0<span style=\"color: #0000ff;\"><a style=\"color: #0000ff;\" href=\"https:\/\/sven-ove.nu\/?page_id=108\">Viktor Root<\/a><\/span>\u00a0| <a href=\"https:\/\/sven-ove.nu\/?page_id=15908\"><span style=\"color: #0000ff;\">Firman<\/span>\u00a0<\/a>|\u00a0<span style=\"color: #0000ff;\"><a style=\"color: #0000ff;\" href=\"https:\/\/sven-ove.nu\/?page_id=15638\">K\u00f4ppra<\/a><\/span><\/p>\n","protected":false},"excerpt":{"rendered":"<p>Det kan verka som om jag gillar att r\u00f6ra p\u00e5 mig. Springa, cykla, g\u00e5 i skogen, st\u00e5 och trampa p\u00e5 crosstrainern h\u00e4r hemma. Visst \u00e4r det s\u00e5, kroppen \u00e4r en kul maskin, men jag \u00e4r dialektiker fast det inte syns. Tes och antites \u00e4r mitt liv. Allts\u00e5 beh\u00f6ver sj\u00e4len ocks\u00e5 sin tr\u00e4ning. Ska du motionera &hellip; <a href=\"https:\/\/sven-ove.nu\/?p=17112\" class=\"more-link\">Forts\u00e4tt l\u00e4sa <span class=\"screen-reader-text\">Tes, antites och japanska sj\u00e4lapass<\/span><\/a><\/p>\n","protected":false},"author":1,"featured_media":17115,"comment_status":"open","ping_status":"open","sticky":false,"template":"","format":"standard","meta":{"_crdt_document":"","_monsterinsights_skip_tracking":false,"_monsterinsights_sitenote_active":false,"_monsterinsights_sitenote_note":"","_monsterinsights_sitenote_category":0,"footnotes":""},"categories":[4],"tags":[18],"class_list":["post-17112","post","type-post","status-publish","format-standard","has-post-thumbnail","hentry","category-skrivande","tag-lardomar"],"_links":{"self":[{"href":"https:\/\/sven-ove.nu\/index.php?rest_route=\/wp\/v2\/posts\/17112","targetHints":{"allow":["GET"]}}],"collection":[{"href":"https:\/\/sven-ove.nu\/index.php?rest_route=\/wp\/v2\/posts"}],"about":[{"href":"https:\/\/sven-ove.nu\/index.php?rest_route=\/wp\/v2\/types\/post"}],"author":[{"embeddable":true,"href":"https:\/\/sven-ove.nu\/index.php?rest_route=\/wp\/v2\/users\/1"}],"replies":[{"embeddable":true,"href":"https:\/\/sven-ove.nu\/index.php?rest_route=%2Fwp%2Fv2%2Fcomments&post=17112"}],"version-history":[{"count":8,"href":"https:\/\/sven-ove.nu\/index.php?rest_route=\/wp\/v2\/posts\/17112\/revisions"}],"predecessor-version":[{"id":17121,"href":"https:\/\/sven-ove.nu\/index.php?rest_route=\/wp\/v2\/posts\/17112\/revisions\/17121"}],"wp:featuredmedia":[{"embeddable":true,"href":"https:\/\/sven-ove.nu\/index.php?rest_route=\/wp\/v2\/media\/17115"}],"wp:attachment":[{"href":"https:\/\/sven-ove.nu\/index.php?rest_route=%2Fwp%2Fv2%2Fmedia&parent=17112"}],"wp:term":[{"taxonomy":"category","embeddable":true,"href":"https:\/\/sven-ove.nu\/index.php?rest_route=%2Fwp%2Fv2%2Fcategories&post=17112"},{"taxonomy":"post_tag","embeddable":true,"href":"https:\/\/sven-ove.nu\/index.php?rest_route=%2Fwp%2Fv2%2Ftags&post=17112"}],"curies":[{"name":"wp","href":"https:\/\/api.w.org\/{rel}","templated":true}]}}