{"id":17185,"date":"2017-02-21T05:00:46","date_gmt":"2017-02-21T04:00:46","guid":{"rendered":"http:\/\/sven-ove.nu\/?p=17185"},"modified":"2017-02-21T07:40:40","modified_gmt":"2017-02-21T06:40:40","slug":"17185","status":"publish","type":"post","link":"https:\/\/sven-ove.nu\/?p=17185","title":{"rendered":"Vi baksp\u00e5rar i flera kilometer"},"content":{"rendered":"<p><a href=\"https:\/\/sven-ove.nu\/?attachment_id=17192\" rel=\"attachment wp-att-17192\"><img loading=\"lazy\" decoding=\"async\" class=\"size-large wp-image-17192 alignnone\" src=\"https:\/\/sven-ove.nu\/wp-content\/uploads\/2017\/02\/\u00c5n-1024x1024.jpg\" alt=\"\" width=\"660\" height=\"660\" srcset=\"https:\/\/sven-ove.nu\/wp-content\/uploads\/2017\/02\/\u00c5n-1024x1024.jpg 1024w, https:\/\/sven-ove.nu\/wp-content\/uploads\/2017\/02\/\u00c5n-150x150.jpg 150w, https:\/\/sven-ove.nu\/wp-content\/uploads\/2017\/02\/\u00c5n-300x300.jpg 300w, https:\/\/sven-ove.nu\/wp-content\/uploads\/2017\/02\/\u00c5n-768x768.jpg 768w, https:\/\/sven-ove.nu\/wp-content\/uploads\/2017\/02\/\u00c5n.jpg 1280w\" sizes=\"auto, (max-width: 660px) 100vw, 660px\" \/><\/a><\/p>\n<blockquote><p>F\u00f6rst kommer det ett kufiskt mejl. Jag blir h\u00e4mtad m\u00e5ndag 07.45 st\u00e5r det. \u201dResan g\u00e5r mot startpunkt d\u00e4r det \u00e4r 90 grader. Vandring sker l\u00e4ngs S-\u00e5 och vi passerar B-by med sp\u00f6kambitioner. H\u00e4r h\u00e4rjade en g\u00e5ng ulven. P\u00e5 sluttampen f\u00e5r vi knapra p\u00e5 v\u00f6rten. G\u00e5ngtid 2,5 timme. Medtag fika.\u201d<\/p><\/blockquote>\n<p>Inget konstigt med det meddelandet. Det \u00e4r s\u00e5 det brukar l\u00e5ta n\u00e4r vi bjuder in varandra, Vandraren och jag. Den h\u00e4r g\u00e5ngen \u00e4r det hans tur. Gissningsleken i f\u00f6rv\u00e4g \u00e4r en del av upplevelsen.<\/p>\n<p>Jag l\u00e4gger pannan i fyra veck och klickar fram kartan p\u00e5 sk\u00e4rmen. By med sp\u00f6kambitioner, den var l\u00e4tt. Startpunkt 90 grader, hmm, han m\u00e5ste mena en bastu. Klick klick, surf surf, inte hittar jag n\u00e5gon bastu hos det byalaget. S-\u00e5n heter Skymmel\u00e5n, det namnet finns det bara ett av i hela landet. Knapra p\u00e5 v\u00f6rten? Vi ska allts\u00e5 vandra n\u00e4ra V\u00e4stra \u00d6rten sista biten.<\/p>\n<p>N\u00e4r jag hittar v\u00e4gen l\u00e4ngs sj\u00f6n s\u00e5 uppt\u00e4cker\u00a0jag startpunkten med. Strax intill S\u00f6dra H\u00e4llekils\u00e4ttern sv\u00e4nger landsv\u00e4gen 90 grader, som grusv\u00e4gar g\u00e4rna g\u00f6r mellan \u00d6rtensj\u00f6ar och hyperitberg. D\u00e4r!<\/p>\n<p><strong>F\u00f6rd\u00e4rvarbacken blir brantare<br \/>\n<\/strong>Fem \u00f6ver halv \u00e5tta st\u00e5r jag redan f\u00e4rdig p\u00e5 min garageuppfart med ryggs\u00e4cken laddad. Tv\u00e5 sm\u00f6rg\u00e5sar (ost och skinka), kaffetermos, vikmugg, tv\u00e5 clementiner, sittunderlag, kikare, mobiltelefon, kontanter och bankomatkort. Allt du beh\u00f6ver f\u00f6r ett enkelt liv i skogarna kring Butorp.<\/p>\n<p>Vandraren kommer och k\u00f6r oss fr\u00e5n Forshaga till Deje och M\u00f6lnbacka. Nedanf\u00f6r herrg\u00e5rden sv\u00e4nger vi norrut mot Genb\u00e4cken. H\u00e4r \u00e4r det fortfarande is p\u00e5 v\u00e4gen och vitt i markerna trots n\u00e5gra plusgrader. F\u00f6rd\u00e4rvarbacken blir brantare n\u00e4r den \u00e4r hal och utanf\u00f6r bilrutan passerar Torsberget, Korpberget, Lyckan, Skovel\u00e5sen och Edebys\u00e4tern.<\/p>\n<p>Det \u00e4r s\u00e4terland vi hamnat i, precis som jag trodde. Mycket riktigt, n\u00e4r v\u00e4gen sv\u00e4nger 90 bromsar han fr\u00e5n 60 till 0 och parkerar.<\/p>\n<p><strong>Ingen vanlig hund<br \/>\n<\/strong>Vi har en dr\u00f6m. Vi vill se vildsvin. Det kommer inte att lyckas i dag heller. Varg d\u00e5? \u201dH\u00e4r h\u00e4rjade en g\u00e5ng ulven\u201d skrev inbjudan. Som om inte jag skulle minnas vad idrottsf\u00f6reningen i Butorp hette. Ulven. Klubbens tyngdlyftare Bosse \u201dButorparn\u201d Svensson t\u00e4vlade i landslaget f\u00f6r drygt 50 \u00e5r sedan.<\/p>\n<p>N\u00e4r vi kliver ur bilen finns flera vargobservationer fr\u00e5n trakten noterade p\u00e5 webbplatsen <span style=\"color: #0000ff;\"><a style=\"color: #0000ff;\" href=\"http:\/\/www.skandobs.se\">Skandobs<\/a><\/span>, men det vet jag inte \u00e4n. De f\u00f6rdelar sig n\u00e4ra\u00a0Skymmel\u00e5ns krokiga dalg\u00e5ng fr\u00e5n nordv\u00e4st till norr och nedstr\u00f6ms hit, det vet jag heller inte.<\/p>\n<p><a href=\"https:\/\/sven-ove.nu\/?attachment_id=17193\" rel=\"attachment wp-att-17193\"><img loading=\"lazy\" decoding=\"async\" class=\"size-large wp-image-17193 alignnone\" src=\"https:\/\/sven-ove.nu\/wp-content\/uploads\/2017\/02\/M\u00f6te-i-sp\u00e5rsn\u00f6-1024x1024.jpg\" alt=\"\" width=\"660\" height=\"660\" srcset=\"https:\/\/sven-ove.nu\/wp-content\/uploads\/2017\/02\/M\u00f6te-i-sp\u00e5rsn\u00f6-1024x1024.jpg 1024w, https:\/\/sven-ove.nu\/wp-content\/uploads\/2017\/02\/M\u00f6te-i-sp\u00e5rsn\u00f6-150x150.jpg 150w, https:\/\/sven-ove.nu\/wp-content\/uploads\/2017\/02\/M\u00f6te-i-sp\u00e5rsn\u00f6-300x300.jpg 300w, https:\/\/sven-ove.nu\/wp-content\/uploads\/2017\/02\/M\u00f6te-i-sp\u00e5rsn\u00f6-768x768.jpg 768w, https:\/\/sven-ove.nu\/wp-content\/uploads\/2017\/02\/M\u00f6te-i-sp\u00e5rsn\u00f6.jpg 1280w\" sizes=\"auto, (max-width: 660px) 100vw, 660px\" \/><\/a><\/p>\n<p>Jag vet bara att jag st\u00e5r i sn\u00f6n, ett par meter in p\u00e5 k\u00f6rv\u00e4gen mot H\u00e4llekilss\u00e4ttern, och att mina vandrark\u00e4ngor \u00e4r elva centimeter breda. Hundsp\u00e5ren bredvid h\u00f6gerfoten \u00e4r lika l\u00e5nga som k\u00e4ngan \u00e4r bred.<\/p>\n<p>Detta kan inte vara n\u00e5gra hundsp\u00e5r. Tror du det, Vandrare, tror du p\u00e5 hund?<\/p>\n<p>Ne-ij.<\/p>\n<p><strong>B\u00e4sta fyndet<br \/>\n<\/strong>En enda g\u00e5ng har jag sett vargsp\u00e5r f\u00f6rut. Det var ett par \u00f6versn\u00f6ade f\u00e4t vid friluftsg\u00e5rden hemma. Nu \u00e4r jag l\u00e5ngt hemifr\u00e5n och h\u00e4r \u00e4r det f\u00e4rskvara vi talar om.<\/p>\n<p>Rutten har min kamrat best\u00e4mt f\u00f6r l\u00e4nge sedan. D\u00e5 anade han inte att vi skulle f\u00e5 s\u00e4llskap av ett kraftfullt vargsp\u00e5r. I flera kilometer baksp\u00e5rar vi ulven, medan bilv\u00e4gen \u00f6verg\u00e5r i stig och korparna ropar i den planterade granskogen bredvid Skymmel\u00e5ns meanderslingor. Vid ruinerna av Skomakartorpet forts\u00e4tter sp\u00e5ret, vid resterna av Jan Perss\u00e4ttern likas\u00e5. Granskogen \u00e4r djup. Det d\u00e4r djuret har inte haft s\u00e4llskap av n\u00e5gon m\u00e4nniska, allt vi ser \u00e4r ett \u00e4lgsp\u00e5r \u00e5t andra h\u00e5llet. Detta m\u00e5ste vara en Butorpsulv.<\/p>\n<p>B\u00e4sta fyndet i vinter.<br \/>\n\u00c4ntligen!<\/p>\n<p><span style=\"color: #ff6600;\"><strong><em>###<\/em><\/strong><\/span><em> Vi forts\u00e4tter i flera timmar till, sk\u00e5dar mest\u00e5g och spillkr\u00e5kor och beundrar den h\u00e4ftigaste hyperitbranten i kommunen, passerar Butorps put and take-fiskest\u00e4lle, fikar, lyssnar p\u00e5 sm\u00e4ltvattenb\u00e4ckar och vandrar allt raskare hem\u00e5t igen genom \u00d6versockna.<br \/>\n<\/em><span style=\"color: #ff6600;\"><strong><em>###<\/em><\/strong><\/span><em> Vid husruinen Nabben \u201dbodde h\u00e4r en tid l\u00e4rare <span style=\"color: #0000ff;\"><a style=\"color: #0000ff;\" href=\"http:\/\/www.cgreklamodesign.se\/pdf\/hallekil\/11Skola.pdf\">L. M. Palmkvist<\/a><\/span>\u201d.<br \/>\n<\/em><span style=\"color: #ff6600;\"><strong><em>### <\/em><\/strong><\/span><em>Gullh\u00e4ttkullen \u00e4r ett s\u00e5 vackert namn.<\/em><\/p>\n<p><span style=\"color: #0000ff;\"><a href=\"https:\/\/sven-ove.nu\/?attachment_id=17195\" rel=\"attachment wp-att-17195\"><img loading=\"lazy\" decoding=\"async\" class=\"alignright size-thumbnail wp-image-17195\" src=\"https:\/\/sven-ove.nu\/wp-content\/uploads\/2017\/02\/Nabben-150x150.jpg\" alt=\"\" width=\"150\" height=\"150\" \/><\/a><a style=\"color: #0000ff;\" href=\"https:\/\/sven-ove.nu\/\">Hem<\/a><\/span>\u00a0|\u00a0<span style=\"color: #0000ff;\"><a style=\"color: #0000ff;\" href=\"https:\/\/sven-ove.nu\/?page_id=170\">Om mig<\/a><\/span>\u00a0|\u00a0<span style=\"color: #0000ff;\"><a style=\"color: #0000ff;\" href=\"https:\/\/sven-ove.nu\/?page_id=1385\">Skriva &amp; prata<\/a><\/span>\u00a0|\u00a0<span style=\"color: #0000ff;\"><a style=\"color: #0000ff;\" href=\"https:\/\/sven-ove.nu\/?page_id=100\">Politik<\/a><\/span>\u00a0|\u00a0<span style=\"color: #0000ff;\"><a style=\"color: #0000ff;\" href=\"https:\/\/sven-ove.nu\/?page_id=102\">L\u00f6pa<\/a><\/span>\u00a0|\u00a0<span style=\"color: #0000ff;\"><a style=\"color: #0000ff;\" href=\"https:\/\/sven-ove.nu\/?page_id=108\">Viktor Root<\/a><\/span>\u00a0| <a href=\"https:\/\/sven-ove.nu\/?page_id=15908\"><span style=\"color: #0000ff;\">Firman<\/span>\u00a0<\/a>|\u00a0<span style=\"color: #0000ff;\"><a style=\"color: #0000ff;\" href=\"https:\/\/sven-ove.nu\/?page_id=15638\">K\u00f4ppra<\/a><\/span><\/p>\n","protected":false},"excerpt":{"rendered":"<p>F\u00f6rst kommer det ett kufiskt mejl. Jag blir h\u00e4mtad m\u00e5ndag 07.45 st\u00e5r det. \u201dResan g\u00e5r mot startpunkt d\u00e4r det \u00e4r 90 grader. Vandring sker l\u00e4ngs S-\u00e5 och vi passerar B-by med sp\u00f6kambitioner. H\u00e4r h\u00e4rjade en g\u00e5ng ulven. P\u00e5 sluttampen f\u00e5r vi knapra p\u00e5 v\u00f6rten. G\u00e5ngtid 2,5 timme. Medtag fika.\u201d Inget konstigt med det meddelandet. Det &hellip; <a href=\"https:\/\/sven-ove.nu\/?p=17185\" class=\"more-link\">Forts\u00e4tt l\u00e4sa <span class=\"screen-reader-text\">Vi baksp\u00e5rar i flera kilometer<\/span><\/a><\/p>\n","protected":false},"author":1,"featured_media":0,"comment_status":"open","ping_status":"open","sticky":false,"template":"","format":"standard","meta":{"_crdt_document":"","_monsterinsights_skip_tracking":false,"_monsterinsights_sitenote_active":false,"_monsterinsights_sitenote_note":"","_monsterinsights_sitenote_category":0,"footnotes":""},"categories":[28,6],"tags":[3,8,25,7],"class_list":["post-17185","post","type-post","status-publish","format-standard","hentry","category-kreativt-folk","category-natur","tag-arbete","tag-historia","tag-kartan","tag-miljo"],"_links":{"self":[{"href":"https:\/\/sven-ove.nu\/index.php?rest_route=\/wp\/v2\/posts\/17185","targetHints":{"allow":["GET"]}}],"collection":[{"href":"https:\/\/sven-ove.nu\/index.php?rest_route=\/wp\/v2\/posts"}],"about":[{"href":"https:\/\/sven-ove.nu\/index.php?rest_route=\/wp\/v2\/types\/post"}],"author":[{"embeddable":true,"href":"https:\/\/sven-ove.nu\/index.php?rest_route=\/wp\/v2\/users\/1"}],"replies":[{"embeddable":true,"href":"https:\/\/sven-ove.nu\/index.php?rest_route=%2Fwp%2Fv2%2Fcomments&post=17185"}],"version-history":[{"count":14,"href":"https:\/\/sven-ove.nu\/index.php?rest_route=\/wp\/v2\/posts\/17185\/revisions"}],"predecessor-version":[{"id":17202,"href":"https:\/\/sven-ove.nu\/index.php?rest_route=\/wp\/v2\/posts\/17185\/revisions\/17202"}],"wp:attachment":[{"href":"https:\/\/sven-ove.nu\/index.php?rest_route=%2Fwp%2Fv2%2Fmedia&parent=17185"}],"wp:term":[{"taxonomy":"category","embeddable":true,"href":"https:\/\/sven-ove.nu\/index.php?rest_route=%2Fwp%2Fv2%2Fcategories&post=17185"},{"taxonomy":"post_tag","embeddable":true,"href":"https:\/\/sven-ove.nu\/index.php?rest_route=%2Fwp%2Fv2%2Ftags&post=17185"}],"curies":[{"name":"wp","href":"https:\/\/api.w.org\/{rel}","templated":true}]}}