{"id":17290,"date":"2017-03-07T05:00:17","date_gmt":"2017-03-07T04:00:17","guid":{"rendered":"http:\/\/sven-ove.nu\/?p=17290"},"modified":"2017-03-06T21:50:51","modified_gmt":"2017-03-06T20:50:51","slug":"17290","status":"publish","type":"post","link":"https:\/\/sven-ove.nu\/?p=17290","title":{"rendered":"Gravskrift \u00f6ver en tid"},"content":{"rendered":"<p><a href=\"https:\/\/sven-ove.nu\/?attachment_id=17294\" rel=\"attachment wp-att-17294\"><img loading=\"lazy\" decoding=\"async\" class=\"size-large wp-image-17294 alignnone\" src=\"https:\/\/sven-ove.nu\/wp-content\/uploads\/2017\/03\/Solskiva-1024x1024.jpg\" alt=\"\" width=\"660\" height=\"660\" srcset=\"https:\/\/sven-ove.nu\/wp-content\/uploads\/2017\/03\/Solskiva-1024x1024.jpg 1024w, https:\/\/sven-ove.nu\/wp-content\/uploads\/2017\/03\/Solskiva-150x150.jpg 150w, https:\/\/sven-ove.nu\/wp-content\/uploads\/2017\/03\/Solskiva-300x300.jpg 300w, https:\/\/sven-ove.nu\/wp-content\/uploads\/2017\/03\/Solskiva-768x768.jpg 768w\" sizes=\"auto, (max-width: 660px) 100vw, 660px\" \/><\/a><\/p>\n<p>Jag jobbade p\u00e5 tidning p\u00e5 den tiden det fanns pressfotografer. De k\u00f6rde bil fort, hade massor av jobb att hinna till p\u00e5 en dag och tog bilder som blev b\u00e4sta ingresserna.<\/p>\n<p>Jag jobbade p\u00e5 tidning p\u00e5 den tiden det fanns fackliga reportrar. D\u00e5, n\u00e4r ledningarna tyckte det var viktigt att ber\u00e4tta hur folk m\u00e5dde p\u00e5 sina arbetsplatser.<\/p>\n<p>Jag jobbade p\u00e5 tidning p\u00e5 den tiden det fanns anledning att bevaka kommunfullm\u00e4ktige \u00e4ven i sm\u00e5kommuner. Diskussionen levde och m\u00e5nga beslut kunde fortfarande tas lokalt.<\/p>\n<p>Jag jobbade p\u00e5 tidning p\u00e5 den tiden det fanns lokalredakt\u00f6rer p\u00e5 orter som Munkfors, Filipstad och Grums. Materialet kallades f\u00f6r &#8221;bonnet&#8221; men innerst inne begrep \u00e4ven mobbarna att varje redaktion beh\u00f6ver sina lokala \u00f6gon och \u00f6ron.<\/p>\n<p>Jag jobbade p\u00e5 tidning.<\/p>\n<p style=\"padding-left: 30px;\"><span style=\"color: #ff9900;\"><strong><em>#<\/em><\/strong><\/span><em> F\u00e4rgband, typometer, filmrulle, fax. S\u00e4ttare, korrekturl\u00e4sare, telefonmottagare. Yuppienalle, gratiswebb.<br \/>\n<\/em><span style=\"color: #ff9900;\"><strong><em>##<\/em><\/strong><\/span><em> Nio steg mot Google- &amp; Facebookd\u00f6den.<br \/>\n<\/em><span style=\"color: #ff9900;\"><strong><em>###<\/em><\/strong><\/span><em> N\u00e4t och ut.<\/em><\/p>\n<p style=\"text-align: right;\">(c) <strong>Sven-Ove Svensson<\/strong><br \/>\nSvenssons sl\u00e4ng, <span style=\"color: #0000ff;\"><a style=\"color: #0000ff;\" href=\"https:\/\/sven-ove.nu\/\">https:\/\/sven-ove.nu<\/a><\/span><\/p>\n<p><span style=\"color: #0000ff;\"><a style=\"color: #0000ff;\" href=\"https:\/\/sven-ove.nu\/\">Hem<\/a><\/span>\u00a0|\u00a0<span style=\"color: #0000ff;\"><a style=\"color: #0000ff;\" href=\"https:\/\/sven-ove.nu\/?page_id=170\">Om mig<\/a><\/span>\u00a0|\u00a0<span style=\"color: #0000ff;\"><a style=\"color: #0000ff;\" href=\"https:\/\/sven-ove.nu\/?page_id=1385\">Skriva &amp; prata<\/a><\/span>\u00a0|\u00a0<span style=\"color: #0000ff;\"><a style=\"color: #0000ff;\" href=\"https:\/\/sven-ove.nu\/?page_id=100\">Politik<\/a><\/span>\u00a0|\u00a0<span style=\"color: #0000ff;\"><a style=\"color: #0000ff;\" href=\"https:\/\/sven-ove.nu\/?page_id=102\">L\u00f6pa<\/a><\/span>\u00a0|\u00a0<span style=\"color: #0000ff;\"><a style=\"color: #0000ff;\" href=\"https:\/\/sven-ove.nu\/?page_id=108\">Viktor Root<\/a><\/span>\u00a0| <a href=\"https:\/\/sven-ove.nu\/?page_id=15908\"><span style=\"color: #0000ff;\">Firman<\/span>\u00a0<\/a>|\u00a0<span style=\"color: #0000ff;\"><a style=\"color: #0000ff;\" href=\"https:\/\/sven-ove.nu\/?page_id=15638\">K\u00f4ppra<\/a><\/span><\/p>\n","protected":false},"excerpt":{"rendered":"<p>Jag jobbade p\u00e5 tidning p\u00e5 den tiden det fanns pressfotografer. De k\u00f6rde bil fort, hade massor av jobb att hinna till p\u00e5 en dag och tog bilder som blev b\u00e4sta ingresserna. Jag jobbade p\u00e5 tidning p\u00e5 den tiden det fanns fackliga reportrar. D\u00e5, n\u00e4r ledningarna tyckte det var viktigt att ber\u00e4tta hur folk m\u00e5dde p\u00e5 &hellip; <a href=\"https:\/\/sven-ove.nu\/?p=17290\" class=\"more-link\">Forts\u00e4tt l\u00e4sa <span class=\"screen-reader-text\">Gravskrift \u00f6ver en tid<\/span><\/a><\/p>\n","protected":false},"author":1,"featured_media":0,"comment_status":"open","ping_status":"open","sticky":false,"template":"","format":"standard","meta":{"_crdt_document":"","_monsterinsights_skip_tracking":false,"_monsterinsights_sitenote_active":false,"_monsterinsights_sitenote_note":"","_monsterinsights_sitenote_category":0,"footnotes":""},"categories":[28,4],"tags":[3,8,24,14,15,21,13],"class_list":["post-17290","post","type-post","status-publish","format-standard","hentry","category-kreativt-folk","category-skrivande","tag-arbete","tag-historia","tag-karlek","tag-lasning","tag-mediedjungeln","tag-ord","tag-utrustning"],"_links":{"self":[{"href":"https:\/\/sven-ove.nu\/index.php?rest_route=\/wp\/v2\/posts\/17290","targetHints":{"allow":["GET"]}}],"collection":[{"href":"https:\/\/sven-ove.nu\/index.php?rest_route=\/wp\/v2\/posts"}],"about":[{"href":"https:\/\/sven-ove.nu\/index.php?rest_route=\/wp\/v2\/types\/post"}],"author":[{"embeddable":true,"href":"https:\/\/sven-ove.nu\/index.php?rest_route=\/wp\/v2\/users\/1"}],"replies":[{"embeddable":true,"href":"https:\/\/sven-ove.nu\/index.php?rest_route=%2Fwp%2Fv2%2Fcomments&post=17290"}],"version-history":[{"count":6,"href":"https:\/\/sven-ove.nu\/index.php?rest_route=\/wp\/v2\/posts\/17290\/revisions"}],"predecessor-version":[{"id":17297,"href":"https:\/\/sven-ove.nu\/index.php?rest_route=\/wp\/v2\/posts\/17290\/revisions\/17297"}],"wp:attachment":[{"href":"https:\/\/sven-ove.nu\/index.php?rest_route=%2Fwp%2Fv2%2Fmedia&parent=17290"}],"wp:term":[{"taxonomy":"category","embeddable":true,"href":"https:\/\/sven-ove.nu\/index.php?rest_route=%2Fwp%2Fv2%2Fcategories&post=17290"},{"taxonomy":"post_tag","embeddable":true,"href":"https:\/\/sven-ove.nu\/index.php?rest_route=%2Fwp%2Fv2%2Ftags&post=17290"}],"curies":[{"name":"wp","href":"https:\/\/api.w.org\/{rel}","templated":true}]}}