{"id":17323,"date":"2017-03-13T05:00:54","date_gmt":"2017-03-13T04:00:54","guid":{"rendered":"http:\/\/sven-ove.nu\/?p=17323"},"modified":"2017-03-12T10:44:37","modified_gmt":"2017-03-12T09:44:37","slug":"plutmunnarnas-tid","status":"publish","type":"post","link":"https:\/\/sven-ove.nu\/?p=17323","title":{"rendered":"Plutmunnarnas tid"},"content":{"rendered":"<p><a href=\"https:\/\/sven-ove.nu\/?attachment_id=17325\" rel=\"attachment wp-att-17325\"><img loading=\"lazy\" decoding=\"async\" class=\"size-large wp-image-17325 alignnone\" src=\"https:\/\/sven-ove.nu\/wp-content\/uploads\/2017\/03\/Korvbr\u00f6det-806x1024.jpg\" alt=\"\" width=\"660\" height=\"839\" srcset=\"https:\/\/sven-ove.nu\/wp-content\/uploads\/2017\/03\/Korvbr\u00f6det-806x1024.jpg 806w, https:\/\/sven-ove.nu\/wp-content\/uploads\/2017\/03\/Korvbr\u00f6det-236x300.jpg 236w, https:\/\/sven-ove.nu\/wp-content\/uploads\/2017\/03\/Korvbr\u00f6det-768x976.jpg 768w\" sizes=\"auto, (max-width: 660px) 100vw, 660px\" \/><\/a><\/p>\n<blockquote><p>Det var plutmunnarnas tid. Framf\u00f6r varje spegel i landet stod en 14-\u00e5rig flicka och putade med l\u00e4pparna mot mobilkameralinsen. Strax d\u00e4refter kom en 19-\u00e5ring och en 29-\u00e5ring och gjorde likadant.<\/p><\/blockquote>\n<p>Putade.<br \/>\nPlutade.<br \/>\nHoppades.<\/p>\n<p>En och annan 34-\u00e5ring provade ocks\u00e5 med fint resultat men tvekade inf\u00f6r publiceringen. T\u00e4nk om &#8221;d\u00e4 ha v\u00f4re men f\u00f4re&#8221;?<\/p>\n<p>T\u00e4nk om det har varit men farit.<\/p>\n<p><strong>Krafterna som styrde<br \/>\n<\/strong>Det hade det inte men samma krafter som tvingade dem att puta tvingade dem att tvivla. Samma opersonliga krafter utan namn och ansikten. Krafterna putade inte, krafterna kunde du inte kontakta. De jobbade inte s\u00e5. De bara styrde. Just nu var det plutandets tid.<\/p>\n<p>N\u00e5gra hade best\u00e4mt att alla flickor i landet skulle se ut som korvbr\u00f6d i ansiktet och ta bild p\u00e5 det. T\u00e4nk vad de skulle ha roligt \u00e5t detta efter\u00e5t. Skratta, som \u00e5t 80-talets axelvaddar och hockeyfrillor.<\/p>\n<p>Skratta \u00e5t p\u00e5tvingade ideal som hade v\u00f4re men f\u00f4re.<\/p>\n<p><span style=\"color: #0000ff;\"><a style=\"color: #0000ff;\" href=\"https:\/\/sven-ove.nu\/\">Hem<\/a><\/span>\u00a0|\u00a0<span style=\"color: #0000ff;\"><a style=\"color: #0000ff;\" href=\"https:\/\/sven-ove.nu\/?page_id=170\">Om mig<\/a><\/span>\u00a0|\u00a0<span style=\"color: #0000ff;\"><a style=\"color: #0000ff;\" href=\"https:\/\/sven-ove.nu\/?page_id=1385\">Skriva &amp; prata<\/a><\/span>\u00a0|\u00a0<span style=\"color: #0000ff;\"><a style=\"color: #0000ff;\" href=\"https:\/\/sven-ove.nu\/?page_id=100\">Politik<\/a><\/span>\u00a0|\u00a0<span style=\"color: #0000ff;\"><a style=\"color: #0000ff;\" href=\"https:\/\/sven-ove.nu\/?page_id=102\">L\u00f6pa<\/a><\/span>\u00a0|\u00a0<span style=\"color: #0000ff;\"><a style=\"color: #0000ff;\" href=\"https:\/\/sven-ove.nu\/?page_id=108\">Viktor Root<\/a><\/span>\u00a0| <a href=\"https:\/\/sven-ove.nu\/?page_id=15908\"><span style=\"color: #0000ff;\">Firman<\/span>\u00a0<\/a>|\u00a0<span style=\"color: #0000ff;\"><a style=\"color: #0000ff;\" href=\"https:\/\/sven-ove.nu\/?page_id=15638\">K\u00f4ppra<\/a><a href=\"https:\/\/sven-ove.nu\/?attachment_id=17325\" rel=\"attachment wp-att-17325\"><img loading=\"lazy\" decoding=\"async\" class=\"alignright size-thumbnail wp-image-17325\" src=\"https:\/\/sven-ove.nu\/wp-content\/uploads\/2017\/03\/Korvbr\u00f6det-150x150.jpg\" alt=\"\" width=\"150\" height=\"150\" \/><\/a><\/span><\/p>\n","protected":false},"excerpt":{"rendered":"<p>Det var plutmunnarnas tid. Framf\u00f6r varje spegel i landet stod en 14-\u00e5rig flicka och putade med l\u00e4pparna mot mobilkameralinsen. Strax d\u00e4refter kom en 19-\u00e5ring och en 29-\u00e5ring och gjorde likadant. Putade. Plutade. Hoppades. En och annan 34-\u00e5ring provade ocks\u00e5 med fint resultat men tvekade inf\u00f6r publiceringen. T\u00e4nk om &#8221;d\u00e4 ha v\u00f4re men f\u00f4re&#8221;? T\u00e4nk om &hellip; <a href=\"https:\/\/sven-ove.nu\/?p=17323\" class=\"more-link\">Forts\u00e4tt l\u00e4sa <span class=\"screen-reader-text\">Plutmunnarnas tid<\/span><\/a><\/p>\n","protected":false},"author":1,"featured_media":0,"comment_status":"open","ping_status":"open","sticky":false,"template":"","format":"standard","meta":{"_crdt_document":"","_monsterinsights_skip_tracking":false,"_monsterinsights_sitenote_active":false,"_monsterinsights_sitenote_note":"","_monsterinsights_sitenote_category":0,"footnotes":""},"categories":[6],"tags":[8,15],"class_list":["post-17323","post","type-post","status-publish","format-standard","hentry","category-natur","tag-historia","tag-mediedjungeln"],"_links":{"self":[{"href":"https:\/\/sven-ove.nu\/index.php?rest_route=\/wp\/v2\/posts\/17323","targetHints":{"allow":["GET"]}}],"collection":[{"href":"https:\/\/sven-ove.nu\/index.php?rest_route=\/wp\/v2\/posts"}],"about":[{"href":"https:\/\/sven-ove.nu\/index.php?rest_route=\/wp\/v2\/types\/post"}],"author":[{"embeddable":true,"href":"https:\/\/sven-ove.nu\/index.php?rest_route=\/wp\/v2\/users\/1"}],"replies":[{"embeddable":true,"href":"https:\/\/sven-ove.nu\/index.php?rest_route=%2Fwp%2Fv2%2Fcomments&post=17323"}],"version-history":[{"count":3,"href":"https:\/\/sven-ove.nu\/index.php?rest_route=\/wp\/v2\/posts\/17323\/revisions"}],"predecessor-version":[{"id":17327,"href":"https:\/\/sven-ove.nu\/index.php?rest_route=\/wp\/v2\/posts\/17323\/revisions\/17327"}],"wp:attachment":[{"href":"https:\/\/sven-ove.nu\/index.php?rest_route=%2Fwp%2Fv2%2Fmedia&parent=17323"}],"wp:term":[{"taxonomy":"category","embeddable":true,"href":"https:\/\/sven-ove.nu\/index.php?rest_route=%2Fwp%2Fv2%2Fcategories&post=17323"},{"taxonomy":"post_tag","embeddable":true,"href":"https:\/\/sven-ove.nu\/index.php?rest_route=%2Fwp%2Fv2%2Ftags&post=17323"}],"curies":[{"name":"wp","href":"https:\/\/api.w.org\/{rel}","templated":true}]}}