{"id":17328,"date":"2017-03-14T05:00:25","date_gmt":"2017-03-14T04:00:25","guid":{"rendered":"http:\/\/sven-ove.nu\/?p=17328"},"modified":"2017-03-13T15:47:10","modified_gmt":"2017-03-13T14:47:10","slug":"mitt-i-bradskan-hander-det","status":"publish","type":"post","link":"https:\/\/sven-ove.nu\/?p=17328","title":{"rendered":"Mitt i br\u00e5dskan h\u00e4nder det"},"content":{"rendered":"<p><a href=\"https:\/\/sven-ove.nu\/?attachment_id=17330\" rel=\"attachment wp-att-17330\"><img loading=\"lazy\" decoding=\"async\" class=\"size-large wp-image-17330 alignnone\" src=\"https:\/\/sven-ove.nu\/wp-content\/uploads\/2017\/03\/Mars-768x1024.jpg\" alt=\"\" width=\"660\" height=\"880\" srcset=\"https:\/\/sven-ove.nu\/wp-content\/uploads\/2017\/03\/Mars-768x1024.jpg 768w, https:\/\/sven-ove.nu\/wp-content\/uploads\/2017\/03\/Mars-225x300.jpg 225w\" sizes=\"auto, (max-width: 660px) 100vw, 660px\" \/><\/a><\/p>\n<p>Jag lever mitt liv glupskt. Skulle det springas i V\u00e4rmland sprang jag hela v\u00e4gen fr\u00e5n L\u00e5ngflon till Stora torget. Skulle det jobbas p\u00e5 tidning i l\u00e4net jobbade jag p\u00e5 alla. Kl\u00e4mde in lokalradion och lokala TV4 med, som frilans, n\u00e4r jag \u00e4nd\u00e5 var ig\u00e5ng. Skulle det l\u00f6pas gatlopp i min kommuns t\u00e4torter sprang jag varenda gata, noga bokf\u00f6rt p\u00e5 karta. Det var d\u00e5 jag i f\u00f6rbig\u00e5ende uppfann tr\u00e4ningstermen gatuplock. En annan h\u00f6st gick jag till fots hem fr\u00e5n jobbet, 21 kilometer, i vit skjorta och attach\u00e9portf\u00f6lj, den eftermiddagen jag blev f\u00f6rbannad p\u00e5 bussbolaget.<\/p>\n<p>Snabbast tom tallrik, d\u00e4r har du mig. Fort gjort, fort vidare i tanken. Breda drag med penseln.<\/p>\n<p>Gl\u00f4pen heter det p\u00e5 mitt modersm\u00e5l.\u00a0\u201dGlupsk, stor i maten, girig\u201d f\u00f6rklarar dialektordboken ordet. S\u00e5dana som jag \u00e4ter inte, vi \u201dsm\u00e4ller i \u00f4ss\u201d.\u00a0Glupskheten l\u00e5ter v\u00e4rre p\u00e5 dialekt (fast girig \u00e4r jag inte).<\/p>\n<p><strong>N\u00e4r upplevelsen kommer<br \/>\n<\/strong>\u2026 och \u00e4nd\u00e5. D\u00e5 och d\u00e5 kommer upplevelsen som g\u00f6r \u00e4ven mig till eftert\u00e4nksam konn\u00e4ss\u00f6r.<\/p>\n<p><span style=\"color: #ff9900;\">\u2022<\/span> Tr\u00e4dpipl\u00e4rkans s\u00e5ngflykt, f\u00f6rsta g\u00e5ngen hon h\u00f6rs igen.<br \/>\n<span style=\"color: #ff9900;\">\u2022<\/span> Stj\u00e4rtmesarnas snabba genomresa vid hampfr\u00f6automaten.<br \/>\n<span style=\"color: #ff9900;\">\u2022<\/span> Keith Richards gitarr i l\u00e5ten <span style=\"color: #0000ff;\"><a style=\"color: #0000ff;\" href=\"https:\/\/www.youtube.com\/watch?v=NbWLESUODF8\">Dust My Broom<\/a><\/span> tillsammans med gruppen Faces.<br \/>\n<span style=\"color: #ff9900;\">\u2022<\/span> N\u00e5gra k\u00e4nsligt f\u00f6rt\u00e4tade diktrader av min facebookv\u00e4n <span style=\"color: #0000ff;\"><a style=\"color: #0000ff;\" href=\"http:\/\/www.bokus.com\/bok\/9789163751257\/brev-fran-sevastopol\/\">Sam Carlqvist<\/a><\/span>.<br \/>\n<span style=\"color: #ff9900;\">\u2022<\/span> Det bl\u00e5 ljuset en kvillrande kv\u00e4ll i mars. F\u00f6rsta tussilagon, tofsvipan och s\u00e5ngl\u00e4rkan.<\/p>\n<p><a href=\"https:\/\/sven-ove.nu\/?attachment_id=17333\" rel=\"attachment wp-att-17333\"><img loading=\"lazy\" decoding=\"async\" class=\"alignright size-thumbnail wp-image-17333\" src=\"https:\/\/sven-ove.nu\/wp-content\/uploads\/2017\/03\/Tussilago-p\u00e5-stig-150x150.jpg\" alt=\"\" width=\"150\" height=\"150\" \/><\/a>Kanske kr\u00e4vs det en vardagsglupskhet f\u00f6r att verkligen uppskatta vackerheten i det lilla, n\u00e4r den dyker upp och vill fara fort f\u00f6rbi?<\/p>\n<p>Mitt i br\u00e5dskan stannar tiden till.<\/p>\n<p><span style=\"color: #0000ff;\"><a style=\"color: #0000ff;\" href=\"https:\/\/sven-ove.nu\/\">Hem<\/a><\/span>\u00a0|\u00a0<span style=\"color: #0000ff;\"><a style=\"color: #0000ff;\" href=\"https:\/\/sven-ove.nu\/?page_id=170\">Om mig<\/a><\/span>\u00a0|\u00a0<span style=\"color: #0000ff;\"><a style=\"color: #0000ff;\" href=\"https:\/\/sven-ove.nu\/?page_id=1385\">Skriva &amp; prata<\/a><\/span>\u00a0|\u00a0<span style=\"color: #0000ff;\"><a style=\"color: #0000ff;\" href=\"https:\/\/sven-ove.nu\/?page_id=100\">Politik<\/a><\/span>\u00a0|\u00a0<span style=\"color: #0000ff;\"><a style=\"color: #0000ff;\" href=\"https:\/\/sven-ove.nu\/?page_id=102\">L\u00f6pa<\/a><\/span>\u00a0|\u00a0<span style=\"color: #0000ff;\"><a style=\"color: #0000ff;\" href=\"https:\/\/sven-ove.nu\/?page_id=108\">Viktor Root<\/a><\/span>\u00a0| <a href=\"https:\/\/sven-ove.nu\/?page_id=15908\"><span style=\"color: #0000ff;\">Firman<\/span>\u00a0<\/a>|\u00a0<span style=\"color: #0000ff;\"><a style=\"color: #0000ff;\" href=\"https:\/\/sven-ove.nu\/?page_id=15638\">K\u00f4ppra<\/a><\/span><\/p>\n","protected":false},"excerpt":{"rendered":"<p>Jag lever mitt liv glupskt. Skulle det springas i V\u00e4rmland sprang jag hela v\u00e4gen fr\u00e5n L\u00e5ngflon till Stora torget. Skulle det jobbas p\u00e5 tidning i l\u00e4net jobbade jag p\u00e5 alla. Kl\u00e4mde in lokalradion och lokala TV4 med, som frilans, n\u00e4r jag \u00e4nd\u00e5 var ig\u00e5ng. Skulle det l\u00f6pas gatlopp i min kommuns t\u00e4torter sprang jag varenda &hellip; <a href=\"https:\/\/sven-ove.nu\/?p=17328\" class=\"more-link\">Forts\u00e4tt l\u00e4sa <span class=\"screen-reader-text\">Mitt i br\u00e5dskan h\u00e4nder det<\/span><\/a><\/p>\n","protected":false},"author":1,"featured_media":0,"comment_status":"open","ping_status":"open","sticky":false,"template":"","format":"standard","meta":{"_crdt_document":"","_monsterinsights_skip_tracking":false,"_monsterinsights_sitenote_active":false,"_monsterinsights_sitenote_note":"","_monsterinsights_sitenote_category":0,"footnotes":""},"categories":[28,6,4],"tags":[24,18,14,7],"class_list":["post-17328","post","type-post","status-publish","format-standard","hentry","category-kreativt-folk","category-natur","category-skrivande","tag-karlek","tag-lardomar","tag-lasning","tag-miljo"],"_links":{"self":[{"href":"https:\/\/sven-ove.nu\/index.php?rest_route=\/wp\/v2\/posts\/17328","targetHints":{"allow":["GET"]}}],"collection":[{"href":"https:\/\/sven-ove.nu\/index.php?rest_route=\/wp\/v2\/posts"}],"about":[{"href":"https:\/\/sven-ove.nu\/index.php?rest_route=\/wp\/v2\/types\/post"}],"author":[{"embeddable":true,"href":"https:\/\/sven-ove.nu\/index.php?rest_route=\/wp\/v2\/users\/1"}],"replies":[{"embeddable":true,"href":"https:\/\/sven-ove.nu\/index.php?rest_route=%2Fwp%2Fv2%2Fcomments&post=17328"}],"version-history":[{"count":13,"href":"https:\/\/sven-ove.nu\/index.php?rest_route=\/wp\/v2\/posts\/17328\/revisions"}],"predecessor-version":[{"id":17343,"href":"https:\/\/sven-ove.nu\/index.php?rest_route=\/wp\/v2\/posts\/17328\/revisions\/17343"}],"wp:attachment":[{"href":"https:\/\/sven-ove.nu\/index.php?rest_route=%2Fwp%2Fv2%2Fmedia&parent=17328"}],"wp:term":[{"taxonomy":"category","embeddable":true,"href":"https:\/\/sven-ove.nu\/index.php?rest_route=%2Fwp%2Fv2%2Fcategories&post=17328"},{"taxonomy":"post_tag","embeddable":true,"href":"https:\/\/sven-ove.nu\/index.php?rest_route=%2Fwp%2Fv2%2Ftags&post=17328"}],"curies":[{"name":"wp","href":"https:\/\/api.w.org\/{rel}","templated":true}]}}