{"id":1733,"date":"2012-04-04T05:00:28","date_gmt":"2012-04-04T04:00:28","guid":{"rendered":"http:\/\/sven-ove.nu\/?p=1733"},"modified":"2012-04-04T06:18:31","modified_gmt":"2012-04-04T05:18:31","slug":"det-fria-ordet-pa-forshaga-larcenter","status":"publish","type":"post","link":"https:\/\/sven-ove.nu\/?p=1733","title":{"rendered":"Det fria ordet p\u00e5 Forshaga l\u00e4rcenter"},"content":{"rendered":"<p>F\u00f6rel\u00e4ser f\u00f6r en grupp nya forshagabor om media. Varje ord jag s\u00e4ger \u00f6vers\u00e4tts till persiska, arabiska och burmesiska. Det k\u00e4nns som att prata i FN.<\/p>\n<p>V\u00e4lkomna till Forshaga, s\u00e4ger jag, och hoppas de f\u00f6rst\u00e5r att jag menar att de beh\u00f6vs, ocks\u00e5. Jag vill ju vara g\u00e4stfri. Det vill man v\u00e4l alltid? Samtidigt \u00e4r jag inte dummare \u00e4n att jag begriper att Sverige beh\u00f6ver arbetsf\u00f6rt folk, om vi ska kunna f\u00f6rs\u00f6rja v\u00e5ra barn och gamla i framtiden.<\/p>\n<p>Som jag st\u00e5r d\u00e4r, k\u00e4nner jag sakta allt st\u00f6rre stolthet i br\u00f6stet. Stolthet \u00f6ver min g\u00e4stfria kommun men ocks\u00e5 \u00f6ver mitt Sverige d\u00e4r tryckfriheten varit grundlag \u00e4nda sedan 1700-talet. \u201dDet fria ordet\u201d, skriver jag p\u00e5 tavlan. Du f\u00e5r tycka vad du vill. Du f\u00e5r skriva vad du vill. Du f\u00e5r <a href=\"http:\/\/www.riksdagen.se\/sv\/Dokument-Lagar\/Lagar\/Svenskforfattningssamling\/Tryckfrihetsforordning-19491_sfs-1949-105\/?bet=1949:105\" target=\"_blank\">trycka vad du vill<\/a> utan censur. Du f\u00e5r tipsa en journalist anonymt, jobbar du i offentliga sektorn f\u00e5r chefen inte ens fr\u00e5ga om det var du som var k\u00e4llan. Du f\u00e5r g\u00e5 till kommunen och be att f\u00e5 se dagens post. Ordet \u00e4r fritt.<\/p>\n<p>Precis som demokratin \u00e4r den friheten hotad ibland och m\u00e5ste \u00e5terer\u00f6vras. Men vi har den. Svenska folket k\u00e4mpade till sig den.<\/p>\n<p>R\u00e4tt ofta anv\u00e4nder jag friheten till att skoja med diverse makthavare eller kritisera dumheten i v\u00e4rlden. Det \u00e4r ju det som \u00e4r meningen med det fria samtalet. Vi m\u00e5ste f\u00e5 peka p\u00e5 bristerna, det som vi tycker \u00e4r fel. Men &#8211; n\u00e5gon g\u00e5ng k\u00e4nns det bra att stanna upp en stund i tyckandet och tryckandet och bara vara glad att vi f\u00e5r.<\/p>\n<p>&#8211; Dom h\u00e4r \u00e4r jag k\u00e4r i, s\u00e4ger jag, och h\u00e5ller upp en penna i ena handen och ett tangentbord i den andra. &#8221;Tangentbord&#8221; skriver jag p\u00e5 tavlan. &#8221;Skrivgl\u00e4dje&#8221;.<\/p>\n<p>Fast det \u00e4r klart. Skillnaden mellan frihet och ansvar och varf\u00f6r man m\u00e5ste <strong>f\u00e5<\/strong> rita Muhammed som rondellhund men inte <strong>b\u00f6r<\/strong> g\u00f6ra det \u2013 den \u00e4r sv\u00e5r att f\u00f6rklara. Eller varf\u00f6r det \u00e4r s\u00e5 sv\u00e5rt att \u00e4rekr\u00e4nka en svensk. Jag f\u00e5r skylla mig sj\u00e4lv, som alltid ska ge mig in d\u00e4r debatten \u00e4r som mest sp\u00e4nnande.<\/p>\n<p>Efter\u00e5t tar de mig i hand och tackar, n\u00e4stan allihop, den kulturen tycker jag om. V\u00e4lkomna, sa jag det? Ni beh\u00f6vs.<\/p>\n<p>&nbsp;<\/p>\n","protected":false},"excerpt":{"rendered":"<p>F\u00f6rel\u00e4ser f\u00f6r en grupp nya forshagabor om media. Varje ord jag s\u00e4ger \u00f6vers\u00e4tts till persiska, arabiska och burmesiska. Det k\u00e4nns som att prata i FN. V\u00e4lkomna till Forshaga, s\u00e4ger jag, och hoppas de f\u00f6rst\u00e5r att jag menar att de beh\u00f6vs, ocks\u00e5. Jag vill ju vara g\u00e4stfri. Det vill man v\u00e4l alltid? Samtidigt \u00e4r jag inte &hellip; <a href=\"https:\/\/sven-ove.nu\/?p=1733\" class=\"more-link\">Forts\u00e4tt l\u00e4sa <span class=\"screen-reader-text\">Det fria ordet p\u00e5 Forshaga l\u00e4rcenter<\/span><\/a><\/p>\n","protected":false},"author":1,"featured_media":0,"comment_status":"open","ping_status":"open","sticky":false,"template":"","format":"standard","meta":{"_crdt_document":"","_monsterinsights_skip_tracking":false,"_monsterinsights_sitenote_active":false,"_monsterinsights_sitenote_note":"","_monsterinsights_sitenote_category":0,"footnotes":""},"categories":[9,4],"tags":[8,24,15,17],"class_list":["post-1733","post","type-post","status-publish","format-standard","hentry","category-politik","category-skrivande","tag-historia","tag-karlek","tag-mediedjungeln","tag-solidaritet"],"_links":{"self":[{"href":"https:\/\/sven-ove.nu\/index.php?rest_route=\/wp\/v2\/posts\/1733","targetHints":{"allow":["GET"]}}],"collection":[{"href":"https:\/\/sven-ove.nu\/index.php?rest_route=\/wp\/v2\/posts"}],"about":[{"href":"https:\/\/sven-ove.nu\/index.php?rest_route=\/wp\/v2\/types\/post"}],"author":[{"embeddable":true,"href":"https:\/\/sven-ove.nu\/index.php?rest_route=\/wp\/v2\/users\/1"}],"replies":[{"embeddable":true,"href":"https:\/\/sven-ove.nu\/index.php?rest_route=%2Fwp%2Fv2%2Fcomments&post=1733"}],"version-history":[{"count":8,"href":"https:\/\/sven-ove.nu\/index.php?rest_route=\/wp\/v2\/posts\/1733\/revisions"}],"predecessor-version":[{"id":1741,"href":"https:\/\/sven-ove.nu\/index.php?rest_route=\/wp\/v2\/posts\/1733\/revisions\/1741"}],"wp:attachment":[{"href":"https:\/\/sven-ove.nu\/index.php?rest_route=%2Fwp%2Fv2%2Fmedia&parent=1733"}],"wp:term":[{"taxonomy":"category","embeddable":true,"href":"https:\/\/sven-ove.nu\/index.php?rest_route=%2Fwp%2Fv2%2Fcategories&post=1733"},{"taxonomy":"post_tag","embeddable":true,"href":"https:\/\/sven-ove.nu\/index.php?rest_route=%2Fwp%2Fv2%2Ftags&post=1733"}],"curies":[{"name":"wp","href":"https:\/\/api.w.org\/{rel}","templated":true}]}}