{"id":17349,"date":"2017-03-17T03:00:29","date_gmt":"2017-03-17T02:00:29","guid":{"rendered":"http:\/\/sven-ove.nu\/?p=17349"},"modified":"2017-03-17T09:17:11","modified_gmt":"2017-03-17T08:17:11","slug":"sverige-vi-har-en-dekal","status":"publish","type":"post","link":"https:\/\/sven-ove.nu\/?p=17349","title":{"rendered":"&#8211; Sverige, vi har en dekal!"},"content":{"rendered":"<p><a href=\"https:\/\/sven-ove.nu\/?attachment_id=17352\" rel=\"attachment wp-att-17352\"><img loading=\"lazy\" decoding=\"async\" class=\"size-large wp-image-17352 alignnone\" src=\"https:\/\/sven-ove.nu\/wp-content\/uploads\/2017\/03\/Pengadekalen-1024x859.jpg\" alt=\"\" width=\"660\" height=\"554\" srcset=\"https:\/\/sven-ove.nu\/wp-content\/uploads\/2017\/03\/Pengadekalen-1024x859.jpg 1024w, https:\/\/sven-ove.nu\/wp-content\/uploads\/2017\/03\/Pengadekalen-300x252.jpg 300w, https:\/\/sven-ove.nu\/wp-content\/uploads\/2017\/03\/Pengadekalen-768x644.jpg 768w\" sizes=\"auto, (max-width: 660px) 100vw, 660px\" \/><\/a><\/p>\n<blockquote><p>Sverige \u00e4r s\u00e5 organiserat. Jag tycker om det.<\/p><\/blockquote>\n<p>I h\u00f6stas bildade jag enskild firma, mest f\u00f6r ett roligt frilansjobb jag blev erbjuden. I \u00e5r \u00e4r inga jobb bokade \u00e4n och inte raggar jag uppdrag heller. Det finns folk som lever p\u00e5 att arbeta.<\/p>\n<p>Det hindrar inte Riksbanken. H\u00e4romdagen kom ett prydligt brev fr\u00e5n dem. &#8221;Efter den 30 juni ska ni inte l\u00e4ngre ta emot dessa sedlar och mynt.&#8221;<\/p>\n<p>&#8221;Kolla pengarna!&#8221; st\u00e5r det p\u00e5 en dekal med bild p\u00e5 de \u00e4ldre 100- och 500-kronorssedlarna och de \u00e4ldre 1-, 2- och 5-kronorna. <span style=\"color: #ff0000;\"><a style=\"color: #ff0000;\" href=\"http:\/\/www.aftonbladet.se\/minekonomi\/a\/RM8E2\/riksbanken-efterlyser-dina-gamla-smaslantar\">Snart ogiltiga<\/a>!<\/span> h\u00e4lsar en \u00c5sa och en Tommy p\u00e5 banken.<\/p>\n<p>&#8211; Vad ska jag g\u00f6ra med den dekalen?<br \/>\n&#8211; S\u00e4tt upp den p\u00e5 ytterd\u00f6rrn s\u00e5 dina kunder vet, h\u00e4lsar min sj\u00e4ls \u00e4lskade.<\/p>\n<p>Malici\u00f6st.<\/p>\n<p><span style=\"color: #0000ff;\"><a style=\"color: #0000ff;\" href=\"https:\/\/sven-ove.nu\/\">Hem<\/a><\/span>\u00a0|\u00a0<span style=\"color: #0000ff;\"><a style=\"color: #0000ff;\" href=\"https:\/\/sven-ove.nu\/?page_id=170\">Om mig<\/a><\/span>\u00a0|\u00a0<span style=\"color: #0000ff;\"><a style=\"color: #0000ff;\" href=\"https:\/\/sven-ove.nu\/?page_id=1385\">Skriva &amp; prata<\/a><\/span>\u00a0|\u00a0<span style=\"color: #0000ff;\"><a style=\"color: #0000ff;\" href=\"https:\/\/sven-ove.nu\/?page_id=100\">Politik<\/a><\/span>\u00a0|\u00a0<span style=\"color: #0000ff;\"><a style=\"color: #0000ff;\" href=\"https:\/\/sven-ove.nu\/?page_id=102\">L\u00f6pa<\/a><\/span>\u00a0|\u00a0<span style=\"color: #0000ff;\"><a style=\"color: #0000ff;\" href=\"https:\/\/sven-ove.nu\/?page_id=108\">Viktor Root<\/a><\/span>\u00a0| <a href=\"https:\/\/sven-ove.nu\/?page_id=15908\"><span style=\"color: #0000ff;\">Firman<\/span>\u00a0<\/a>|\u00a0<span style=\"color: #0000ff;\"><a style=\"color: #0000ff;\" href=\"https:\/\/sven-ove.nu\/?page_id=15638\">K\u00f4ppra<\/a><\/span><\/p>\n","protected":false},"excerpt":{"rendered":"<p>Sverige \u00e4r s\u00e5 organiserat. Jag tycker om det. I h\u00f6stas bildade jag enskild firma, mest f\u00f6r ett roligt frilansjobb jag blev erbjuden. I \u00e5r \u00e4r inga jobb bokade \u00e4n och inte raggar jag uppdrag heller. Det finns folk som lever p\u00e5 att arbeta. Det hindrar inte Riksbanken. H\u00e4romdagen kom ett prydligt brev fr\u00e5n dem. &#8221;Efter &hellip; <a href=\"https:\/\/sven-ove.nu\/?p=17349\" class=\"more-link\">Forts\u00e4tt l\u00e4sa <span class=\"screen-reader-text\">&#8211; Sverige, vi har en dekal!<\/span><\/a><\/p>\n","protected":false},"author":1,"featured_media":0,"comment_status":"open","ping_status":"open","sticky":false,"template":"","format":"standard","meta":{"_crdt_document":"","_monsterinsights_skip_tracking":false,"_monsterinsights_sitenote_active":false,"_monsterinsights_sitenote_note":"","_monsterinsights_sitenote_category":0,"footnotes":""},"categories":[10,28],"tags":[3,20],"class_list":["post-17349","post","type-post","status-publish","format-standard","hentry","category-familjen","category-kreativt-folk","tag-arbete","tag-rad"],"_links":{"self":[{"href":"https:\/\/sven-ove.nu\/index.php?rest_route=\/wp\/v2\/posts\/17349","targetHints":{"allow":["GET"]}}],"collection":[{"href":"https:\/\/sven-ove.nu\/index.php?rest_route=\/wp\/v2\/posts"}],"about":[{"href":"https:\/\/sven-ove.nu\/index.php?rest_route=\/wp\/v2\/types\/post"}],"author":[{"embeddable":true,"href":"https:\/\/sven-ove.nu\/index.php?rest_route=\/wp\/v2\/users\/1"}],"replies":[{"embeddable":true,"href":"https:\/\/sven-ove.nu\/index.php?rest_route=%2Fwp%2Fv2%2Fcomments&post=17349"}],"version-history":[{"count":4,"href":"https:\/\/sven-ove.nu\/index.php?rest_route=\/wp\/v2\/posts\/17349\/revisions"}],"predecessor-version":[{"id":17386,"href":"https:\/\/sven-ove.nu\/index.php?rest_route=\/wp\/v2\/posts\/17349\/revisions\/17386"}],"wp:attachment":[{"href":"https:\/\/sven-ove.nu\/index.php?rest_route=%2Fwp%2Fv2%2Fmedia&parent=17349"}],"wp:term":[{"taxonomy":"category","embeddable":true,"href":"https:\/\/sven-ove.nu\/index.php?rest_route=%2Fwp%2Fv2%2Fcategories&post=17349"},{"taxonomy":"post_tag","embeddable":true,"href":"https:\/\/sven-ove.nu\/index.php?rest_route=%2Fwp%2Fv2%2Ftags&post=17349"}],"curies":[{"name":"wp","href":"https:\/\/api.w.org\/{rel}","templated":true}]}}