{"id":17372,"date":"2017-03-18T03:00:55","date_gmt":"2017-03-18T02:00:55","guid":{"rendered":"http:\/\/sven-ove.nu\/?p=17372"},"modified":"2017-03-17T08:59:41","modified_gmt":"2017-03-17T07:59:41","slug":"mysteriet-med-graf-iii","status":"publish","type":"post","link":"https:\/\/sven-ove.nu\/?p=17372","title":{"rendered":"Mysteriet med Graf III"},"content":{"rendered":"<p><a href=\"https:\/\/sven-ove.nu\/?attachment_id=17376\" rel=\"attachment wp-att-17376\"><img loading=\"lazy\" decoding=\"async\" class=\"size-large wp-image-17376 alignnone\" src=\"https:\/\/sven-ove.nu\/wp-content\/uploads\/2017\/03\/Den-tredje-1024x812.jpg\" alt=\"\" width=\"660\" height=\"523\" srcset=\"https:\/\/sven-ove.nu\/wp-content\/uploads\/2017\/03\/Den-tredje-1024x812.jpg 1024w, https:\/\/sven-ove.nu\/wp-content\/uploads\/2017\/03\/Den-tredje-300x238.jpg 300w, https:\/\/sven-ove.nu\/wp-content\/uploads\/2017\/03\/Den-tredje-768x609.jpg 768w, https:\/\/sven-ove.nu\/wp-content\/uploads\/2017\/03\/Den-tredje.jpg 1280w\" sizes=\"auto, (max-width: 660px) 100vw, 660px\" \/><\/a><\/p>\n<blockquote><p>\u201dH\u00f6gvatten, Norgegr\u00e4ns och Graf III \u00e4r n\u00e5gra ledtr\u00e5dar inf\u00f6r n\u00e4sta veckas utvandring. Det g\u00e5r n\u00e5gon och sv\u00e4r bland gr\u00e5alarna.\u201d<\/p>\n<p>S\u00e5 skriver jag. H\u00f6gvattnet r\u00e4knar han ut direkt, Vandraren. Det \u00e4r vattentornet. Graf III klarar han inte.<\/p>\n<p>Inte jag heller, visar det sig. Dret ocks\u00e5.<\/p><\/blockquote>\n<p>Vi vandrar en f\u00f6rmiddag i veckan, det brukar bli tre timmar med fikarasten, och vi g\u00e5r s\u00e5 att vi f\u00e5r rej\u00e4l puls och svettas. \u201dGryningspatrullen\u201d, skriver jag i almanackan efter\u00e5t. \u201d11 km\u201d. Till ritualen h\u00f6r att den f\u00f6r dagen ansvarige ska skicka kamraten en g\u00e5tfull beskrivning i f\u00f6rv\u00e4g.<\/p>\n<p>\u00c4ven denna vecka \u00e4r det dags. 07.30 p\u00e5 klockan, n\u00e5gra grader kallt, ishalka p\u00e5 elljussp\u00e5ret n\u00e4r vi halkar uppf\u00f6r backen mot vattentornet. D\u00e4rifr\u00e5n skogsstigen ner\u00e5t och \u00f6ver nya hygget och nerf\u00f6r branta backen mot s\u00f6dra infarten och g\u00e5ngbanan intill \u00e4lven. I ryggs\u00e4ckarna sm\u00f6rg\u00e5s, varm dryck och clementiner. Efter \u00e4lven en mindre hackspett i en torr bj\u00f6rk.<\/p>\n<p><strong>G\u00e5tornas l\u00f6sning<br \/>\n<\/strong>Norgegr\u00e4ns? Mmm, f\u00f6rr trodde folk att Dyvelstenen, traktens egen bautasten, var gr\u00e4nssten mot Norge.<\/p>\n<p>Var g\u00e5r det \u201dn\u00e5gon och sv\u00e4r bland gr\u00e5alarna\u201d? Svar: vid L\u00f6ved. L\u00f6v som p\u00e5 al snart, ed som i svordom. L\u00f6v-ed. Herrg\u00e5rden med den ur\u00e5ldriga historien och prunkande v\u00e4xligheten heter s\u00e5.<\/p>\n<p><a href=\"https:\/\/sven-ove.nu\/?attachment_id=17333\" rel=\"attachment wp-att-17333\"><img loading=\"lazy\" decoding=\"async\" class=\"alignright size-thumbnail wp-image-17333\" src=\"https:\/\/sven-ove.nu\/wp-content\/uploads\/2017\/03\/Tussilago-p\u00e5-stig-150x150.jpg\" alt=\"\" width=\"150\" height=\"150\" \/><\/a>Allt det d\u00e4r \u00e4r vardagsmat. V\u00e4rre g\u00e5tor har vi h\u00f6rt. Vi fikar vid rastplatsen bredvid stigen intill f\u00e5gelsj\u00f6n Norra Hyn och ser tranor och svanor cirkulera \u00f6ver myrmarkerna. Efter\u00e5t hittar jag \u00e5rets f\u00f6rsta tussilago p\u00e5 stigen, alltid en lycklig stund.<\/p>\n<p><strong>Den mindre k\u00e4nda tredje graven<br \/>\n<\/strong>&#8211; Nu f\u00e5r du hitta sista biten sj\u00e4lv, s\u00e4ger jag till Vandraren och ger honom ett flygfoto med Graf III inritad. Han \u00e4r synnerligen kartvan och nu ser han att det inte \u00e4r n\u00e5gon b\u00e5t vi ska till. Det \u00e4r ett fornminne, ok\u00e4nt f\u00f6r honom och ok\u00e4nt f\u00f6r mig med till f\u00f6r n\u00e5gra dagar sedan.<\/p>\n<p>Jag har hittat en anteckning om en\u00a0tredje forngrav p\u00e5 bergen en kilometer norr om L\u00f6ved. De tv\u00e5 \u00c4tter\u00f6sera k\u00e4nner vi redan. Brons\u00e5ldersgravarna d\u00e4r vi h\u00f6rde en bronslur den g\u00e5ngen jag h\u00f6ll minif\u00f6redrag om platsen, medan vi \u00e5t v\u00e5ra ostsm\u00f6rg\u00e5sar. Det l\u00e4t s\u00e5 bortifr\u00e5n Eken\u00e4s. Tre g\u00e5nger. Vi undrar fortfarande vad det var. Kamraten var mycket imponerad \u00f6ver min tajming.<\/p>\n<p>Brons. Gjort av koppar fr\u00e5n Spanien och tenn fr\u00e5n England. Eller var det tv\u00e4rtom? Isolerade var de inte, f\u00f6rf\u00e4derna.<\/p>\n<p>Den tredje graven fann jag p\u00e5 en karta p\u00e5 n\u00e4tet och skrev ut. Nu ska vi bara hitta den i terr\u00e4ngl\u00e5dan ocks\u00e5.<\/p>\n<p><strong>Kl\u00e4ttrar och letar<br \/>\n<\/strong>Vi kl\u00e4ttrar uppf\u00f6r branten strax norr om herrg\u00e5rden, ser hur vildsvinen har rotat i mossan i skogen uppe p\u00e5 platten, hoppar \u00f6ver ett rej\u00e4lt dike och f\u00f6ljer stigen norrut. Passerar ett mindre hygge mellan Nord\u00e4ngen och \u00c4tter\u00f6sera och tittar p\u00e5 flygbilden jag skrev ut. D\u00e4r \u00e4r stens\u00e4ttningen markerad strax norr om hygget. Jag har ingen b\u00e4ttre karta med den inritad. Vi j\u00e4mf\u00f6r med orienteringskartan och f\u00f6rs\u00f6ker lokalisera graven.<\/p>\n<p>Det vet en v\u00e4l att forngravar brukar ligga h\u00f6gt, med utsikt? Allts\u00e5 kl\u00e4ttrar och letar vi efter en samling stenar en bit upp i branten. Den ska vara rund, tre meter i diameter och 20-30 centimeter h\u00f6g, skriver Riksantikvarie\u00e4mbetet p\u00e5 utskriften jag delat ut.<\/p>\n<p style=\"padding-left: 30px;\"><em>\u201d<\/em><em>\u00d6vermossad fyllning av 0.2-0.5 m st stenar varav en del skarpkantade. Upplagd p\u00e5 berg i dagen. N\u00e5got utrasad i kanterna. Bev\u00e4xt med tre tallar, mossa och ljung.\u201d<\/em><\/p>\n<p>Det \u00e4r snart 30 \u00e5r sedan \u00e4mbetet var h\u00e4r och tittade. Tallarna kan f\u00f6rst\u00e5s vara f\u00e4llda.<\/p>\n<p><strong>Hittar den inte<br \/>\n<\/strong>Det skulle ha blivit en triumf f\u00f6r mig som vandringsrundep\u00e5hittare. Tredje graven, \u00e4n en g\u00e5ng skulle vi ha h\u00f6rt bronslurar och sett lurviga f\u00f6rf\u00e4der steka \u00e4lg vid en munter l\u00e4gereld. Men icke. Vi hittar den inte. Tv\u00e5 kartn\u00f6rdar som vi, detta \u00e4r ju bedr\u00f6vligt.<\/p>\n<p style=\"padding-left: 30px;\"><strong>Vi f\u00e5r g\u00e5 hem, jag med svansen mellan benen.<br \/>\nDret ocks\u00e5.\u00a0<\/strong><strong>Detta g\u00e5r min \u00e4ra f\u00f6rn\u00e4r.<\/strong><\/p>\n<p>Dagen d\u00e4rp\u00e5 har jag l\u00e4st p\u00e5 om kartkoordinater och bev\u00e4pnat mig med gps-klocka runt armen och Skogsstyrelsens webbapp i mobilen. Det f\u00e5r bli en l\u00f6prunda. N\u00e4r jag n\u00e4rmar mig norra kanten p\u00e5 hygget klickar jag fram webbappen och f\u00f6ljer den r\u00f6da punkten som \u00e4r jag, tills han n\u00e5r precis mitt i stens\u00e4ttningen, d\u00e4r den \u00e4r utm\u00e4rkt p\u00e5 webbkartan.<\/p>\n<p>Vilken prima m\u00e4nsklig pok\u00e9mon en \u00e4nd\u00e5 \u00e4r.<\/p>\n<p><strong>D\u00e5 kommer tvivlet<br \/>\n<\/strong>Jaha. En grop precis bredvid stigen, nedanf\u00f6r berget. Men resten st\u00e4mmer, tallar finnes, ljung och mossa likas\u00e5. Skymtar det inte lite sten under mossan jag st\u00e5r p\u00e5?<\/p>\n<p>Jag fotograferar och trivs. En b\u00f6rjar bli historiker, arkeolog n\u00e4stan faktiskt.\u00a0Mitt i symbolen f\u00f6r fornminnet lyser min r\u00f6da dutt.<\/p>\n<p>Sedan kommer tvivlet. Inte farao \u00e4r det d\u00e4r en brons\u00e5ldersgrav. Det vet v\u00e4l alla att gps-klockor inte visar r\u00e4tt p\u00e5 metern.<\/p>\n<p>Riksantikvarie\u00e4mbetet har noga angett vilka kartkoordinater som g\u00e4ller. Nu ser jag att min mobil indikerar koordinater enligt ett av systemen de n\u00e4mner. Inte m\u00e5nga siffror r\u00e4tt d\u00e4r, inte. Har de r\u00e5kat s\u00e4tta ut felaktiga koordinater? Har de r\u00e4knat fel n\u00e4r de skulle f\u00f6rvandla siffrorna till min mobils system?<\/p>\n<p><strong>\u00c4ntligen!<br \/>\n<\/strong>Mer och mer skeptisk b\u00f6rjar jag kuta runt i sluttningen norr om stigen, d\u00e4r vi letat f\u00f6rr. Nej, ingen rund s\u00e4ttning.<\/p>\n<p><a href=\"https:\/\/sven-ove.nu\/?attachment_id=17376\" rel=\"attachment wp-att-17376\"><img loading=\"lazy\" decoding=\"async\" class=\"alignright size-thumbnail wp-image-17376\" src=\"https:\/\/sven-ove.nu\/wp-content\/uploads\/2017\/03\/Den-tredje-150x150.jpg\" alt=\"\" width=\"150\" height=\"150\" \/><\/a>D\u00e5 kliver jag till sist upp p\u00e5 en liten \u00e5s s\u00f6der om stigen. D\u00e4r, vid tv\u00e5\u00a0nerfallna tallar finner jag den. En rund samling kantiga stenar, rej\u00e4lt \u00f6verv\u00e4xta av mossa. Koordinaterna i mobilen st\u00e4mmer inte men placeringen p\u00e5 \u00e5sen k\u00e4nns r\u00e4tt. H\u00e4r har hon f\u00e5tt en bra viloplats med fin utsikt mot sol och skog.<\/p>\n<p>N\u00e4r jag kommer hem l\u00e4ser jag hela den utskrivna texten. En ska l\u00e4sa hela. Titta, d\u00e4r st\u00e5r det ju i svart p\u00e5 vitt, precis som det s\u00e5g ut. Stens\u00e4ttningen ska ligga nio meter sydsydv\u00e4st om en stig som g\u00e5r i \u00f6stsyd\u00f6stlig-v\u00e4stnordv\u00e4stlig riktning, st\u00e5r det. Varf\u00f6r letade vi norr om stigen?<\/p>\n<p style=\"padding-left: 30px;\"><em>\u201dBergsavsats (\u00d6-V) p\u00e5 SV-sluttning av bergsrygg. Skogsmark (barrskog med inslag av l\u00f6vskog) intill igenv\u00e4xande kalhygge.\u201d<\/em><\/p>\n<p>Undrar vad hon heter som ligger d\u00e4r?<br \/>\n\u00c5sa?<\/p>\n<p><span style=\"color: #0000ff;\"><a style=\"color: #0000ff;\" href=\"https:\/\/sven-ove.nu\/\">Hem<\/a><\/span>\u00a0|\u00a0<span style=\"color: #0000ff;\"><a style=\"color: #0000ff;\" href=\"https:\/\/sven-ove.nu\/?page_id=170\">Om mig<\/a><\/span>\u00a0|\u00a0<span style=\"color: #0000ff;\"><a style=\"color: #0000ff;\" href=\"https:\/\/sven-ove.nu\/?page_id=1385\">Skriva &amp; prata<\/a><\/span>\u00a0|\u00a0<span style=\"color: #0000ff;\"><a style=\"color: #0000ff;\" href=\"https:\/\/sven-ove.nu\/?page_id=100\">Politik<\/a><\/span>\u00a0|\u00a0<span style=\"color: #0000ff;\"><a style=\"color: #0000ff;\" href=\"https:\/\/sven-ove.nu\/?page_id=102\">L\u00f6pa<\/a><\/span>\u00a0|\u00a0<span style=\"color: #0000ff;\"><a style=\"color: #0000ff;\" href=\"https:\/\/sven-ove.nu\/?page_id=108\">Viktor Root<\/a><\/span>\u00a0| <a href=\"https:\/\/sven-ove.nu\/?page_id=15908\"><span style=\"color: #0000ff;\">Firman<\/span>\u00a0<\/a>|\u00a0<span style=\"color: #0000ff;\"><a style=\"color: #0000ff;\" href=\"https:\/\/sven-ove.nu\/?page_id=15638\">K\u00f4ppra<\/a><\/span><\/p>\n","protected":false},"excerpt":{"rendered":"<p>\u201dH\u00f6gvatten, Norgegr\u00e4ns och Graf III \u00e4r n\u00e5gra ledtr\u00e5dar inf\u00f6r n\u00e4sta veckas utvandring. Det g\u00e5r n\u00e5gon och sv\u00e4r bland gr\u00e5alarna.\u201d S\u00e5 skriver jag. H\u00f6gvattnet r\u00e4knar han ut direkt, Vandraren. Det \u00e4r vattentornet. Graf III klarar han inte. Inte jag heller, visar det sig. Dret ocks\u00e5. Vi vandrar en f\u00f6rmiddag i veckan, det brukar bli tre timmar &hellip; <a href=\"https:\/\/sven-ove.nu\/?p=17372\" class=\"more-link\">Forts\u00e4tt l\u00e4sa <span class=\"screen-reader-text\">Mysteriet med Graf III<\/span><\/a><\/p>\n","protected":false},"author":1,"featured_media":0,"comment_status":"open","ping_status":"open","sticky":false,"template":"","format":"standard","meta":{"_crdt_document":"","_monsterinsights_skip_tracking":false,"_monsterinsights_sitenote_active":false,"_monsterinsights_sitenote_note":"","_monsterinsights_sitenote_category":0,"footnotes":""},"categories":[5,6],"tags":[8,25,14,13],"class_list":["post-17372","post","type-post","status-publish","format-standard","hentry","category-lopning","category-natur","tag-historia","tag-kartan","tag-lasning","tag-utrustning"],"_links":{"self":[{"href":"https:\/\/sven-ove.nu\/index.php?rest_route=\/wp\/v2\/posts\/17372","targetHints":{"allow":["GET"]}}],"collection":[{"href":"https:\/\/sven-ove.nu\/index.php?rest_route=\/wp\/v2\/posts"}],"about":[{"href":"https:\/\/sven-ove.nu\/index.php?rest_route=\/wp\/v2\/types\/post"}],"author":[{"embeddable":true,"href":"https:\/\/sven-ove.nu\/index.php?rest_route=\/wp\/v2\/users\/1"}],"replies":[{"embeddable":true,"href":"https:\/\/sven-ove.nu\/index.php?rest_route=%2Fwp%2Fv2%2Fcomments&post=17372"}],"version-history":[{"count":12,"href":"https:\/\/sven-ove.nu\/index.php?rest_route=\/wp\/v2\/posts\/17372\/revisions"}],"predecessor-version":[{"id":17385,"href":"https:\/\/sven-ove.nu\/index.php?rest_route=\/wp\/v2\/posts\/17372\/revisions\/17385"}],"wp:attachment":[{"href":"https:\/\/sven-ove.nu\/index.php?rest_route=%2Fwp%2Fv2%2Fmedia&parent=17372"}],"wp:term":[{"taxonomy":"category","embeddable":true,"href":"https:\/\/sven-ove.nu\/index.php?rest_route=%2Fwp%2Fv2%2Fcategories&post=17372"},{"taxonomy":"post_tag","embeddable":true,"href":"https:\/\/sven-ove.nu\/index.php?rest_route=%2Fwp%2Fv2%2Ftags&post=17372"}],"curies":[{"name":"wp","href":"https:\/\/api.w.org\/{rel}","templated":true}]}}