{"id":17403,"date":"2017-03-21T09:03:41","date_gmt":"2017-03-21T08:03:41","guid":{"rendered":"http:\/\/sven-ove.nu\/?p=17403"},"modified":"2017-03-21T09:15:53","modified_gmt":"2017-03-21T08:15:53","slug":"kalrotterna-i-slummen","status":"publish","type":"post","link":"https:\/\/sven-ove.nu\/?p=17403","title":{"rendered":"K\u00e5lr\u00f6tterna i slummen"},"content":{"rendered":"<blockquote><p>B\u00f6rjar precis l\u00e4sa en roman om de mest illa sedda, de som kommer dragande med sina fattiga \u00e4godelar till v\u00e4rsta slummen i det nya landet. Pesth\u00e5let kallar myndigheterna det.<\/p><\/blockquote>\n<p>Det \u00e4r en annan tid. H\u00e4r \u00e4r det svenskarna som migrerat, svenskarna som folk ser ner p\u00e5.<\/p>\n<p>Allt de gjort \u00e4r att fly fr\u00e5n el\u00e4ndet d\u00e4rhemma. Romanen av Ola Larsmo heter <span style=\"color: #ff0000;\"><a style=\"color: #ff0000;\" href=\"http:\/\/www.bokus.com\/bok\/9789100139681\/swede-hollow\/\">Swede Hollow<\/a><\/span>, f\u00f6r s\u00e5 kallas slummen de bor i. N\u00e4r jag ber datorn \u00f6vers\u00e4tta namnet svarar maskinen:<\/p>\n<p>K\u00e5lrot ih\u00e5liga.<\/p>\n<p><a href=\"https:\/\/sven-ove.nu\/?attachment_id=17406\" rel=\"attachment wp-att-17406\"><img loading=\"lazy\" decoding=\"async\" class=\"size-full wp-image-17406 alignnone\" src=\"https:\/\/sven-ove.nu\/wp-content\/uploads\/2017\/03\/K\u00e5lrot.png\" alt=\"\" width=\"525\" height=\"554\" srcset=\"https:\/\/sven-ove.nu\/wp-content\/uploads\/2017\/03\/K\u00e5lrot.png 525w, https:\/\/sven-ove.nu\/wp-content\/uploads\/2017\/03\/K\u00e5lrot-284x300.png 284w\" sizes=\"auto, (max-width: 525px) 100vw, 525px\" \/><\/a><\/p>\n<p><span style=\"color: #0000ff;\"><a style=\"color: #0000ff;\" href=\"https:\/\/sven-ove.nu\/\">Hem<\/a><\/span>\u00a0|\u00a0<span style=\"color: #0000ff;\"><a style=\"color: #0000ff;\" href=\"https:\/\/sven-ove.nu\/?page_id=170\">Om mig<\/a><\/span>\u00a0|\u00a0<span style=\"color: #0000ff;\"><a style=\"color: #0000ff;\" href=\"https:\/\/sven-ove.nu\/?page_id=1385\">Skriva &amp; prata<\/a><\/span>\u00a0|\u00a0<span style=\"color: #0000ff;\"><a style=\"color: #0000ff;\" href=\"https:\/\/sven-ove.nu\/?page_id=100\">Politik<\/a><\/span>\u00a0|\u00a0<span style=\"color: #0000ff;\"><a style=\"color: #0000ff;\" href=\"https:\/\/sven-ove.nu\/?page_id=102\">L\u00f6pa<\/a><\/span>\u00a0|\u00a0<span style=\"color: #0000ff;\"><a style=\"color: #0000ff;\" href=\"https:\/\/sven-ove.nu\/?page_id=108\">Viktor Root<\/a><\/span>\u00a0| <a href=\"https:\/\/sven-ove.nu\/?page_id=15908\"><span style=\"color: #0000ff;\">Firman<\/span>\u00a0<\/a>|\u00a0<span style=\"color: #0000ff;\"><a style=\"color: #0000ff;\" href=\"https:\/\/sven-ove.nu\/?page_id=15638\">K\u00f4ppra<\/a><\/span><\/p>\n","protected":false},"excerpt":{"rendered":"<p>B\u00f6rjar precis l\u00e4sa en roman om de mest illa sedda, de som kommer dragande med sina fattiga \u00e4godelar till v\u00e4rsta slummen i det nya landet. Pesth\u00e5let kallar myndigheterna det. Det \u00e4r en annan tid. H\u00e4r \u00e4r det svenskarna som migrerat, svenskarna som folk ser ner p\u00e5. Allt de gjort \u00e4r att fly fr\u00e5n el\u00e4ndet d\u00e4rhemma. &hellip; <a href=\"https:\/\/sven-ove.nu\/?p=17403\" class=\"more-link\">Forts\u00e4tt l\u00e4sa <span class=\"screen-reader-text\">K\u00e5lr\u00f6tterna i slummen<\/span><\/a><\/p>\n","protected":false},"author":1,"featured_media":0,"comment_status":"open","ping_status":"open","sticky":false,"template":"","format":"standard","meta":{"_crdt_document":"","_monsterinsights_skip_tracking":false,"_monsterinsights_sitenote_active":false,"_monsterinsights_sitenote_note":"","_monsterinsights_sitenote_category":0,"footnotes":""},"categories":[4],"tags":[8,18,14,21],"class_list":["post-17403","post","type-post","status-publish","format-standard","hentry","category-skrivande","tag-historia","tag-lardomar","tag-lasning","tag-ord"],"_links":{"self":[{"href":"https:\/\/sven-ove.nu\/index.php?rest_route=\/wp\/v2\/posts\/17403","targetHints":{"allow":["GET"]}}],"collection":[{"href":"https:\/\/sven-ove.nu\/index.php?rest_route=\/wp\/v2\/posts"}],"about":[{"href":"https:\/\/sven-ove.nu\/index.php?rest_route=\/wp\/v2\/types\/post"}],"author":[{"embeddable":true,"href":"https:\/\/sven-ove.nu\/index.php?rest_route=\/wp\/v2\/users\/1"}],"replies":[{"embeddable":true,"href":"https:\/\/sven-ove.nu\/index.php?rest_route=%2Fwp%2Fv2%2Fcomments&post=17403"}],"version-history":[{"count":4,"href":"https:\/\/sven-ove.nu\/index.php?rest_route=\/wp\/v2\/posts\/17403\/revisions"}],"predecessor-version":[{"id":17408,"href":"https:\/\/sven-ove.nu\/index.php?rest_route=\/wp\/v2\/posts\/17403\/revisions\/17408"}],"wp:attachment":[{"href":"https:\/\/sven-ove.nu\/index.php?rest_route=%2Fwp%2Fv2%2Fmedia&parent=17403"}],"wp:term":[{"taxonomy":"category","embeddable":true,"href":"https:\/\/sven-ove.nu\/index.php?rest_route=%2Fwp%2Fv2%2Fcategories&post=17403"},{"taxonomy":"post_tag","embeddable":true,"href":"https:\/\/sven-ove.nu\/index.php?rest_route=%2Fwp%2Fv2%2Ftags&post=17403"}],"curies":[{"name":"wp","href":"https:\/\/api.w.org\/{rel}","templated":true}]}}