{"id":17413,"date":"2017-03-27T03:00:35","date_gmt":"2017-03-27T02:00:35","guid":{"rendered":"http:\/\/sven-ove.nu\/?p=17413"},"modified":"2017-03-27T05:35:51","modified_gmt":"2017-03-27T04:35:51","slug":"offentligheten-dor","status":"publish","type":"post","link":"https:\/\/sven-ove.nu\/?p=17413","title":{"rendered":"N\u00e4r offentligheten d\u00f6r"},"content":{"rendered":"<p><a href=\"https:\/\/sven-ove.nu\/?attachment_id=17416\" rel=\"attachment wp-att-17416\"><img loading=\"lazy\" decoding=\"async\" class=\"size-full wp-image-17416 alignnone\" src=\"https:\/\/sven-ove.nu\/wp-content\/uploads\/2017\/03\/F\u00f6rst.png\" alt=\"\" width=\"423\" height=\"610\" srcset=\"https:\/\/sven-ove.nu\/wp-content\/uploads\/2017\/03\/F\u00f6rst.png 423w, https:\/\/sven-ove.nu\/wp-content\/uploads\/2017\/03\/F\u00f6rst-208x300.png 208w\" sizes=\"auto, (max-width: 423px) 100vw, 423px\" \/><\/a><\/p>\n<p style=\"padding-left: 30px;\"><em>F\u00f6rst p\u00e5 webben, 1994.<\/em><\/p>\n<blockquote><p>Jag brukar ofta s\u00e4ga att jag har surfat sex timmar om dagen sedan 1994. Inte m\u00e5nga dagars undantag fr\u00e5n den regeln.<br \/>\nJag \u00e4r inne p\u00e5 min andra egna webbplats, har varit webbredakt\u00f6r i jobbet, skriver de flesta texter i mobilen och bor i stort sett p\u00e5 Facebook vissa f\u00f6rmiddagar.<\/p><\/blockquote>\n<p>Teknikfientlig \u00e4r jag inte. Det var l\u00e4nge sedan jag b\u00f6rjade inse webbens m\u00f6jlighet som fattigmans tidning.<\/p>\n<p><strong>V\u00e4ldiga krafter<br \/>\n<\/strong>Problemet \u00e4r bara att ingen f\u00f6rstod marknadskrafternas v\u00e4ldiga styrka. D\u00e5, n\u00e4r s\u00f6kmotorerna var klena, Facebook inte fanns och annonser p\u00e5 n\u00e4tet var n\u00e5got fult tyckte amerikanerna.<\/p>\n<p>D\u00e4rf\u00f6r <span style=\"color: #0000ff;\"><a style=\"color: #0000ff;\" href=\"https:\/\/sven-ove.nu\/?p=17290\">sv\u00e4lter tidningar<\/a><\/span>. Vi begrep inte b\u00e4ttre. &#8221;Vill du ha nyheten\u00a0gratis i datorn i dag eller betala f\u00f6r att f\u00e5 den i brevl\u00e5dan i morgon?&#8221;.<\/p>\n<p>Det \u00e4r inte papperet jag s\u00f6rjer.\u00a0Det \u00e4r det fria, spridda ordet, den gemensamma diskussionen.<\/p>\n<p>Offentligheten d\u00f6r inf\u00f6r v\u00e5ra \u00f6gon.<strong>\u00a0<\/strong><\/p>\n<p><strong><em>###<\/em><\/strong><em> Men visst \u00e4r tidningspapperet med tryckta ord p\u00e5 en fantastiskt modern teknik.<br \/>\n<\/em><strong><em>###<\/em><\/strong><em> Portabel, anv\u00e4ndarv\u00e4nlig i solsken, ok\u00e4nslig f\u00f6r st\u00f6tar, l\u00e4tt att \u00e5tervinna.<br \/>\n<\/em><strong><em>###<\/em><\/strong><em> B\u00e4ttre att st\u00e4lla kattmaten p\u00e5 \u00e4n alla surfplattor i v\u00e4rlden.<\/em><\/p>\n<p><span style=\"color: #0000ff;\"><a style=\"color: #0000ff;\" href=\"https:\/\/sven-ove.nu\/\">Hem<\/a><\/span>\u00a0|\u00a0<span style=\"color: #0000ff;\"><a style=\"color: #0000ff;\" href=\"https:\/\/sven-ove.nu\/?page_id=170\">Om mig<\/a><\/span>\u00a0|\u00a0<span style=\"color: #0000ff;\"><a style=\"color: #0000ff;\" href=\"https:\/\/sven-ove.nu\/?page_id=1385\">Skriva &amp; prata<\/a><\/span>\u00a0|\u00a0<span style=\"color: #0000ff;\"><a style=\"color: #0000ff;\" href=\"https:\/\/sven-ove.nu\/?page_id=100\">Politik<\/a><\/span>\u00a0|\u00a0<span style=\"color: #0000ff;\"><a style=\"color: #0000ff;\" href=\"https:\/\/sven-ove.nu\/?page_id=102\">L\u00f6pa<\/a><\/span>\u00a0|\u00a0<span style=\"color: #0000ff;\"><a style=\"color: #0000ff;\" href=\"https:\/\/sven-ove.nu\/?page_id=108\">Viktor Root<\/a><\/span>\u00a0| <a href=\"https:\/\/sven-ove.nu\/?page_id=15908\"><span style=\"color: #0000ff;\">Firman<\/span>\u00a0<\/a>|\u00a0<span style=\"color: #0000ff;\"><a style=\"color: #0000ff;\" href=\"https:\/\/sven-ove.nu\/?page_id=15638\">K\u00f4ppra<\/a><\/span><\/p>\n","protected":false},"excerpt":{"rendered":"<p>F\u00f6rst p\u00e5 webben, 1994. Jag brukar ofta s\u00e4ga att jag har surfat sex timmar om dagen sedan 1994. Inte m\u00e5nga dagars undantag fr\u00e5n den regeln. Jag \u00e4r inne p\u00e5 min andra egna webbplats, har varit webbredakt\u00f6r i jobbet, skriver de flesta texter i mobilen och bor i stort sett p\u00e5 Facebook vissa f\u00f6rmiddagar. Teknikfientlig \u00e4r &hellip; <a href=\"https:\/\/sven-ove.nu\/?p=17413\" class=\"more-link\">Forts\u00e4tt l\u00e4sa <span class=\"screen-reader-text\">N\u00e4r offentligheten d\u00f6r<\/span><\/a><\/p>\n","protected":false},"author":1,"featured_media":0,"comment_status":"open","ping_status":"open","sticky":false,"template":"","format":"standard","meta":{"_crdt_document":"","_monsterinsights_skip_tracking":false,"_monsterinsights_sitenote_active":false,"_monsterinsights_sitenote_note":"","_monsterinsights_sitenote_category":0,"footnotes":""},"categories":[4],"tags":[15,13],"class_list":["post-17413","post","type-post","status-publish","format-standard","hentry","category-skrivande","tag-mediedjungeln","tag-utrustning"],"_links":{"self":[{"href":"https:\/\/sven-ove.nu\/index.php?rest_route=\/wp\/v2\/posts\/17413","targetHints":{"allow":["GET"]}}],"collection":[{"href":"https:\/\/sven-ove.nu\/index.php?rest_route=\/wp\/v2\/posts"}],"about":[{"href":"https:\/\/sven-ove.nu\/index.php?rest_route=\/wp\/v2\/types\/post"}],"author":[{"embeddable":true,"href":"https:\/\/sven-ove.nu\/index.php?rest_route=\/wp\/v2\/users\/1"}],"replies":[{"embeddable":true,"href":"https:\/\/sven-ove.nu\/index.php?rest_route=%2Fwp%2Fv2%2Fcomments&post=17413"}],"version-history":[{"count":8,"href":"https:\/\/sven-ove.nu\/index.php?rest_route=\/wp\/v2\/posts\/17413\/revisions"}],"predecessor-version":[{"id":17435,"href":"https:\/\/sven-ove.nu\/index.php?rest_route=\/wp\/v2\/posts\/17413\/revisions\/17435"}],"wp:attachment":[{"href":"https:\/\/sven-ove.nu\/index.php?rest_route=%2Fwp%2Fv2%2Fmedia&parent=17413"}],"wp:term":[{"taxonomy":"category","embeddable":true,"href":"https:\/\/sven-ove.nu\/index.php?rest_route=%2Fwp%2Fv2%2Fcategories&post=17413"},{"taxonomy":"post_tag","embeddable":true,"href":"https:\/\/sven-ove.nu\/index.php?rest_route=%2Fwp%2Fv2%2Ftags&post=17413"}],"curies":[{"name":"wp","href":"https:\/\/api.w.org\/{rel}","templated":true}]}}