{"id":17449,"date":"2017-04-01T09:54:52","date_gmt":"2017-04-01T08:54:52","guid":{"rendered":"http:\/\/sven-ove.nu\/?p=17449"},"modified":"2017-04-01T18:33:29","modified_gmt":"2017-04-01T17:33:29","slug":"dagsens-sanning-4","status":"publish","type":"post","link":"https:\/\/sven-ove.nu\/?p=17449","title":{"rendered":"Dagsens sanning"},"content":{"rendered":"<p style=\"margin-top: 0pt; margin-bottom: 21pt; font-family: 'Noto Serif'; font-size: 12.75pt; color: #333333;\"><a href=\"https:\/\/sven-ove.nu\/?attachment_id=6969\" rel=\"attachment wp-att-6969\"><img loading=\"lazy\" decoding=\"async\" class=\"size-medium wp-image-6969 alignnone\" src=\"https:\/\/sven-ove.nu\/wp-content\/uploads\/2013\/10\/Tack-och-bock-198x300.jpg\" alt=\"\" width=\"198\" height=\"300\" srcset=\"https:\/\/sven-ove.nu\/wp-content\/uploads\/2013\/10\/Tack-och-bock-198x300.jpg 198w, https:\/\/sven-ove.nu\/wp-content\/uploads\/2013\/10\/Tack-och-bock.jpg 288w\" sizes=\"auto, (max-width: 198px) 100vw, 198px\" \/><\/a><\/p>\n<p style=\"margin-top: 0pt; margin-bottom: 21pt; font-family: 'Noto Serif'; font-size: 12.75pt; color: #333333;\">Det \u00e4r fred p\u00e5 jorden.<br \/>\nArbetets frukter f\u00f6rdelas r\u00e4ttvist.<br \/>\nKvinnor och m\u00e4n har samma chanser.<br \/>\nNaturtillg\u00e5ngarna f\u00f6rdelas lika.<br \/>\nDemokratin slutar inte n\u00e4r arbetsdagen b\u00f6rjar.<br \/>\nAlla lever milj\u00f6v\u00e4nligt.<br \/>\nBarn f\u00e5r bra utbildning.<br \/>\nVarenda m\u00e4nniska f\u00e5r s\u00e4ga vad hon vill.<br \/>\nIngen somnar hungrig.<\/p>\n<p style=\"margin-top: 0pt; margin-bottom: 21pt; font-family: 'Noto Serif'; font-size: 12.75pt; color: #333333;\">April april.<\/p>\n<p style=\"margin-top: 0pt; margin-bottom: 21pt; font-family: 'Noto Serif'; font-size: 12.75pt; color: #333333;\"><span style=\"font-style: italic;\">(Repris fr\u00e5n 1 april 2012, 2014 och 2015).<\/span><\/p>\n","protected":false},"excerpt":{"rendered":"<p>Det \u00e4r fred p\u00e5 jorden. Arbetets frukter f\u00f6rdelas r\u00e4ttvist. Kvinnor och m\u00e4n har samma chanser. Naturtillg\u00e5ngarna f\u00f6rdelas lika. Demokratin slutar inte n\u00e4r arbetsdagen b\u00f6rjar. Alla lever milj\u00f6v\u00e4nligt. Barn f\u00e5r bra utbildning. Varenda m\u00e4nniska f\u00e5r s\u00e4ga vad hon vill. Ingen somnar hungrig. April april. (Repris fr\u00e5n 1 april 2012, 2014 och 2015).<\/p>\n","protected":false},"author":1,"featured_media":0,"comment_status":"open","ping_status":"open","sticky":false,"template":"","format":"standard","meta":{"_crdt_document":"","_monsterinsights_skip_tracking":false,"_monsterinsights_sitenote_active":false,"_monsterinsights_sitenote_note":"","_monsterinsights_sitenote_category":0,"footnotes":""},"categories":[9],"tags":[24,17],"class_list":["post-17449","post","type-post","status-publish","format-standard","hentry","category-politik","tag-karlek","tag-solidaritet"],"_links":{"self":[{"href":"https:\/\/sven-ove.nu\/index.php?rest_route=\/wp\/v2\/posts\/17449","targetHints":{"allow":["GET"]}}],"collection":[{"href":"https:\/\/sven-ove.nu\/index.php?rest_route=\/wp\/v2\/posts"}],"about":[{"href":"https:\/\/sven-ove.nu\/index.php?rest_route=\/wp\/v2\/types\/post"}],"author":[{"embeddable":true,"href":"https:\/\/sven-ove.nu\/index.php?rest_route=\/wp\/v2\/users\/1"}],"replies":[{"embeddable":true,"href":"https:\/\/sven-ove.nu\/index.php?rest_route=%2Fwp%2Fv2%2Fcomments&post=17449"}],"version-history":[{"count":4,"href":"https:\/\/sven-ove.nu\/index.php?rest_route=\/wp\/v2\/posts\/17449\/revisions"}],"predecessor-version":[{"id":17461,"href":"https:\/\/sven-ove.nu\/index.php?rest_route=\/wp\/v2\/posts\/17449\/revisions\/17461"}],"wp:attachment":[{"href":"https:\/\/sven-ove.nu\/index.php?rest_route=%2Fwp%2Fv2%2Fmedia&parent=17449"}],"wp:term":[{"taxonomy":"category","embeddable":true,"href":"https:\/\/sven-ove.nu\/index.php?rest_route=%2Fwp%2Fv2%2Fcategories&post=17449"},{"taxonomy":"post_tag","embeddable":true,"href":"https:\/\/sven-ove.nu\/index.php?rest_route=%2Fwp%2Fv2%2Ftags&post=17449"}],"curies":[{"name":"wp","href":"https:\/\/api.w.org\/{rel}","templated":true}]}}