{"id":17465,"date":"2017-04-04T03:00:36","date_gmt":"2017-04-04T02:00:36","guid":{"rendered":"http:\/\/sven-ove.nu\/?p=17465"},"modified":"2017-04-04T12:22:21","modified_gmt":"2017-04-04T11:22:21","slug":"17465","status":"publish","type":"post","link":"https:\/\/sven-ove.nu\/?p=17465","title":{"rendered":"N\u00e5gra sekunder av ditt liv"},"content":{"rendered":"<blockquote><p>Jag har ingen aning om varf\u00f6r bussolyckan utanf\u00f6r Sveg h\u00e4nde men jag har en aning om varf\u00f6r vissa ombord blev skadade. De hade inte sp\u00e4nt p\u00e5 sig bussb\u00e4ltena.<\/p><\/blockquote>\n<p>Det tar n\u00e5gra sekunder av ditt liv att s\u00e4tta p\u00e5 dig ett s\u00e4kerhetsb\u00e4lte i en buss. Sekunder d\u00e5 du \u00e4nd\u00e5 redan \u00e4r ombord och inte har s\u00e5 v\u00e4rst mycket annat f\u00f6r dig.<\/p>\n<p>De d\u00e4r sekunderna har m\u00e5nga k\u00e4mpat f\u00f6r, f\u00f6r din skull. Tekniker och andra som f\u00f6rst utvecklat tv\u00e5punktsb\u00e4ltet och sedan trepunktsb\u00e4ltet. Politiker som str\u00e4vat och beslutat om b\u00e4lteslagen. Medarbetare och beslutsfattare p\u00e5 olika bussbolag och hos v\u00e5ra trafikorganisat\u00f6rer som st\u00e4llt krav p\u00e5 leverant\u00f6rerna. &#8211; V\u00e5ra bussar ska ha b\u00e4lten!<\/p>\n<p><a href=\"https:\/\/sven-ove.nu\/?attachment_id=17469\" rel=\"attachment wp-att-17469\"><img loading=\"lazy\" decoding=\"async\" class=\"size-medium wp-image-17469 alignnone\" src=\"https:\/\/sven-ove.nu\/wp-content\/uploads\/2017\/04\/Buss-i-Forshaga-300x300.jpg\" alt=\"\" width=\"300\" height=\"300\" srcset=\"https:\/\/sven-ove.nu\/wp-content\/uploads\/2017\/04\/Buss-i-Forshaga-300x300.jpg 300w, https:\/\/sven-ove.nu\/wp-content\/uploads\/2017\/04\/Buss-i-Forshaga-150x150.jpg 150w, https:\/\/sven-ove.nu\/wp-content\/uploads\/2017\/04\/Buss-i-Forshaga.jpg 400w\" sizes=\"auto, (max-width: 300px) 100vw, 300px\" \/><\/a><\/p>\n<p>Sj\u00e4lv var jag glad och stolt n\u00e4r min arbetsgivare var det f\u00f6rsta l\u00e4nstrafikbolaget i landet som skaffade b\u00e4lten i bussarna. (Eller n\u00e4r det kom tv\u00e5 fastmonterade barnstolar i varje buss). Mindre lycklig n\u00e4r jag s\u00e5g hur f\u00e5 som brydde sig om att kn\u00e4ppa p\u00e5 sig bussb\u00e4ltena. Vi satte upp klisterm\u00e4rken, vi delade ut broschyrer, vi ber\u00e4ttade p\u00e5 webben och i andra sammanhang.<\/p>\n<p>\u00c4nd\u00e5 f\u00f6rblev de f\u00f6r det mesta oanv\u00e4nda.<\/p>\n<p><strong>F\u00f6rf\u00e4rligt uppvaknande<br \/>\n<\/strong>F\u00f6r egen del \u00e4ndrade jag mitt beteende efter en sv\u00e5r bussolycka n\u00e4ra \u00c4ngelsberg\u00a0i V\u00e4stmanland, n\u00e4r skolungdomar dog efter att ha kastats ut ur bussen och hamnat under den. Andra jag k\u00e4nner b\u00f6rjade b\u00e4lta sig sedan bussar kanat i diket vid tv\u00e5 tillf\u00e4llen n\u00e4ra Almar utanf\u00f6r Karlstad.<\/p>\n<p>Det \u00e4r ett f\u00f6rf\u00e4rligt uppvaknande att pl\u00f6tsligt kastas omkring i en v\u00e4ltande buss.<\/p>\n<p><strong>Lag p\u00e5 att anv\u00e4nda b\u00e4ltena<br \/>\n<\/strong>S\u00e5 h\u00e4r skriver NTF p\u00e5 sin webbplats:<\/p>\n<p style=\"padding-left: 30px;\"><em>\u201dI Sverige har vi lag p\u00e5 att alla som \u00e5ker buss ska anv\u00e4nda b\u00e4lte, om det finns.<\/em><\/p>\n<p style=\"padding-left: 30px;\"><em>Passagerare ska informeras om skyldigheten att anv\u00e4nda b\u00e4lte.<\/em><\/p>\n<p style=\"padding-left: 30px;\"><em>Det \u00e4r f\u00f6rarens ansvar att se till att passagerare som \u00e4r under 15 \u00e5r anv\u00e4nder b\u00e4lte.\u201d<\/em><\/p>\n<p>F\u00f6raren, annan ombordpersonal, ledsagare och ledare f\u00f6r en grupp \u00e4r ansvarig f\u00f6r att barn under femton \u00e5r anv\u00e4nder b\u00e4lte, som jag ser det. I \u00f6vrigt \u00e4r det passagerarna sj\u00e4lva som \u00e4r ansvariga.<\/p>\n<p>N\u00e5gra sekunder tar det.<br \/>\nG\u00f6r&#8217;t.<\/p>\n<p><span style=\"color: #0000ff;\"><a style=\"color: #0000ff;\" href=\"https:\/\/sven-ove.nu\/\">Hem<\/a><\/span>\u00a0|\u00a0<span style=\"color: #0000ff;\"><a style=\"color: #0000ff;\" href=\"https:\/\/sven-ove.nu\/?page_id=170\">Om mig<\/a><\/span>\u00a0|\u00a0<span style=\"color: #0000ff;\"><a style=\"color: #0000ff;\" href=\"https:\/\/sven-ove.nu\/?page_id=1385\">Skriva &amp; prata<\/a><\/span>\u00a0|\u00a0<span style=\"color: #0000ff;\"><a style=\"color: #0000ff;\" href=\"https:\/\/sven-ove.nu\/?page_id=100\">Politik<\/a><\/span>\u00a0|\u00a0<span style=\"color: #0000ff;\"><a style=\"color: #0000ff;\" href=\"https:\/\/sven-ove.nu\/?page_id=102\">L\u00f6pa<\/a><\/span>\u00a0|\u00a0<span style=\"color: #0000ff;\"><a style=\"color: #0000ff;\" href=\"https:\/\/sven-ove.nu\/?page_id=108\">Viktor Root<\/a><\/span>\u00a0| <a href=\"https:\/\/sven-ove.nu\/?page_id=15908\"><span style=\"color: #0000ff;\">Firman<\/span>\u00a0<\/a>|\u00a0<span style=\"color: #0000ff;\"><a style=\"color: #0000ff;\" href=\"https:\/\/sven-ove.nu\/?page_id=15638\">K\u00f4ppra<\/a><\/span><\/p>\n<p><a href=\"http:\/\/ntf.se\/konsumentupplysning\/buss-taxi-och-transporter\/saker-buss\/\" rel=\"attachment wp-att-17470\"><img loading=\"lazy\" decoding=\"async\" class=\"alignright size-full wp-image-17470\" src=\"https:\/\/sven-ove.nu\/wp-content\/uploads\/2017\/04\/Logotyp-bussb\u00e4lte.jpg\" alt=\"\" width=\"120\" height=\"121\" \/><\/a><\/p>\n","protected":false},"excerpt":{"rendered":"<p>Jag har ingen aning om varf\u00f6r bussolyckan utanf\u00f6r Sveg h\u00e4nde men jag har en aning om varf\u00f6r vissa ombord blev skadade. De hade inte sp\u00e4nt p\u00e5 sig bussb\u00e4ltena. Det tar n\u00e5gra sekunder av ditt liv att s\u00e4tta p\u00e5 dig ett s\u00e4kerhetsb\u00e4lte i en buss. Sekunder d\u00e5 du \u00e4nd\u00e5 redan \u00e4r ombord och inte har s\u00e5 &hellip; <a href=\"https:\/\/sven-ove.nu\/?p=17465\" class=\"more-link\">Forts\u00e4tt l\u00e4sa <span class=\"screen-reader-text\">N\u00e5gra sekunder av ditt liv<\/span><\/a><\/p>\n","protected":false},"author":1,"featured_media":0,"comment_status":"open","ping_status":"open","sticky":false,"template":"","format":"standard","meta":{"_crdt_document":"","_monsterinsights_skip_tracking":false,"_monsterinsights_sitenote_active":false,"_monsterinsights_sitenote_note":"","_monsterinsights_sitenote_category":0,"footnotes":""},"categories":[9],"tags":[24,18,20,17,13],"class_list":["post-17465","post","type-post","status-publish","format-standard","hentry","category-politik","tag-karlek","tag-lardomar","tag-rad","tag-solidaritet","tag-utrustning"],"_links":{"self":[{"href":"https:\/\/sven-ove.nu\/index.php?rest_route=\/wp\/v2\/posts\/17465","targetHints":{"allow":["GET"]}}],"collection":[{"href":"https:\/\/sven-ove.nu\/index.php?rest_route=\/wp\/v2\/posts"}],"about":[{"href":"https:\/\/sven-ove.nu\/index.php?rest_route=\/wp\/v2\/types\/post"}],"author":[{"embeddable":true,"href":"https:\/\/sven-ove.nu\/index.php?rest_route=\/wp\/v2\/users\/1"}],"replies":[{"embeddable":true,"href":"https:\/\/sven-ove.nu\/index.php?rest_route=%2Fwp%2Fv2%2Fcomments&post=17465"}],"version-history":[{"count":10,"href":"https:\/\/sven-ove.nu\/index.php?rest_route=\/wp\/v2\/posts\/17465\/revisions"}],"predecessor-version":[{"id":17477,"href":"https:\/\/sven-ove.nu\/index.php?rest_route=\/wp\/v2\/posts\/17465\/revisions\/17477"}],"wp:attachment":[{"href":"https:\/\/sven-ove.nu\/index.php?rest_route=%2Fwp%2Fv2%2Fmedia&parent=17465"}],"wp:term":[{"taxonomy":"category","embeddable":true,"href":"https:\/\/sven-ove.nu\/index.php?rest_route=%2Fwp%2Fv2%2Fcategories&post=17465"},{"taxonomy":"post_tag","embeddable":true,"href":"https:\/\/sven-ove.nu\/index.php?rest_route=%2Fwp%2Fv2%2Ftags&post=17465"}],"curies":[{"name":"wp","href":"https:\/\/api.w.org\/{rel}","templated":true}]}}