{"id":17488,"date":"2017-04-07T05:00:07","date_gmt":"2017-04-07T04:00:07","guid":{"rendered":"http:\/\/sven-ove.nu\/?p=17488"},"modified":"2017-04-20T07:25:41","modified_gmt":"2017-04-20T06:25:41","slug":"7-april-hur-i-hundan-satter-en-igang-en-skivspelare","status":"publish","type":"post","link":"https:\/\/sven-ove.nu\/?p=17488","title":{"rendered":"Hur i hundan s\u00e4tter en ig\u00e5ng en skivspelare?"},"content":{"rendered":"<h3><a href=\"https:\/\/sven-ove.nu\/?attachment_id=17493\" rel=\"attachment wp-att-17493\"><img loading=\"lazy\" decoding=\"async\" class=\"size-large wp-image-17493 alignnone\" src=\"https:\/\/sven-ove.nu\/wp-content\/uploads\/2017\/04\/Pickup-1024x805.jpg\" alt=\"\" width=\"660\" height=\"519\" srcset=\"https:\/\/sven-ove.nu\/wp-content\/uploads\/2017\/04\/Pickup-1024x805.jpg 1024w, https:\/\/sven-ove.nu\/wp-content\/uploads\/2017\/04\/Pickup-300x236.jpg 300w, https:\/\/sven-ove.nu\/wp-content\/uploads\/2017\/04\/Pickup-768x604.jpg 768w, https:\/\/sven-ove.nu\/wp-content\/uploads\/2017\/04\/Pickup.jpg 1280w\" sizes=\"auto, (max-width: 660px) 100vw, 660px\" \/><\/a><\/h3>\n<h3>Ber\u00e4ttelsen om en informationsklyfta<\/h3>\n<blockquote><p>N\u00e4r jag gick i \u00e5ttan kunde jag inte anv\u00e4nda en skivspelare. S\u00e5dant skapar minderv\u00e4rdeskomplex och visade p\u00e5 n\u00e5got som jag inte begrep den g\u00e5ngen.<\/p>\n<p>Hur s\u00e4tter jag ig\u00e5ng en skivspelare? Bevisar min okunskap n\u00e5gonting? Jag har ju l\u00e4tt f\u00f6r mig i skolan.<\/p><\/blockquote>\n<p><a href=\"https:\/\/sven-ove.nu\/?attachment_id=17497\" rel=\"attachment wp-att-17497\"><img loading=\"lazy\" decoding=\"async\" class=\"size-full wp-image-17497 alignnone\" src=\"https:\/\/sven-ove.nu\/wp-content\/uploads\/2017\/04\/Klassamh\u00e4llet-5.png\" alt=\"\" width=\"350\" height=\"59\" srcset=\"https:\/\/sven-ove.nu\/wp-content\/uploads\/2017\/04\/Klassamh\u00e4llet-5.png 350w, https:\/\/sven-ove.nu\/wp-content\/uploads\/2017\/04\/Klassamh\u00e4llet-5-300x51.png 300w\" sizes=\"auto, (max-width: 350px) 100vw, 350px\" \/><\/a><\/p>\n<p>Ja. Den ber\u00e4ttar om en klasskillnad mellan mig och tandl\u00e4karns trevlige son. Klyftan satt i f\u00f6r\u00e4ldrarnas inkomster vilket i sin tur skapade livsstilar p\u00e5 olika ekonomiska niv\u00e5er. Jag lyssnade p\u00e5 musiken n\u00e4r den h\u00e4ndelsevis d\u00f6k upp i radion. Han direktimporterade en amerikan som hette Chuck Berry.<\/p>\n<p>&#8211; Lyssna sj\u00e4lv nu, n\u00e4r jag g\u00e5r upp och \u00e4ter.<\/p>\n<p>G\u00e4rna. Om jag bara visste hur en g\u00f6r. \u00c4r han bra den d\u00e4r Tjack B\u00e4rri?<\/p>\n<p><strong>Han har inte spr\u00e5ket<br \/>\n<\/strong>Klassklyftor finns av m\u00e5nga slag. Den de flesta t\u00e4nker f\u00f6rst p\u00e5 \u00e4r v\u00e4l de ekonomiska skillnaderna. B\u00f6rsbolagens vd:ar tj\u00e4nar 54 g\u00e5nger s\u00e5 mycket som en industriarbetare, klart att det \u00e4r en klyfta. Marian som sitter utanf\u00f6r mitt Konsum med sin mugg, han ser ocks\u00e5 skillnad. Hela dagarna.<\/p>\n<p>H\u00e4r kan han inte ens spr\u00e5ket, fast vi \u00e4r n\u00e5gra som f\u00f6rs\u00f6ker. Husvagnen kallar han caravan.<\/p>\n<p>&#8211; S\u00e4g efter mig nu. Hus-vagn.<\/p>\n<p><strong>De sm\u00e5 skulle \u00e4tas upp<br \/>\n<\/strong>Vi var sm\u00e5b\u00f6nder, dessutom bosatta i en utkant tyckte samh\u00e4llet. En bra uppv\u00e4xt, n\u00e4rmare till \u00e4ldre generationer har jag aldrig haft, inte till orrspel, storspov och r\u00e5djursst\u00e4mplar heller. Pengar hade vi ont om och ingen bil i b\u00f6rjan men somnade m\u00e4tta varenda kv\u00e4ll. Sedan kom det som tidningarna kallade &#8221;jordbrukets strukturrationalisering&#8221;. Den gick ut p\u00e5 att farbr\u00f6derna i Lantbruksn\u00e4mnden best\u00e4mde att de stora g\u00e5rdarna i grannskapet skulle leva och de sm\u00e5 skulle \u00e4tas upp. D\u00e5 fick <span style=\"color: #0000ff;\"><a style=\"color: #0000ff;\" href=\"https:\/\/sven-ove.nu\/?page_id=170\">vi sm\u00e5<\/a><\/span> h\u00e5lla auktion p\u00e5 v\u00e5ra traktorer, harvar och h\u00f6balar och v\u00e5ra pappor och mammor fick ta jobb l\u00e5ngt borta i centralorten. Fast de inte ville.<\/p>\n<p>D\u00e5 hade vi f\u00f6rst f\u00e5tt lov att s\u00e4tta granplant p\u00e5 de av v\u00e5ra \u00e5krar som inte heller d\u00f6g.<\/p>\n<p><a href=\"https:\/\/sven-ove.nu\/?attachment_id=8565\" rel=\"attachment wp-att-8565\"><img loading=\"lazy\" decoding=\"async\" class=\"size-medium wp-image-8565 alignnone\" src=\"https:\/\/sven-ove.nu\/wp-content\/uploads\/2014\/03\/\u00c4ngeb\u00e4ckstorp-300x142.jpg\" alt=\"\" width=\"300\" height=\"142\" srcset=\"https:\/\/sven-ove.nu\/wp-content\/uploads\/2014\/03\/\u00c4ngeb\u00e4ckstorp-300x142.jpg 300w, https:\/\/sven-ove.nu\/wp-content\/uploads\/2014\/03\/\u00c4ngeb\u00e4ckstorp-1024x486.jpg 1024w\" sizes=\"auto, (max-width: 300px) 100vw, 300px\" \/><\/a><\/p>\n<p><strong>\u00c4r informationsklyftan v\u00e4rst?<br \/>\n<\/strong>\u00c4ven bland oss b\u00f6nder fanns det klasskillnad. Det fanns de stora, som nu bor ensamma kvar p\u00e5 svensk landsbygd och det fanns vi sm\u00e5 som fick flytta. Den rationaliseringen har jag inte h\u00e4mtat mig fr\u00e5n \u00e4n, fast jag aldrig var skapt att bli bonde.<\/p>\n<p>Storspoven fattas mig och det \u00e4kta sj\u00e4lvf\u00f6rtroendet.<\/p>\n<p>Skillnaden satt i arealen och d\u00e4rmed hur mycket som blev kvar efter att vi deklarerat den 15 februari varje \u00e5r. N\u00e4r vi kom till h\u00f6gstadiet s\u00e5g vi att den ocks\u00e5 satt i vilka som hade h\u00e4ftigast kl\u00e4der, r\u00e5d att \u00e5ka p\u00e5 spr\u00e5kresa och f\u00f6r\u00e4ldrar som g\u00e5tt mer \u00e4n sju \u00e5r i skolan.<\/p>\n<p>Det fanns en informationsklyfta. Den lever \u00e4n. Ibland tycker jag att den klyftan \u00e4r v\u00e4rre \u00e4n alla l\u00f6nebesked och traktorauktioner i v\u00e4rlden.<\/p>\n<p><strong>L\u00e4gg ner den f\u00f6rsiktigt<br \/>\n<\/strong>Du lyfter pickupen, f\u00f6r den \u00e5t sidan och l\u00e4gger f\u00f6rsiktigt ner den mot sp\u00e5ret n\u00e4r skivan b\u00f6rjat snurra. Musiken fr\u00e5n Amerika finns inne i det sp\u00e5ret.<\/p>\n<p>Han \u00e4r bra den d\u00e4r Berry.<br \/>\nDet vet jag nu.<\/p>\n<p>Han heter inte Tjack.<\/p>\n<p style=\"padding-left: 30px;\"><span style=\"color: #0000ff;\"><span style=\"color: #ff6600;\"><em><strong>###<\/strong><\/em><\/span><strong><em>\u00a0<span style=\"color: #000000;\">Fler<\/span><\/em><\/strong><span style=\"color: #000000;\"><strong><em><span style=\"color: #000000;\">\u00a0<\/span>inl\u00e4gg i bloggserien<\/em><\/strong><em>:<\/em><\/span><em><br \/>\n<a style=\"color: #0000ff;\" href=\"https:\/\/sven-ove.nu\/?p=17142\">Klassamh\u00e4llet Sverige, del 1: Grisl\u00f6ner i klassamh\u00e4llet<br \/>\n<\/a><\/em><em><a style=\"color: #0000ff;\" href=\"https:\/\/sven-ove.nu\/?p=17275\">Klassamh\u00e4llet Sverige, del 2: Nu kommer den nya klassanalysen av Sverige<\/a><\/em><em><br \/>\n<\/em><em><a style=\"color: #0000ff;\" href=\"https:\/\/sven-ove.nu\/?p=17298\">Klassamh\u00e4llet Sverige, del 3: Den slarvigast kl\u00e4dde kan ha dyrast paltor<br \/>\n<\/a><\/em><em><a style=\"color: #0000ff;\" href=\"https:\/\/sven-ove.nu\/?p=17263\">Klassamh\u00e4llet Sverige, del 4: S\u00e5 f\u00f6rtrycker de din trut och din fot<br \/>\n<\/a><\/em><\/span><span style=\"color: #0000ff;\"><em><a style=\"color: #0000ff;\" href=\"https:\/\/sven-ove.nu\/?p=17684\">Klassamh\u00e4llet Sverige, del 6: Det \u00e4r dags f\u00f6r en ny ideologisk offensiv<\/a><\/em><\/span><\/p>\n<p><span style=\"color: #0000ff;\"><a style=\"color: #0000ff;\" href=\"https:\/\/sven-ove.nu\/\">Hem<\/a><\/span>\u00a0|\u00a0<span style=\"color: #0000ff;\"><a style=\"color: #0000ff;\" href=\"https:\/\/sven-ove.nu\/?page_id=170\">Om mig<\/a><\/span>\u00a0|\u00a0<span style=\"color: #0000ff;\"><a style=\"color: #0000ff;\" href=\"https:\/\/sven-ove.nu\/?page_id=1385\">Skriva &amp; prata<\/a><\/span>\u00a0|\u00a0<span style=\"color: #0000ff;\"><a style=\"color: #0000ff;\" href=\"https:\/\/sven-ove.nu\/?page_id=100\">Politik<\/a><\/span>\u00a0|\u00a0<span style=\"color: #0000ff;\"><a style=\"color: #0000ff;\" href=\"https:\/\/sven-ove.nu\/?page_id=102\">L\u00f6pa<\/a><\/span>\u00a0|\u00a0<span style=\"color: #0000ff;\"><a style=\"color: #0000ff;\" href=\"https:\/\/sven-ove.nu\/?page_id=108\">Viktor Root<\/a><\/span>\u00a0| <a href=\"https:\/\/sven-ove.nu\/?page_id=15908\"><span style=\"color: #0000ff;\">Firman<\/span>\u00a0<\/a>|\u00a0<span style=\"color: #0000ff;\"><a style=\"color: #0000ff;\" href=\"https:\/\/sven-ove.nu\/?page_id=15638\">K\u00f4ppra<\/a><\/span><\/p>\n","protected":false},"excerpt":{"rendered":"<p>Ber\u00e4ttelsen om en informationsklyfta N\u00e4r jag gick i \u00e5ttan kunde jag inte anv\u00e4nda en skivspelare. S\u00e5dant skapar minderv\u00e4rdeskomplex och visade p\u00e5 n\u00e5got som jag inte begrep den g\u00e5ngen. Hur s\u00e4tter jag ig\u00e5ng en skivspelare? Bevisar min okunskap n\u00e5gonting? Jag har ju l\u00e4tt f\u00f6r mig i skolan. Ja. Den ber\u00e4ttar om en klasskillnad mellan mig och &hellip; <a href=\"https:\/\/sven-ove.nu\/?p=17488\" class=\"more-link\">Forts\u00e4tt l\u00e4sa <span class=\"screen-reader-text\">Hur i hundan s\u00e4tter en ig\u00e5ng en skivspelare?<\/span><\/a><\/p>\n","protected":false},"author":1,"featured_media":0,"comment_status":"open","ping_status":"open","sticky":false,"template":"","format":"standard","meta":{"_crdt_document":"","_monsterinsights_skip_tracking":false,"_monsterinsights_sitenote_active":false,"_monsterinsights_sitenote_note":"","_monsterinsights_sitenote_category":0,"footnotes":""},"categories":[10,9],"tags":[3,8,18,13],"class_list":["post-17488","post","type-post","status-publish","format-standard","hentry","category-familjen","category-politik","tag-arbete","tag-historia","tag-lardomar","tag-utrustning"],"_links":{"self":[{"href":"https:\/\/sven-ove.nu\/index.php?rest_route=\/wp\/v2\/posts\/17488","targetHints":{"allow":["GET"]}}],"collection":[{"href":"https:\/\/sven-ove.nu\/index.php?rest_route=\/wp\/v2\/posts"}],"about":[{"href":"https:\/\/sven-ove.nu\/index.php?rest_route=\/wp\/v2\/types\/post"}],"author":[{"embeddable":true,"href":"https:\/\/sven-ove.nu\/index.php?rest_route=\/wp\/v2\/users\/1"}],"replies":[{"embeddable":true,"href":"https:\/\/sven-ove.nu\/index.php?rest_route=%2Fwp%2Fv2%2Fcomments&post=17488"}],"version-history":[{"count":13,"href":"https:\/\/sven-ove.nu\/index.php?rest_route=\/wp\/v2\/posts\/17488\/revisions"}],"predecessor-version":[{"id":17747,"href":"https:\/\/sven-ove.nu\/index.php?rest_route=\/wp\/v2\/posts\/17488\/revisions\/17747"}],"wp:attachment":[{"href":"https:\/\/sven-ove.nu\/index.php?rest_route=%2Fwp%2Fv2%2Fmedia&parent=17488"}],"wp:term":[{"taxonomy":"category","embeddable":true,"href":"https:\/\/sven-ove.nu\/index.php?rest_route=%2Fwp%2Fv2%2Fcategories&post=17488"},{"taxonomy":"post_tag","embeddable":true,"href":"https:\/\/sven-ove.nu\/index.php?rest_route=%2Fwp%2Fv2%2Ftags&post=17488"}],"curies":[{"name":"wp","href":"https:\/\/api.w.org\/{rel}","templated":true}]}}