{"id":17509,"date":"2017-04-09T13:22:22","date_gmt":"2017-04-09T12:22:22","guid":{"rendered":"http:\/\/sven-ove.nu\/?p=17509"},"modified":"2017-04-09T13:38:11","modified_gmt":"2017-04-09T12:38:11","slug":"den-storsta-lagsporten","status":"publish","type":"post","link":"https:\/\/sven-ove.nu\/?p=17509","title":{"rendered":"Den st\u00f6rsta lagsporten"},"content":{"rendered":"<p>G\u00e4stspelar som skjutsmorfar till f\u00f6rsta m\u00f6tet med en sommarbarnteater. &#8221;Teater \u00e4r en lagsport&#8221; s\u00e4ger producenten och ber\u00e4ttar hur viktiga ocks\u00e5 de anonymare sysslorna runt en pj\u00e4s \u00e4r. D\u00e5 t\u00e4nker jag p\u00e5 stockholmarnas s\u00e4tt att m\u00f6ta terrorn.<\/p>\n<p>Solidaritet.<br \/>\nDen st\u00f6rsta lagsporten.<\/p>\n<p>Hatet har inte vunnit. H\u00e4r delar vi ut repetitionsscheman och <span style=\"color: #000000;\">funderar \u00f6ver vilka av oss som kan vara med p\u00e5 snickarhelgen. Terrorn vill skr\u00e4mma ett helt samh\u00e4lle, f\u00f6rklarar jag f\u00f6r tio\u00e5ringen som har en roll. Men det \u00e4r bara om vi l\u00e5ter oss skr\u00e4mmas, \u00e4ndrar v\u00e5rt s\u00e4tt att vara och b\u00f6rjar hata andra folk som terroristerna har segrat.<\/span><\/p>\n<p><span style=\"color: #000000;\">Sedan forts\u00e4tter han l\u00e4sa manus, f\u00f6r det vill han.<\/span><br \/>\n<span style=\"color: #000000;\"> Det blir en sommar i \u00e5r igen. Vi l\u00e5ter oss inte stoppas.<\/span><\/p>\n<p><span style=\"color: #000000;\">D\u00e4r har du svaret.<\/span><\/p>\n<p style=\"padding-left: 30px;\"><strong><span style=\"color: #ff9900;\"><em>###<\/em><\/span><em>\u00a0Facebookinl\u00e4gg p\u00e5 morgonen den 8 april:<br \/>\n<\/em><\/strong><\/p>\n<p style=\"padding-left: 30px;\"><span style=\"color: #000000;\"><em>Medan Stockholm evakuerade kunde jag krama sm\u00e5 och stora v\u00e4nner p\u00e5 Sveriges v\u00e4stra sida.<\/em><\/span><\/p>\n<p style=\"padding-left: 30px;\"><span style=\"color: #000000;\"><em>Det \u00e4r en gl\u00e4dje i att m\u00f6tas av kramare som kommer rusande mot en. Det \u00e4r en s\u00e4rskild gl\u00e4dje efter flera timmars terrorrapportering i bilradion.<\/em><\/span><\/p>\n<p style=\"padding-left: 30px;\"><span style=\"color: #000000;\"><em>I Stockholm \u00f6ppnar folk sina hem och sina bild\u00f6rrar f\u00f6r att hj\u00e4lpa varandra. Gl\u00f6m aldrig att den solidariteten ocks\u00e5 finns. Den \u00e4r vacker och den har kraft. Vi \u00e4r de m\u00e5nga.<\/em><\/span><\/p>\n<p><span style=\"color: #0000ff;\"><a style=\"color: #0000ff;\" href=\"https:\/\/sven-ove.nu\/\">Hem<\/a><\/span>\u00a0|\u00a0<span style=\"color: #0000ff;\"><a style=\"color: #0000ff;\" href=\"https:\/\/sven-ove.nu\/?page_id=170\">Om mig<\/a><\/span>\u00a0|\u00a0<span style=\"color: #0000ff;\"><a style=\"color: #0000ff;\" href=\"https:\/\/sven-ove.nu\/?page_id=1385\">Skriva &amp; prata<\/a><\/span>\u00a0|\u00a0<span style=\"color: #0000ff;\"><a style=\"color: #0000ff;\" href=\"https:\/\/sven-ove.nu\/?page_id=100\">Politik<\/a><\/span>\u00a0|\u00a0<span style=\"color: #0000ff;\"><a style=\"color: #0000ff;\" href=\"https:\/\/sven-ove.nu\/?page_id=102\">L\u00f6pa<\/a><\/span>\u00a0|\u00a0<span style=\"color: #0000ff;\"><a style=\"color: #0000ff;\" href=\"https:\/\/sven-ove.nu\/?page_id=108\">Viktor Root<\/a><\/span>\u00a0| <a href=\"https:\/\/sven-ove.nu\/?page_id=15908\"><span style=\"color: #0000ff;\">Firman<\/span>\u00a0<\/a>|\u00a0<span style=\"color: #0000ff;\"><a style=\"color: #0000ff;\" href=\"https:\/\/sven-ove.nu\/?page_id=15638\">K\u00f4ppra<\/a><\/span><\/p>\n","protected":false},"excerpt":{"rendered":"<p>G\u00e4stspelar som skjutsmorfar till f\u00f6rsta m\u00f6tet med en sommarbarnteater. &#8221;Teater \u00e4r en lagsport&#8221; s\u00e4ger producenten och ber\u00e4ttar hur viktiga ocks\u00e5 de anonymare sysslorna runt en pj\u00e4s \u00e4r. D\u00e5 t\u00e4nker jag p\u00e5 stockholmarnas s\u00e4tt att m\u00f6ta terrorn. Solidaritet. Den st\u00f6rsta lagsporten. Hatet har inte vunnit. H\u00e4r delar vi ut repetitionsscheman och funderar \u00f6ver vilka av oss &hellip; <a href=\"https:\/\/sven-ove.nu\/?p=17509\" class=\"more-link\">Forts\u00e4tt l\u00e4sa <span class=\"screen-reader-text\">Den st\u00f6rsta lagsporten<\/span><\/a><\/p>\n","protected":false},"author":1,"featured_media":17513,"comment_status":"open","ping_status":"open","sticky":false,"template":"","format":"standard","meta":{"_crdt_document":"","_monsterinsights_skip_tracking":false,"_monsterinsights_sitenote_active":false,"_monsterinsights_sitenote_note":"","_monsterinsights_sitenote_category":0,"footnotes":""},"categories":[28,9],"tags":[24,18,17],"class_list":["post-17509","post","type-post","status-publish","format-standard","has-post-thumbnail","hentry","category-kreativt-folk","category-politik","tag-karlek","tag-lardomar","tag-solidaritet"],"_links":{"self":[{"href":"https:\/\/sven-ove.nu\/index.php?rest_route=\/wp\/v2\/posts\/17509","targetHints":{"allow":["GET"]}}],"collection":[{"href":"https:\/\/sven-ove.nu\/index.php?rest_route=\/wp\/v2\/posts"}],"about":[{"href":"https:\/\/sven-ove.nu\/index.php?rest_route=\/wp\/v2\/types\/post"}],"author":[{"embeddable":true,"href":"https:\/\/sven-ove.nu\/index.php?rest_route=\/wp\/v2\/users\/1"}],"replies":[{"embeddable":true,"href":"https:\/\/sven-ove.nu\/index.php?rest_route=%2Fwp%2Fv2%2Fcomments&post=17509"}],"version-history":[{"count":10,"href":"https:\/\/sven-ove.nu\/index.php?rest_route=\/wp\/v2\/posts\/17509\/revisions"}],"predecessor-version":[{"id":17520,"href":"https:\/\/sven-ove.nu\/index.php?rest_route=\/wp\/v2\/posts\/17509\/revisions\/17520"}],"wp:featuredmedia":[{"embeddable":true,"href":"https:\/\/sven-ove.nu\/index.php?rest_route=\/wp\/v2\/media\/17513"}],"wp:attachment":[{"href":"https:\/\/sven-ove.nu\/index.php?rest_route=%2Fwp%2Fv2%2Fmedia&parent=17509"}],"wp:term":[{"taxonomy":"category","embeddable":true,"href":"https:\/\/sven-ove.nu\/index.php?rest_route=%2Fwp%2Fv2%2Fcategories&post=17509"},{"taxonomy":"post_tag","embeddable":true,"href":"https:\/\/sven-ove.nu\/index.php?rest_route=%2Fwp%2Fv2%2Ftags&post=17509"}],"curies":[{"name":"wp","href":"https:\/\/api.w.org\/{rel}","templated":true}]}}