{"id":17542,"date":"2017-04-14T08:49:45","date_gmt":"2017-04-14T07:49:45","guid":{"rendered":"http:\/\/sven-ove.nu\/?p=17542"},"modified":"2017-04-15T08:40:21","modified_gmt":"2017-04-15T07:40:21","slug":"kan-ingen-beratta-for-kd-att-saxen-ar-skapad","status":"publish","type":"post","link":"https:\/\/sven-ove.nu\/?p=17542","title":{"rendered":"Kan ingen ber\u00e4tta f\u00f6r KD att saxen \u00e4r skapad?"},"content":{"rendered":"<p><a href=\"https:\/\/sven-ove.nu\/?attachment_id=17547\" rel=\"attachment wp-att-17547\"><img loading=\"lazy\" decoding=\"async\" class=\"size-large wp-image-17547 alignnone\" src=\"https:\/\/sven-ove.nu\/wp-content\/uploads\/2017\/04\/Denna-\u00e4r-uppfunnen-1024x904.jpg\" alt=\"\" width=\"660\" height=\"583\" srcset=\"https:\/\/sven-ove.nu\/wp-content\/uploads\/2017\/04\/Denna-\u00e4r-uppfunnen-1024x904.jpg 1024w, https:\/\/sven-ove.nu\/wp-content\/uploads\/2017\/04\/Denna-\u00e4r-uppfunnen-300x265.jpg 300w, https:\/\/sven-ove.nu\/wp-content\/uploads\/2017\/04\/Denna-\u00e4r-uppfunnen-768x678.jpg 768w\" sizes=\"auto, (max-width: 660px) 100vw, 660px\" \/><\/a><\/p>\n<p>En g\u00e5ng i mitt tidiga yrkesliv som journalist bevakade jag en mellan\u00f6lsdebatt arrangerad av nykterhetsr\u00f6relsen i Vaggeryd. D\u00e5 reste sig en kristen v\u00e4n och f\u00f6rklarade f\u00f6r oss alla att mellan\u00f6let m\u00e5ste bort ur butikerna och ers\u00e4ttas av folk\u00f6l.<\/p>\n<p>&#8211; F\u00f6r d\u00e4 kan di inte dricke sej fulla p\u00e5.<\/p>\n<p>Jag var neutral betraktare och blandade mig inte i diskussionen, fast det var frestande. Lika frestad \u00e4r jag nu, n\u00e4r kristdemokraterna vill s\u00e4tta fotboja p\u00e5 folk som ska utvisas. S\u00e5 de inte ska g\u00e5 under jorden. Men jag tiger.<\/p>\n<p>Ber\u00e4ttar allts\u00e5 inte f\u00f6r fotbojpartisterna att V\u00e5r Herre har uppfunnit saxen och avbitart\u00e5ngen.<\/p>\n<h4 style=\"padding-left: 30px;\"><strong><span style=\"color: #ff00ff;\">###<\/span> Forts\u00e4ttning i dag p\u00e5skafton p\u00e5 Facebook, sedan \u00e4ven Milj\u00f6partiet g\u00e5tt med i fotbojealliansen:<br \/>\n<\/strong><\/h4>\n<p style=\"padding-left: 30px;\">Varning till alla k\u00e4nsliga sympatis\u00f6rer till KD och MP. Detta inl\u00e4gg kan inneh\u00e5lla rester av ironi. Scenen \u00e4r en svensk gr\u00e4ns:<\/p>\n<p style=\"padding-left: 30px;\"><em>&#8221;V\u00e4lkommen till Sverige. Vi vill inte ha dig kvar. D\u00e4rf\u00f6r s\u00e4tter vi nu p\u00e5 dig en fotboja s\u00e5 du inte sticker.&#8221;<\/em><\/p>\n<p style=\"padding-left: 30px;\"><em>&#8221;Klipp inte av dig den om du t\u00e4nker g\u00e5 under jorden h\u00e4r i landet, \u00e4r du sn\u00e4ll. G\u00f6r du det s\u00e5 \u00e4r inte vi m\u00e4.&#8221;<\/em><\/p>\n<div class=\"text_exposed_show\">\n<p style=\"padding-left: 30px;\"><em>&#8221;D\u00e5 f\u00e5r vi f\u00f6rbjuda alla saxar. Vi har t\u00e4nkt p\u00e5 allt.&#8221;<\/em><\/p>\n<p style=\"padding-left: 30px;\"><em>&#8221;\u00c5 du flyktingen: Glad P\u00e5sk!&#8221;<\/em><\/p>\n<\/div>\n<p><span style=\"color: #0000ff;\"><a style=\"color: #0000ff;\" href=\"https:\/\/sven-ove.nu\/\">Hem<\/a><\/span>\u00a0|\u00a0<span style=\"color: #0000ff;\"><a style=\"color: #0000ff;\" href=\"https:\/\/sven-ove.nu\/?page_id=170\">Om mig<\/a>\u00a0<\/span>|\u00a0<span style=\"color: #0000ff;\"><a style=\"color: #0000ff;\" href=\"https:\/\/sven-ove.nu\/?page_id=1385\">Skriva &amp; prata<\/a><\/span>\u00a0|\u00a0<span style=\"color: #0000ff;\"><a style=\"color: #0000ff;\" href=\"https:\/\/sven-ove.nu\/?page_id=100\">Politik<\/a><\/span>\u00a0|\u00a0<span style=\"color: #0000ff;\"><a style=\"color: #0000ff;\" href=\"https:\/\/sven-ove.nu\/?page_id=102\">L\u00f6pa<\/a><\/span>\u00a0|\u00a0<span style=\"color: #0000ff;\"><a style=\"color: #0000ff;\" href=\"https:\/\/sven-ove.nu\/?page_id=108\">Viktor Root<\/a><\/span>\u00a0| <a href=\"https:\/\/sven-ove.nu\/?page_id=15908\"><span style=\"color: #0000ff;\">Firman<\/span>\u00a0<\/a>|\u00a0<span style=\"color: #0000ff;\"><a style=\"color: #0000ff;\" href=\"https:\/\/sven-ove.nu\/?page_id=15638\">K\u00f4ppra<\/a><\/span><\/p>\n","protected":false},"excerpt":{"rendered":"<p>En g\u00e5ng i mitt tidiga yrkesliv som journalist bevakade jag en mellan\u00f6lsdebatt arrangerad av nykterhetsr\u00f6relsen i Vaggeryd. D\u00e5 reste sig en kristen v\u00e4n och f\u00f6rklarade f\u00f6r oss alla att mellan\u00f6let m\u00e5ste bort ur butikerna och ers\u00e4ttas av folk\u00f6l. &#8211; F\u00f6r d\u00e4 kan di inte dricke sej fulla p\u00e5. Jag var neutral betraktare och blandade mig &hellip; <a href=\"https:\/\/sven-ove.nu\/?p=17542\" class=\"more-link\">Forts\u00e4tt l\u00e4sa <span class=\"screen-reader-text\">Kan ingen ber\u00e4tta f\u00f6r KD att saxen \u00e4r skapad?<\/span><\/a><\/p>\n","protected":false},"author":1,"featured_media":0,"comment_status":"open","ping_status":"open","sticky":false,"template":"","format":"standard","meta":{"_crdt_document":"","_monsterinsights_skip_tracking":false,"_monsterinsights_sitenote_active":false,"_monsterinsights_sitenote_note":"","_monsterinsights_sitenote_category":0,"footnotes":""},"categories":[9],"tags":[16,18,13],"class_list":["post-17542","post","type-post","status-publish","format-standard","hentry","category-politik","tag-dumheter","tag-lardomar","tag-utrustning"],"_links":{"self":[{"href":"https:\/\/sven-ove.nu\/index.php?rest_route=\/wp\/v2\/posts\/17542","targetHints":{"allow":["GET"]}}],"collection":[{"href":"https:\/\/sven-ove.nu\/index.php?rest_route=\/wp\/v2\/posts"}],"about":[{"href":"https:\/\/sven-ove.nu\/index.php?rest_route=\/wp\/v2\/types\/post"}],"author":[{"embeddable":true,"href":"https:\/\/sven-ove.nu\/index.php?rest_route=\/wp\/v2\/users\/1"}],"replies":[{"embeddable":true,"href":"https:\/\/sven-ove.nu\/index.php?rest_route=%2Fwp%2Fv2%2Fcomments&post=17542"}],"version-history":[{"count":9,"href":"https:\/\/sven-ove.nu\/index.php?rest_route=\/wp\/v2\/posts\/17542\/revisions"}],"predecessor-version":[{"id":17553,"href":"https:\/\/sven-ove.nu\/index.php?rest_route=\/wp\/v2\/posts\/17542\/revisions\/17553"}],"wp:attachment":[{"href":"https:\/\/sven-ove.nu\/index.php?rest_route=%2Fwp%2Fv2%2Fmedia&parent=17542"}],"wp:term":[{"taxonomy":"category","embeddable":true,"href":"https:\/\/sven-ove.nu\/index.php?rest_route=%2Fwp%2Fv2%2Fcategories&post=17542"},{"taxonomy":"post_tag","embeddable":true,"href":"https:\/\/sven-ove.nu\/index.php?rest_route=%2Fwp%2Fv2%2Ftags&post=17542"}],"curies":[{"name":"wp","href":"https:\/\/api.w.org\/{rel}","templated":true}]}}