{"id":17684,"date":"2017-04-20T05:00:05","date_gmt":"2017-04-20T04:00:05","guid":{"rendered":"http:\/\/sven-ove.nu\/?p=17684"},"modified":"2017-04-19T16:05:03","modified_gmt":"2017-04-19T15:05:03","slug":"17684","status":"publish","type":"post","link":"https:\/\/sven-ove.nu\/?p=17684","title":{"rendered":"Det \u00e4r dags f\u00f6r en ny ideologisk offensiv"},"content":{"rendered":"<p><a href=\"https:\/\/sven-ove.nu\/?attachment_id=17686\" rel=\"attachment wp-att-17686\"><img loading=\"lazy\" decoding=\"async\" class=\"size-large wp-image-17686 alignnone\" src=\"https:\/\/sven-ove.nu\/wp-content\/uploads\/2017\/04\/Hjul-med-kraft-1024x1024.jpg\" alt=\"\" width=\"660\" height=\"660\" srcset=\"https:\/\/sven-ove.nu\/wp-content\/uploads\/2017\/04\/Hjul-med-kraft-1024x1024.jpg 1024w, https:\/\/sven-ove.nu\/wp-content\/uploads\/2017\/04\/Hjul-med-kraft-150x150.jpg 150w, https:\/\/sven-ove.nu\/wp-content\/uploads\/2017\/04\/Hjul-med-kraft-300x300.jpg 300w, https:\/\/sven-ove.nu\/wp-content\/uploads\/2017\/04\/Hjul-med-kraft-768x768.jpg 768w\" sizes=\"auto, (max-width: 660px) 100vw, 660px\" \/><\/a><\/p>\n<blockquote><p>Det \u00e4r dags f\u00f6r en ny ideologisk offensiv, en ny kamp f\u00f6r bildning, kunskap och kultur. En som tror p\u00e5 medm\u00e4nsklighet, k\u00e4rlek, v\u00e4rme och gemensamma l\u00f6sningar.<\/p>\n<p>Det m\u00e5ste vara m\u00f6jligt f\u00f6r m\u00e5nga att vidga cirkeln med vilka vi tycker om. Jag tror p\u00e5 m\u00e4nniskan.<\/p><\/blockquote>\n<p><a href=\"https:\/\/sven-ove.nu\/?attachment_id=17688\" rel=\"attachment wp-att-17688\"><img loading=\"lazy\" decoding=\"async\" class=\"size-full wp-image-17688 alignnone\" src=\"https:\/\/sven-ove.nu\/wp-content\/uploads\/2017\/04\/Klassamh\u00e4llet-6.png\" alt=\"\" width=\"350\" height=\"61\" srcset=\"https:\/\/sven-ove.nu\/wp-content\/uploads\/2017\/04\/Klassamh\u00e4llet-6.png 350w, https:\/\/sven-ove.nu\/wp-content\/uploads\/2017\/04\/Klassamh\u00e4llet-6-300x52.png 300w\" sizes=\"auto, (max-width: 350px) 100vw, 350px\" \/><\/a><\/p>\n<p>Bloggserien om klassamh\u00e4llet forts\u00e4tter. Den har handlat om gigantiska skillnader i inkomst, om att det beh\u00f6vs en ny klassanalys av v\u00e5rt land och att den analysen p\u00e5g\u00e5r. Hur ser Sverige ut? Hur liten \u00e4r \u00f6verheten? Vem \u00e4r arbetare? Hur djupa \u00e4r klyftorna?<\/p>\n<p>De f\u00f6rra avsnitten ber\u00e4ttade hur du l\u00e4r dig din plats l\u00e4ngst ner p\u00e5 samh\u00e4llstrappan och att du inte ska g\u00e5 d\u00e4r med foppatofflor. De \u00e4r ett klassm\u00e4rke, har smakdomarna best\u00e4mt. Mellan medelklass och underklass finns ocks\u00e5 en skillnad. Hur stor?<\/p>\n<p>Dagens avsnitt tar upp kampen om kunskapen och id\u00e9erna.<\/p>\n<p><strong>Vi h\u00e5nade den<br \/>\n<\/strong>N\u00e4r jag gick p\u00e5 Sundstagymnasiet i Karlstad delade socialdemokratiska ungdomsf\u00f6rbundet ut nyckelringar i alla elevers postfack. Var det 1969? &#8221;\u00d6kad j\u00e4mlikhet&#8221; stod det, med tidens moderna snirkeltypografi.<\/p>\n<p><a href=\"https:\/\/sven-ove.nu\/?attachment_id=17694\" rel=\"attachment wp-att-17694\"><img loading=\"lazy\" decoding=\"async\" class=\"size-full wp-image-17694 alignnone\" src=\"https:\/\/sven-ove.nu\/wp-content\/uploads\/2017\/04\/\u00d6kad-j\u00e4mlikhet.jpg\" alt=\"\" width=\"200\" height=\"180\" \/><\/a><\/p>\n<p>Vi d\u00f6pte SSU-arna till nyckelringssocialister och h\u00e5nade parollen. J\u00e4mlikhet ska vara absolut, inte relativ, annars blir det ju inte lika. L\u00f6ner b\u00f6r \u00f6ka men j\u00e4mlikhet b\u00f6r vara &#8211; j\u00e4mlik. Det finns inget mer likt \u00e4n lika.<\/p>\n<p>Vad \u00e4r det annars f\u00f6r m\u00e5l? Stryk det d\u00e4r med \u201d\u00f6kad\u201d tyckte vi.<\/p>\n<p><strong>Stures motangrepp mot v\u00e4nstern<br \/>\n<\/strong>N\u00e5got \u00e5r senare kom en v\u00e4nstertidning \u00f6ver <span style=\"color: #0000ff;\"><a style=\"color: #0000ff;\" href=\"https:\/\/sv.wikipedia.org\/wiki\/Sture_Eskilsson\">Sture Eskilssons<\/a><\/span> promemoria. Den blev ber\u00f6md sedan. Papperet d\u00e4r den forne kristinehamnaren i Arbetsgivaref\u00f6reningens tj\u00e4nst detaljerat f\u00f6rklarade f\u00f6r svenska arbetsk\u00f6pare och svensk borgerlighet hur de skulle genomf\u00f6ra sin ideologiska offensiv och ta \u00f6ver debatten fr\u00e5n v\u00e4nstern. Viktigt tyckte Sture, annars vet du aldrig hur det g\u00e5r med marknadsekonomin.<\/p>\n<p style=\"padding-left: 30px;\"><strong><em>L\u00e4nk<\/em><\/strong><em>: <\/em><span style=\"color: #0000ff;\"><a style=\"color: #0000ff;\" href=\"http:\/\/www.opulens.se\/opinion\/hjarnhandeln-om-ett-mote\/\"><em>Hj\u00e4rnhandeln \u2013 om ett m\u00f6te<\/em><\/a><\/span><em> (Crister Enander om Sture Eskilsson och offensiven)<\/em><\/p>\n<p>Snart tog Vietnamkriget slut, v\u00e4rlden blev inte lika svartvit och det eskilssonska PM:et b\u00f6rjade genomf\u00f6ras. Han hade f\u00f6reslagit att motangreppet skulle ske p\u00e5 tv\u00e5 fronter. I skolan och i den politiska debatten. F\u00f6rutom skolmaterialet ville han se en motvikt till det stora fl\u00f6det av debattb\u00f6cker och tidningsartiklar fr\u00e5n v\u00e4nster.<\/p>\n<p>Han fick som han ville. Efter v\u00e4nsterns debatt underifr\u00e5n kom en m\u00e4ktig motoffensiv uppifr\u00e5n, fr\u00e5n pamparna med pennings\u00e4cken.<\/p>\n<p>Snart skulle vi alla satsa p\u00e5 oss sj\u00e4lva. Pl\u00f6tsligt var l\u00f6sningen p\u00e5 alla problem att starta eget, avveckla och avreglera all gemensam egendom och g\u00f6ra som i ett popul\u00e4rt tv-program, bilda \u00f6-r\u00e5d och r\u00f6sta ut folk. Pakten blev det nya verktyget, egoismen den nya l\u00e4ran och i politiken valde socialdemokrat efter socialdemokrat modeuttrycket \u201dentrepren\u00f6r\u201d hellre \u00e4n \u201ddemokratisk socialism\u201d. Snart satt den f\u00f6rsta m\u00e4nniskan och ber\u00e4ttade i en anst\u00e4llningsintervju att hon var \u201dbra, v\u00e4ldigt bra\u201d p\u00e5 \u00e4n det ena, \u00e4n det andra. Det skulle ingen ha sagt 1965.<\/p>\n<p>P\u00e5 skolg\u00e5rdarna slutade tv\u00e5 mot en vara fegt, det blev i st\u00e4llet bra odds. \u00c4ven den som ligger fick du sl\u00e5 mot, det sker i samh\u00e4llet hela tiden. I tv-reklamen blev det en f\u00f6rdel om din kamrat bl\u00e5ste av segelb\u00e5ten, d\u00e5 blev det mer kaviar \u00f6ver till dig sj\u00e4lv. Gemensam kamp byttes till DIY, G\u00f6r Det Sj\u00e4lv.<\/p>\n<p>Den utvecklingen har fortsatt.<\/p>\n<p>&#8211; Yoggin? fr\u00e5gar en karl vid frukostbordet i en f\u00e4rsk egoreklam. Hans fru svarar med att ge honom deras logg in. Yoghurten vill hon ha f\u00f6r sig sj\u00e4lv.<\/p>\n<p><strong>\u00c4r l\u00f6sningen att byta klass och l\u00e4ra sig andas r\u00e4tt?<br \/>\n<\/strong>I dag finns det en hel ideologisk industri som jobbar med att d\u00f6lja att v\u00e5rt land \u00e4r ett klassamh\u00e4lle. I reklampaus efter reklampaus i de kommersiella tv-kanalerna skriker ett halvdussin spelbolag ut sina budskap. Ett av dem kallar sig f\u00f6r s\u00e4kerhets skull miljon\u00e4rsfabriken.<\/p>\n<p>I de externa k\u00f6pcentrens illa sorterade bokh\u00f6gar tr\u00e4ngs sj\u00e4lvhj\u00e4lpsbok efter sj\u00e4lvhj\u00e4lpsbok fr\u00e5n sj\u00e4lvutn\u00e4mnda guruer som f\u00f6rs\u00f6ker f\u00e5 oss alla att tro att det bara handlar om sj\u00e4lvf\u00f6rtroende. Tror du bara p\u00e5 dig sj\u00e4lv, s\u00e5 ska allt bli bra.<\/p>\n<p>&#8211; Du andas v\u00e4l r\u00e4tt? Sj\u00e4lv?<\/p>\n<p>Som om det skulle hj\u00e4lpa det arbetande svenska folket ifall en av oss bytte klass och blev miljon\u00e4r och en annan fick b\u00e4ttre sj\u00e4lvk\u00e4nsla.<\/p>\n<p><strong>Filmare, fuskare, h\u00e5nare, hat<br \/>\n<\/strong>Statsministern h\u00e5nas i sociala medier f\u00f6r att han en g\u00e5ng arbetat som svetsare. 1972 skulle det ha varit den stoltaste erfarenhet i v\u00e4rlden f\u00f6r arbetarepartiets ledare. \u00c4ntligen en h\u00f6jdare som inte g\u00e5tt broilerv\u00e4gen till tops.<\/p>\n<p>Inom idrotten dyker det upp st\u00e4ndigt nya fall av doping och l\u00e4ggmatcher. Filmning har blivit en del av elitfotbollen. Finurligast fuskare vinner.<\/p>\n<p><a href=\"https:\/\/sven-ove.nu\/?attachment_id=17689\" rel=\"attachment wp-att-17689\"><img loading=\"lazy\" decoding=\"async\" class=\"alignright size-thumbnail wp-image-17689\" src=\"https:\/\/sven-ove.nu\/wp-content\/uploads\/2017\/04\/Sn\u00f6grafik-150x150.jpg\" alt=\"\" width=\"150\" height=\"150\" srcset=\"https:\/\/sven-ove.nu\/wp-content\/uploads\/2017\/04\/Sn\u00f6grafik-150x150.jpg 150w, https:\/\/sven-ove.nu\/wp-content\/uploads\/2017\/04\/Sn\u00f6grafik-300x300.jpg 300w, https:\/\/sven-ove.nu\/wp-content\/uploads\/2017\/04\/Sn\u00f6grafik-768x768.jpg 768w, https:\/\/sven-ove.nu\/wp-content\/uploads\/2017\/04\/Sn\u00f6grafik-1024x1024.jpg 1024w\" sizes=\"auto, (max-width: 150px) 100vw, 150px\" \/><\/a>Sture Eskilsson och hans v\u00e4nner inom och utom landet lyckades bra med sin ideologiska offensiv. I sin f\u00f6rl\u00e4ngning stavas den numera n\u00e4that. N\u00e4r jag var ung hobbyskrivare ville vi att alla skulle bli sin egen barfotajournalist. Men vi t\u00e4nkte oss sannerligen inte att detta \u00e4ven skulle inneb\u00e4ra en hord av organiserade hatare med starkt genomslag i debatten. Vi t\u00e4nkte oss inte att solidariteten med folk i l\u00e4nder som Vietnam, Spanien och Sydafrika skulle ers\u00e4ttas av fr\u00e4mlingsfientlighet och fascister p\u00e5 marsch igen.<\/p>\n<p>Inte ens fotbollsfusket hade vi t\u00e4nkt oss.<\/p>\n<p><strong>Envar sin egen lillkapitalist<br \/>\n<\/strong>1971 best\u00e4mde sig allts\u00e5 Svenska Arbetsgivaref\u00f6reningen f\u00f6r att starta sin ideologiska offensiv mot v\u00e4nsterid\u00e9erna. \u00c5tta \u00e5r senare drog man ig\u00e5ng kampanjen Satsa p\u00e5 dig sj\u00e4lv, f\u00f6r att l\u00e5tsas g\u00f6ra oss alla till privatkapitalister. Dragpl\u00e5ster var ABBA-Frida och hockeyspelaren Lill-Pr\u00f6jsarn Nilsson.<\/p>\n<p>Hur ska vi se p\u00e5 firmabildandet som politisk l\u00f6sning? Det formulerade jag f\u00f6r min del \u00e5ret d\u00e4rp\u00e5 i boken <em>Leendet i vedl\u00e5dan<\/em>, en kortprosasamling i s\u00e5gverksmilj\u00f6. Texten <em>Det enskilda initiativet<\/em> har underrubriken \u201d<em>En hyllning till de fria marknadskrafterna och de tv\u00e5 tomma h\u00e4ndernas m\u00f6jlighet<\/em>\u201d och lyder s\u00e5h\u00e4r:<\/p>\n<p><em>&#8211; Nej, om en skulle ta och starte storbolag? sa Persson, bad om f\u00f6rskott. <\/em><\/p>\n<p>Jag gillar fortfarande att skratta underifr\u00e5n \u00e5t \u00f6verheten.<\/p>\n<p><strong>Dags f\u00f6r en ny offensiv<br \/>\n<\/strong>Inte har jag n\u00e5got emot f\u00f6retag. K\u00e4ra n\u00e5n, i h\u00f6stas bildade jag enskild firma f\u00f6r att kunna g\u00f6ra ett jobb \u00e5t en best\u00e4llare jag tycker om. Det \u00e4r bara det att jag inte tror att den kommun som har flest sm\u00e5f\u00f6retag vinner.<\/p>\n<p>Egoismen \u00e4r en \u00e5terv\u00e4ndsgr\u00e4nd, b\u00e5de i privatlivet och som politisk metod. Sj\u00e4lvskryt luktar illa, det har det alltid gjort. Fusk \u00e4r f\u00f6raktligt. Girighet kan du aldrig bygga ett samh\u00e4lle p\u00e5. Rasism \u00e4r en medveten dumhet och det \u00e4r det sn\u00e4llaste jag kan s\u00e4ga om den tanken. Mobbing \u00e4r till f\u00f6r mycket sm\u00e5 m\u00e4nniskor, stora sj\u00e4lar ser styrkan i gemenskapen.<\/p>\n<p style=\"padding-left: 30px;\"><strong>Det \u00e4r dags f\u00f6r en ny ideologisk offensiv, en ny kamp f\u00f6r bildning, kunskap och kultur. En som tror p\u00e5 medm\u00e4nsklighet, k\u00e4rlek, v\u00e4rme och gemensamma l\u00f6sningar.<\/strong><\/p>\n<p>Det \u00e4r dags att vidga cirkeln med dem\u00a0vi tycker om. Jag tror p\u00e5 m\u00e4nniskan. Jag tror att gruppen vi bryr oss om kan v\u00e4xa fort och fint om vi bara vill. Vi kan bry oss om m\u00e5nga. En dag kan vi vara jordklotets vackraste allihopakram, produktionsenhet och samtalsgrupp tillsammans, fast vi \u00e4r s\u00e5 olika. Det handlar om respekt, om klasskamp och om vem som \u00e4r m\u00f6jlig v\u00e4n. L\u00e5t ringen v\u00e4xa.<\/p>\n<p>Vi hade f\u00f6rresten fel n\u00e4r vi h\u00e5nade parollen \u00d6kad j\u00e4mlikhet. Det var inget ont i den. Sverige har aldrig varit s\u00e5 j\u00e4mlikt som d\u00e5.<\/p>\n<p style=\"padding-left: 30px;\"><strong><em><span style=\"color: #ff9900;\">###<\/span>\u00a0<\/em>Fler inl\u00e4gg i bloggserien<em> Klassamh\u00e4llet Sverige<br \/>\n<\/em><\/strong><span style=\"color: #0000ff;\"><a style=\"color: #0000ff;\" href=\"https:\/\/sven-ove.nu\/?p=17142\">Del 1:<em> Grisl\u00f6ner i klassamh\u00e4llet<br \/>\n<\/em><\/a><a style=\"color: #0000ff;\" href=\"https:\/\/sven-ove.nu\/?p=17275\"><em>Del 2: Nu kommer den nya klassanalysen av Sverige<\/em><em><br \/>\n<\/em><\/a><a style=\"color: #0000ff;\" href=\"https:\/\/sven-ove.nu\/?p=17298\"><em>Del 3: Den slarvigast kl\u00e4dde kan ha dyrast paltor<br \/>\n<\/em><\/a><a style=\"color: #0000ff;\" href=\"https:\/\/sven-ove.nu\/?p=17263\"><em>Del 4: S\u00e5 f\u00f6rtrycker de din trut och fot<br \/>\n<\/em><\/a><a style=\"color: #0000ff;\" href=\"https:\/\/sven-ove.nu\/?p=17488\"><em>Del 5: Hur i hundan s\u00e4tter en ig\u00e5ng en skivspelare?<\/em><\/a><\/span><\/p>\n<p><span style=\"color: #0000ff;\"><a style=\"color: #0000ff;\" href=\"https:\/\/sven-ove.nu\/\">Hem<\/a><\/span>\u00a0|\u00a0<span style=\"color: #0000ff;\"><a style=\"color: #0000ff;\" href=\"https:\/\/sven-ove.nu\/?page_id=170\">Om mig<\/a><\/span>\u00a0|\u00a0<span style=\"color: #0000ff;\"><a style=\"color: #0000ff;\" href=\"https:\/\/sven-ove.nu\/?page_id=1385\">Skriva &amp; prata<\/a><\/span>\u00a0|\u00a0<span style=\"color: #0000ff;\"><a style=\"color: #0000ff;\" href=\"https:\/\/sven-ove.nu\/?page_id=100\">Politik<\/a><\/span>\u00a0|\u00a0<span style=\"color: #0000ff;\"><a style=\"color: #0000ff;\" href=\"https:\/\/sven-ove.nu\/?page_id=102\">L\u00f6pa<\/a><\/span>\u00a0|\u00a0<span style=\"color: #0000ff;\"><a style=\"color: #0000ff;\" href=\"https:\/\/sven-ove.nu\/?page_id=108\">Viktor Root<\/a><\/span>\u00a0| <a href=\"https:\/\/sven-ove.nu\/?page_id=15908\"><span style=\"color: #0000ff;\">Firman<\/span>\u00a0<\/a>|\u00a0<span style=\"color: #0000ff;\"><a style=\"color: #0000ff;\" href=\"https:\/\/sven-ove.nu\/?page_id=15638\">K\u00f4ppra<\/a><\/span><\/p>\n","protected":false},"excerpt":{"rendered":"<p>Det \u00e4r dags f\u00f6r en ny ideologisk offensiv, en ny kamp f\u00f6r bildning, kunskap och kultur. En som tror p\u00e5 medm\u00e4nsklighet, k\u00e4rlek, v\u00e4rme och gemensamma l\u00f6sningar. Det m\u00e5ste vara m\u00f6jligt f\u00f6r m\u00e5nga att vidga cirkeln med vilka vi tycker om. Jag tror p\u00e5 m\u00e4nniskan. Bloggserien om klassamh\u00e4llet forts\u00e4tter. Den har handlat om gigantiska skillnader i &hellip; <a href=\"https:\/\/sven-ove.nu\/?p=17684\" class=\"more-link\">Forts\u00e4tt l\u00e4sa <span class=\"screen-reader-text\">Det \u00e4r dags f\u00f6r en ny ideologisk offensiv<\/span><\/a><\/p>\n","protected":false},"author":1,"featured_media":0,"comment_status":"open","ping_status":"open","sticky":false,"template":"","format":"standard","meta":{"_crdt_document":"","_monsterinsights_skip_tracking":false,"_monsterinsights_sitenote_active":false,"_monsterinsights_sitenote_note":"","_monsterinsights_sitenote_category":0,"footnotes":""},"categories":[9,4],"tags":[8,18,14,15,17],"class_list":["post-17684","post","type-post","status-publish","format-standard","hentry","category-politik","category-skrivande","tag-historia","tag-lardomar","tag-lasning","tag-mediedjungeln","tag-solidaritet"],"_links":{"self":[{"href":"https:\/\/sven-ove.nu\/index.php?rest_route=\/wp\/v2\/posts\/17684","targetHints":{"allow":["GET"]}}],"collection":[{"href":"https:\/\/sven-ove.nu\/index.php?rest_route=\/wp\/v2\/posts"}],"about":[{"href":"https:\/\/sven-ove.nu\/index.php?rest_route=\/wp\/v2\/types\/post"}],"author":[{"embeddable":true,"href":"https:\/\/sven-ove.nu\/index.php?rest_route=\/wp\/v2\/users\/1"}],"replies":[{"embeddable":true,"href":"https:\/\/sven-ove.nu\/index.php?rest_route=%2Fwp%2Fv2%2Fcomments&post=17684"}],"version-history":[{"count":12,"href":"https:\/\/sven-ove.nu\/index.php?rest_route=\/wp\/v2\/posts\/17684\/revisions"}],"predecessor-version":[{"id":17728,"href":"https:\/\/sven-ove.nu\/index.php?rest_route=\/wp\/v2\/posts\/17684\/revisions\/17728"}],"wp:attachment":[{"href":"https:\/\/sven-ove.nu\/index.php?rest_route=%2Fwp%2Fv2%2Fmedia&parent=17684"}],"wp:term":[{"taxonomy":"category","embeddable":true,"href":"https:\/\/sven-ove.nu\/index.php?rest_route=%2Fwp%2Fv2%2Fcategories&post=17684"},{"taxonomy":"post_tag","embeddable":true,"href":"https:\/\/sven-ove.nu\/index.php?rest_route=%2Fwp%2Fv2%2Ftags&post=17684"}],"curies":[{"name":"wp","href":"https:\/\/api.w.org\/{rel}","templated":true}]}}