{"id":17792,"date":"2017-04-26T11:27:58","date_gmt":"2017-04-26T10:27:58","guid":{"rendered":"http:\/\/sven-ove.nu\/?p=17792"},"modified":"2017-04-26T11:44:00","modified_gmt":"2017-04-26T10:44:00","slug":"17792","status":"publish","type":"post","link":"https:\/\/sven-ove.nu\/?p=17792","title":{"rendered":"N\u00e4r Filifjonkan kom till byn"},"content":{"rendered":"<blockquote><p>En fin strand i kanten av Karlstad ska kanske f\u00e5 en finsk n\u00f6jespark f\u00f6r 200 miljoner med dyrt intr\u00e4de f\u00f6r barnfamiljer. Motionscentralen som st\u00e5r d\u00e4r nu ska rivas.<\/p>\n<p>Och \u00e4nd\u00e5 jublar jag inte.<\/p><\/blockquote>\n<p>Det \u00e4r m\u00f6jligt att en eventuell Muminv\u00e4rld vid Skutbergets finaste strandtomt kan b\u00e4ra sig ekonomiskt. Den saken kan jag inte bed\u00f6ma. I dag har den finska n\u00f6jesparken med samma namn i N\u00e5dendal 200 000 bes\u00f6kare per \u00e5r, l\u00e4ser jag. Tre fj\u00e4rdedelar av dem fr\u00e5n Finland.<\/p>\n<p>Kanske \u00e4r verkligen tiotusentals utl\u00e4ndska bes\u00f6kare betedda att \u00e5ka till Karlstad, n\u00e4r originalet finns utanf\u00f6r \u00c5bo. Ett g\u00e4ng finnar d\u00e4rtill.<\/p>\n<p>Int&#8217; vet ja&#8217;.<\/p>\n<p>Kanske g\u00e5r det dessutom att l\u00e4ra tillr\u00e4ckligt m\u00e5nga sydv\u00e4rml\u00e4nningar tillr\u00e4ckligt bra finlandssvenskt mumintungom\u00e5l f\u00f6r att bemanna dr\u00e4kterna till Muminpappan och de andra figurerna som ska str\u00f6va omkring och klappa barn bland klipporna?<\/p>\n<p>Du, d\u00e4 unnrer ja\u2019 att.<\/p>\n<p><strong>Framsynt f\u00f6r\u00e4ndring f\u00f6ljt av rivningsraseri<br \/>\n<\/strong>Vad jag vet \u00e4r att det \u00e4r ett av s\u00f6dra V\u00e4rmlands b\u00e4sta l\u00e4gen kommunen vill offra till den framg\u00e5ngsrika Moomin-koncernen. Vad jag vet \u00e4r att det \u00e4r den forna motionscentralen med bad och omgivningar man raderar. Vad jag vet \u00e4r att det \u00e4r decenniers h\u00e4ngivet arbete av idealister som g\u00e5r till spillo.<\/p>\n<p>Vi som vill r\u00e4dda Skutberget och \u00e5teruppliva motionscentralen brukar ibland beskyllas f\u00f6r att vara emot f\u00f6r\u00e4ndringar. Det \u00e4r \u00e4nnu ett historiel\u00f6st p\u00e5st\u00e5ende. Var det n\u00e5got som var resultatet av ett f\u00f6r\u00e4ndringsarbete, s\u00e5 var det Skutberget n\u00e4r det fungerade som b\u00e4st. F\u00f6r\u00e4ndringsarbetarna var tre, om jag r\u00e4knar r\u00e4tt. Inlandsisen, framsynta ideella krafter med <span style=\"color: #0000ff;\"><a style=\"color: #0000ff;\" href=\"http:\/\/nwt.se\/asikter\/insandare\/2016\/12\/09\/hur-kunde-det-bli-sa-har\">Anders Forsell<\/a> <\/span>i spetsen och d\u00e5tida kommunpolitiker &amp;\u00a0-tj\u00e4nstem\u00e4n. De visste vad de gjorde, alla tre.<\/p>\n<p>Ingen \u00e4r emot f\u00f6r\u00e4ndring. Det handlar bara om hur.<br \/>\nDet \u00e4r inte alltid den som river mest som det \u00e4r b\u00e4st riv i.<\/p>\n<p><a href=\"https:\/\/sven-ove.nu\/?attachment_id=9566\" rel=\"attachment wp-att-9566\"><img loading=\"lazy\" decoding=\"async\" class=\"size-thumbnail wp-image-9566 alignnone\" src=\"https:\/\/sven-ove.nu\/wp-content\/uploads\/2014\/09\/R\u00f6tt-kort-150x150.jpg\" alt=\"\" width=\"150\" height=\"150\" \/><\/a><\/p>\n<p><strong><span style=\"color: #ff0000;\">###<\/span> L\u00e4s mer om planerna p\u00e5 en finsk n\u00f6jespark vid V\u00e4nerns strand<br \/>\n<\/strong>NWT: <a href=\"http:\/\/nwt.se\/karlstad\/2017\/04\/25\/muminvarlden-kan-bli-verklighet-i\"><span style=\"color: #0000ff;\">Muminv\u00e4rlden kan bli verklighet i Karlstad<\/span><br \/>\n<\/a>SVT V\u00e4rmlandsnytt: <a href=\"https:\/\/www.svt.se\/nyheter\/lokalt\/varmland\/skutbergets-vanner-kritiska-till-planerna-pa-en-muminvarld\"><span style=\"color: #0000ff;\">Skutbergets v\u00e4nner kritiska till planerna p\u00e5 en Muminv\u00e4rld<\/span><br \/>\n<\/a>NWT: <span style=\"color: #0000ff;\"><a style=\"color: #0000ff;\" href=\"http:\/\/nwt.se\/karlstad\/2017\/04\/26\/strandskyddet-kan-stoppa\">Strandskyddet kan stoppa Muminv\u00e4rlden<\/a><\/span><\/p>\n<p><strong><span style=\"color: #ff0000;\">###<\/span> Mannen bakom friluftsparadiset Skutberget<br \/>\n<\/strong>VF: <span style=\"color: #0000ff;\"><a style=\"color: #0000ff;\" href=\"http:\/\/www.vf.se\/karlstad\/hur-ska-den-oslipade-diamanten-skutberget-slipas\/\">Hur ska den oslipade diamanten Skutberget slipas?<\/a><\/span><\/p>\n<p style=\"padding-left: 30px;\"><em><strong>Fotnot<\/strong>: jag \u00e4r medveten om att fr\u00e5gan om en offrad strand och riven motionscentral i Karlstad kan upplevas som r\u00e4tt lokal av vissa bloggbes\u00f6kare. Det beror p\u00e5 att den \u00e4r lokal. Precis som slussen i Stockholm, tandv\u00e5rdstaxan i Sk\u00e5ne och muren mot Mexico. M\u00e5nga fr\u00e5gor \u00e4r lokala.<\/em><\/p>\n<p style=\"padding-left: 30px;\"><em>Och \u00e4nd\u00e5 s\u00e5 viktiga n\u00e4r tiden och politiken ska f\u00e5 sin dom.<\/em><\/p>\n<p><span style=\"color: #0000ff;\"><a style=\"color: #0000ff;\" href=\"https:\/\/sven-ove.nu\/\">Hem<\/a><\/span>\u00a0|\u00a0<span style=\"color: #0000ff;\"><a style=\"color: #0000ff;\" href=\"https:\/\/sven-ove.nu\/?page_id=170\">Om mig<\/a><\/span>\u00a0|\u00a0<span style=\"color: #0000ff;\"><a style=\"color: #0000ff;\" href=\"https:\/\/sven-ove.nu\/?page_id=1385\">Skriva &amp; prata<\/a><\/span>\u00a0|\u00a0<span style=\"color: #0000ff;\"><a style=\"color: #0000ff;\" href=\"https:\/\/sven-ove.nu\/?page_id=100\">Politik<\/a><\/span>\u00a0|\u00a0<span style=\"color: #0000ff;\"><a style=\"color: #0000ff;\" href=\"https:\/\/sven-ove.nu\/?page_id=102\">L\u00f6pa<\/a><\/span>\u00a0|\u00a0<span style=\"color: #0000ff;\"><a style=\"color: #0000ff;\" href=\"https:\/\/sven-ove.nu\/?page_id=108\">Viktor Root<\/a><\/span>\u00a0| <a href=\"https:\/\/sven-ove.nu\/?page_id=15908\"><span style=\"color: #0000ff;\">Firman<\/span>\u00a0<\/a>|\u00a0<span style=\"color: #0000ff;\"><a style=\"color: #0000ff;\" href=\"https:\/\/sven-ove.nu\/?page_id=15638\">K\u00f4ppra<\/a><\/span><\/p>\n","protected":false},"excerpt":{"rendered":"<p>En fin strand i kanten av Karlstad ska kanske f\u00e5 en finsk n\u00f6jespark f\u00f6r 200 miljoner med dyrt intr\u00e4de f\u00f6r barnfamiljer. Motionscentralen som st\u00e5r d\u00e4r nu ska rivas. Och \u00e4nd\u00e5 jublar jag inte. Det \u00e4r m\u00f6jligt att en eventuell Muminv\u00e4rld vid Skutbergets finaste strandtomt kan b\u00e4ra sig ekonomiskt. Den saken kan jag inte bed\u00f6ma. I &hellip; <a href=\"https:\/\/sven-ove.nu\/?p=17792\" class=\"more-link\">Forts\u00e4tt l\u00e4sa <span class=\"screen-reader-text\">N\u00e4r Filifjonkan kom till byn<\/span><\/a><\/p>\n","protected":false},"author":1,"featured_media":0,"comment_status":"open","ping_status":"open","sticky":false,"template":"","format":"standard","meta":{"_crdt_document":"","_monsterinsights_skip_tracking":false,"_monsterinsights_sitenote_active":false,"_monsterinsights_sitenote_note":"","_monsterinsights_sitenote_category":0,"footnotes":""},"categories":[6,9],"tags":[16,8],"class_list":["post-17792","post","type-post","status-publish","format-standard","hentry","category-natur","category-politik","tag-dumheter","tag-historia"],"_links":{"self":[{"href":"https:\/\/sven-ove.nu\/index.php?rest_route=\/wp\/v2\/posts\/17792","targetHints":{"allow":["GET"]}}],"collection":[{"href":"https:\/\/sven-ove.nu\/index.php?rest_route=\/wp\/v2\/posts"}],"about":[{"href":"https:\/\/sven-ove.nu\/index.php?rest_route=\/wp\/v2\/types\/post"}],"author":[{"embeddable":true,"href":"https:\/\/sven-ove.nu\/index.php?rest_route=\/wp\/v2\/users\/1"}],"replies":[{"embeddable":true,"href":"https:\/\/sven-ove.nu\/index.php?rest_route=%2Fwp%2Fv2%2Fcomments&post=17792"}],"version-history":[{"count":9,"href":"https:\/\/sven-ove.nu\/index.php?rest_route=\/wp\/v2\/posts\/17792\/revisions"}],"predecessor-version":[{"id":17801,"href":"https:\/\/sven-ove.nu\/index.php?rest_route=\/wp\/v2\/posts\/17792\/revisions\/17801"}],"wp:attachment":[{"href":"https:\/\/sven-ove.nu\/index.php?rest_route=%2Fwp%2Fv2%2Fmedia&parent=17792"}],"wp:term":[{"taxonomy":"category","embeddable":true,"href":"https:\/\/sven-ove.nu\/index.php?rest_route=%2Fwp%2Fv2%2Fcategories&post=17792"},{"taxonomy":"post_tag","embeddable":true,"href":"https:\/\/sven-ove.nu\/index.php?rest_route=%2Fwp%2Fv2%2Ftags&post=17792"}],"curies":[{"name":"wp","href":"https:\/\/api.w.org\/{rel}","templated":true}]}}