{"id":17802,"date":"2017-04-27T03:45:44","date_gmt":"2017-04-27T02:45:44","guid":{"rendered":"http:\/\/sven-ove.nu\/?p=17802"},"modified":"2017-04-27T10:03:43","modified_gmt":"2017-04-27T09:03:43","slug":"uuuuu-va-duuumt-tva-nya-tvangstankar","status":"publish","type":"post","link":"https:\/\/sven-ove.nu\/?p=17802","title":{"rendered":"&#8211; Uuuuu va duuumt, tv\u00e5 nya tv\u00e5ngstankar"},"content":{"rendered":"<p><a href=\"https:\/\/sven-ove.nu\/?attachment_id=17805\" rel=\"attachment wp-att-17805\"><img loading=\"lazy\" decoding=\"async\" class=\"size-large wp-image-17805 alignnone\" src=\"https:\/\/sven-ove.nu\/wp-content\/uploads\/2017\/04\/Pionj\u00e4ren-som-byggde-strandtomten-1024x768.jpg\" alt=\"\" width=\"660\" height=\"495\" srcset=\"https:\/\/sven-ove.nu\/wp-content\/uploads\/2017\/04\/Pionj\u00e4ren-som-byggde-strandtomten-1024x768.jpg 1024w, https:\/\/sven-ove.nu\/wp-content\/uploads\/2017\/04\/Pionj\u00e4ren-som-byggde-strandtomten-300x225.jpg 300w, https:\/\/sven-ove.nu\/wp-content\/uploads\/2017\/04\/Pionj\u00e4ren-som-byggde-strandtomten-768x576.jpg 768w, https:\/\/sven-ove.nu\/wp-content\/uploads\/2017\/04\/Pionj\u00e4ren-som-byggde-strandtomten.jpg 1632w\" sizes=\"auto, (max-width: 660px) 100vw, 660px\" \/><\/a><\/p>\n<blockquote><p>Jag f\u00e5r tv\u00e5ngstankar, det har h\u00e4nt f\u00f6rr.<br \/>\nHur t\u00e4nker du n\u00e4r du t\u00e4nker \u201dMumintroll\u201d? Exakt, du t\u00e4nker p\u00e5 Birgitta Ulfsson och p\u00e5 den d\u00e4r karln som ocks\u00e5 talar s\u00e5 fin finlandssvenska, vad heter han? P\u00f6ysti.<br \/>\nMen t\u00e4nker du Bengt Alsterlind? Trodde inte det, nej.<\/p><\/blockquote>\n<p>Saken \u00e4r den att rika Moomin-koncernen vill bygga en mumintrolln\u00f6jespark f\u00f6r barn i Karlstad. D\u00e5 st\u00e5r stadens politiker av bl\u00e5-gr\u00f6n-ljusr\u00f6d kul\u00f6r p\u00e5 rad och vill erbjuda b\u00e4sta strandtomten, klirr! Mitt framf\u00f6r n\u00e4san p\u00e5 de motion\u00e4rer som varit med och byggt och anv\u00e4nt tomten.<\/p>\n<p><span style=\"color: #0000ff;\"><a style=\"color: #0000ff;\" href=\"https:\/\/www.moomin.com\/sv\/figurer\/marran\/\">M\u00e5rran<\/a><\/span> som svensk kommunpolitiker, om du f\u00f6rst\u00e5r.<\/p>\n<p>Den formuleringen blir \u00e4nnu vemodigt ledsnare om du faktiskt klickar p\u00e5 l\u00e4nken och l\u00e4ser hur ensam M\u00e5rran \u00e4r, n\u00e4r allt hon trampar p\u00e5 blir till is d\u00e4r hon drar fram.<\/p>\n<p><strong>Udda allianser<br \/>\n<\/strong>S\u00e5dan byggnation halvt i vattnet \u00e4r politik och den sysslan \u00e4r de drivna p\u00e5 i Karlstad. De t\u00f6lar ihop sig i allianser till b\u00e5de h\u00f6ger och i det gr\u00f6na. Just nu \u00e4r de bl\u00e5-gr\u00f6na men i sj\u00e4lva Muminparkalliansen \u00e4r de orange-ljusr\u00f6da om jag r\u00e4knar r\u00e4tt. Trots att M\u00e5rran egentligen ska vara f\u00e4rgl\u00f6s, har Tove Jansson sagt. Det var bara japanerna som la p\u00e5 lite m\u00f6rklila till sin tv-version.<\/p>\n<p>Lila? Den f\u00e4rgen passar ju egentligen fint nu, n\u00e4r Muminparkalliansen vill flytta istanten till kaffesta\u2019n. H\u00f6r du hur det morrar? Det kan vara de vanliga karlstadborna ocks\u00e5, de med springskor eller ont om pengar till barnens n\u00f6jen.<\/p>\n<p><strong>M\u00e5rrans V\u00e4nner &amp; Alsterlind<br \/>\n<\/strong>Tv\u00e5 tv\u00e5ngstankar f\u00e5r jag. Den ena \u00e4r att jag inte f\u00e5r skoja om vad mumintrollen g\u00f6r med huvudena, som jag ber\u00e4ttar om i l\u00e4nktexten l\u00e4ngst ner. Jag f\u00e5r inte skoja om det, jag f\u00e5r inte skoja om det, folk anv\u00e4nder sina huvuden s\u00e5 gott de kan. \u00c4ven de orange-ljusr\u00f6da i M\u00e5rrans V\u00e4nner.<\/p>\n<p>Den andra tv\u00e5ngstanken l\u00e5ter som Bengt Alsterlind. Det vet du v\u00e4l hur han l\u00e5ter? Hajk-mannen som du har sett i s\u00e5 m\u00e5nga lustiga Youtube-klipp p\u00e5 senare tid, om du \u00e4r yngre \u00e4n vad jag \u00e4r. Eller s\u00e5 s\u00e5g du Hajk redan n\u00e4r det s\u00e4ndes. S\u00e5 l\u00e5ter folk i Karlstad-trakten.<\/p>\n<p style=\"padding-left: 30px;\"><a href=\"https:\/\/sven-ove.nu\/?attachment_id=17806\" rel=\"attachment wp-att-17806\"><img loading=\"lazy\" decoding=\"async\" class=\"size-medium wp-image-17806 alignnone\" src=\"https:\/\/sven-ove.nu\/wp-content\/uploads\/2017\/04\/St\u00e4ngt-300x188.jpg\" alt=\"\" width=\"300\" height=\"188\" srcset=\"https:\/\/sven-ove.nu\/wp-content\/uploads\/2017\/04\/St\u00e4ngt-300x188.jpg 300w, https:\/\/sven-ove.nu\/wp-content\/uploads\/2017\/04\/St\u00e4ngt-768x482.jpg 768w, https:\/\/sven-ove.nu\/wp-content\/uploads\/2017\/04\/St\u00e4ngt-1024x642.jpg 1024w, https:\/\/sven-ove.nu\/wp-content\/uploads\/2017\/04\/St\u00e4ngt.jpg 1280w\" sizes=\"auto, (max-width: 300px) 100vw, 300px\" \/><\/a><\/p>\n<p>Det g\u00e5r ju inte. S\u00e5 kan de inte prata. Vi kan inte ha en massa mumintroll som traskar omkring i resterna av en riven motionscentral d\u00e4r V\u00e4nerstranden \u00e4r som vackrast \u2013 och pratar kallstam\u00e5l med varenda unge? Hj\u00e4lp!<\/p>\n<p><strong>Femton centimeter uuuuutanf\u00f6r munnen<br \/>\n<\/strong>I dag borde\u00a0kr\u00f6nikan egentligen vara skriven f\u00f6r P4 Radio V\u00e4rmland. D\u00e5 kunde jag l\u00e4sa in replikerna p\u00e5 den s\u00e4rskilt sydcentrala deltaversionen av v\u00e4rml\u00e4ndska spr\u00e5ket. Den d\u00e4r <em>uuuuu<\/em> ska uttalas femton centimeter uuuuutanf\u00f6r muuunnen och somliga o:n h\u00e4mtas sju centimeter ovanf\u00f6r skallen, p\u00e5 ett s\u00e4rskilt andl\u00f6st s\u00e4tt.<\/p>\n<p>&#8211; Duuuuu. Vet du hur d\u00e4 l\u00e5ter n\u00e4r Bengt Alsterlind har f\u00f6r stooora skooor?<br \/>\n&#8211; Nej.<br \/>\n&#8211; Tjipp, tjipp, tjipp.<\/p>\n<p><strong>\u201dHajk-finska\u201d?<br \/>\n<\/strong>P\u00e5 detta s\u00e4tt kommer flera busslaster med barn att tro att en riktig Tove Jansson-figur l\u00e5ter i forts\u00e4ttningen, om snusmumrikarna och hemulerna i stadshuset f\u00e5r som de vill. (Det nya stadshuset som de inte haft slutrea p\u00e5 \u00e4n). Varenda purfinskt troll p\u00e5 n\u00f6jesparken kommer att l\u00e5ta som ett sydv\u00e4rml\u00e4ndskt Hajk-inslag fr\u00e5n 1984.<\/p>\n<p style=\"padding-left: 30px;\"><em>&#8211; Vi \u00e4 muuuumintr\u00f4ll h\u00e4r vi. J\u00e4mt hele ti\u2019a. Uuuuu va finnnt vi bor. Ser sj\u00f6\u00f6\u00f6n.<\/em><\/p>\n<p style=\"padding-left: 30px;\"><em>&#8211; Kolla h\u00e4r da va cooolt, ho d\u00e4r borte \u00e4 sn\u00f4rkfr\u00f6ken. \u00c5 d\u00e4r borte setter snuuuuus-mumriken. Vill du ha snuuuuus, onge?<\/em><\/p>\n<p style=\"padding-left: 30px;\"><em>&#8211; M\u00e4\u00e4n va bli\u2019l\u00e4 Muminmoschan? Kaffet koker t\u00f4rrrt.<\/em><\/p>\n<p style=\"padding-left: 30px;\"><em>&#8211; Bor ni i Japan ni, uuuuu va l\u00e5ngt bort. Har ni n\u00f4n badplats i Japan?<\/em><\/p>\n<p style=\"padding-left: 30px;\"><em>&#8211; M\u00e4\u00e4\u00e4n va bli\u2019l\u00e4, halu inte tv\u00e5hundrasjuuuuutti kroner du, per p\u00e4schooon? Va synn. D\u00e5 kan vi inte sl\u00e4ppe in dig, per p\u00e4schooon. Bl\u00e5e toooorn \u00e4 dyre di, r\u00f6rmocking \u00e4 dyrt, du vet d\u00e4 blir \u00f4ppf\u00f6r. Vi \u00e4 inte idej\u00e4lle, d\u00e4 k\u00f4ster p\u00e4ngar \u00e5 ha firma.<\/em><\/p>\n<p>Den tv\u00e5ngstanken tar aldrig slut.<br \/>\nMumintroll ska inte prata som jag.<\/p>\n<p><span style=\"color: #ff6600;\"><strong>L\u00e4nk<\/strong><\/span>: <span style=\"color: #0000ff;\"><a style=\"color: #0000ff;\" href=\"https:\/\/www.youtube.com\/watch?v=onGzDIX-_3E\">Mumintrollet, avsnitt 6: Rubiner och byxknappar<br \/>\n<\/a><\/span>Observera att mumintrollen g\u00f6r n\u00e5got ovanligt i den h\u00e4r tv-serien fr\u00e5n 1969. De tar av sig huvudena. Detta ska inte j\u00e4mf\u00f6ras med n\u00e5gon i Karlstadspolitiken, vad tror du om mig!?<\/p>\n<p><span style=\"color: #ff6600;\"><strong>L\u00e4nk<\/strong><\/span>: <span style=\"color: #0000ff;\"><a style=\"color: #0000ff;\" href=\"https:\/\/www.youtube.com\/watch?v=jQybqkKTedQ\">ett valfritt Hajk-inslag med den sympatiske Bengt Alsterlind<br \/>\n<\/a><\/span>H\u00e4r g\u00f6r han en s\u00e4ckpipa av en matkasse, en blockfl\u00f6jt och en kl\u00e4dgalge.<\/p>\n<p><strong>Bygg ett Alsterlindland<br \/>\n<\/strong>Bra grejer. Varf\u00f6r bygger vi inte ett Alsterlindland i st\u00e4llet? En bit in\u00e5t stan. Han kunde st\u00e5 vid ett bord och g\u00f6ra jetflyg av en ballong och ett sugr\u00f6r och d\u00e4refter sj\u00f6s\u00e4tta en undervattensb\u00e5t och kanske para ihop en uppbl\u00e5st ballong med en visselpipa och steka gr\u00f6na och rosa sm\u00f6rg\u00e5sp\u00e5l\u00e4gg av tv\u00e5 \u00e4gg i pepparkaksformar som \u00e4r f\u00f6r stora f\u00f6r sm\u00f6rg\u00e5sarna sedan. Med russin till \u00f6gon p\u00e5 bocken och grisen.<\/p>\n<p>Tjipp.<\/p>\n<p style=\"text-align: right;\"><em><span style=\"color: #ff6600;\"><strong>L\u00c4S MER om den<br \/>\nv\u00e4rml\u00e4ndska muminparken<br \/>\n<\/strong><\/span><span style=\"color: #0000ff;\"><a style=\"color: #0000ff;\" href=\"https:\/\/sven-ove.nu\/?p=17792\">N\u00e4r Filifjonkan kom till byn<\/a><\/span><\/em><\/p>\n<p><span style=\"color: #0000ff;\"><a style=\"color: #0000ff;\" href=\"https:\/\/sven-ove.nu\/\">Hem<\/a><\/span>\u00a0|\u00a0<span style=\"color: #0000ff;\"><a style=\"color: #0000ff;\" href=\"https:\/\/sven-ove.nu\/?page_id=170\">Om mig<\/a><\/span>\u00a0|\u00a0<span style=\"color: #0000ff;\"><a style=\"color: #0000ff;\" href=\"https:\/\/sven-ove.nu\/?page_id=1385\">Skriva &amp; prata<\/a><\/span>\u00a0|\u00a0<span style=\"color: #0000ff;\"><a style=\"color: #0000ff;\" href=\"https:\/\/sven-ove.nu\/?page_id=100\">Politik<\/a><\/span>\u00a0|\u00a0<span style=\"color: #0000ff;\"><a style=\"color: #0000ff;\" href=\"https:\/\/sven-ove.nu\/?page_id=102\">L\u00f6pa<\/a><\/span>\u00a0|\u00a0<span style=\"color: #0000ff;\"><a style=\"color: #0000ff;\" href=\"https:\/\/sven-ove.nu\/?page_id=108\">Viktor Root<\/a><\/span>\u00a0| <a href=\"https:\/\/sven-ove.nu\/?page_id=15908\"><span style=\"color: #0000ff;\">Firman<\/span>\u00a0<\/a>|\u00a0<span style=\"color: #0000ff;\"><a style=\"color: #0000ff;\" href=\"https:\/\/sven-ove.nu\/?page_id=15638\">K\u00f4ppra<\/a><\/span><strong>\u00a0<\/strong><\/p>\n","protected":false},"excerpt":{"rendered":"<p>Jag f\u00e5r tv\u00e5ngstankar, det har h\u00e4nt f\u00f6rr. Hur t\u00e4nker du n\u00e4r du t\u00e4nker \u201dMumintroll\u201d? Exakt, du t\u00e4nker p\u00e5 Birgitta Ulfsson och p\u00e5 den d\u00e4r karln som ocks\u00e5 talar s\u00e5 fin finlandssvenska, vad heter han? P\u00f6ysti. Men t\u00e4nker du Bengt Alsterlind? Trodde inte det, nej. Saken \u00e4r den att rika Moomin-koncernen vill bygga en mumintrolln\u00f6jespark f\u00f6r &hellip; <a href=\"https:\/\/sven-ove.nu\/?p=17802\" class=\"more-link\">Forts\u00e4tt l\u00e4sa <span class=\"screen-reader-text\">&#8211; Uuuuu va duuumt, tv\u00e5 nya tv\u00e5ngstankar<\/span><\/a><\/p>\n","protected":false},"author":1,"featured_media":0,"comment_status":"open","ping_status":"open","sticky":false,"template":"","format":"standard","meta":{"_crdt_document":"","_monsterinsights_skip_tracking":false,"_monsterinsights_sitenote_active":false,"_monsterinsights_sitenote_note":"","_monsterinsights_sitenote_category":0,"footnotes":""},"categories":[9],"tags":[3,16,21],"class_list":["post-17802","post","type-post","status-publish","format-standard","hentry","category-politik","tag-arbete","tag-dumheter","tag-ord"],"_links":{"self":[{"href":"https:\/\/sven-ove.nu\/index.php?rest_route=\/wp\/v2\/posts\/17802","targetHints":{"allow":["GET"]}}],"collection":[{"href":"https:\/\/sven-ove.nu\/index.php?rest_route=\/wp\/v2\/posts"}],"about":[{"href":"https:\/\/sven-ove.nu\/index.php?rest_route=\/wp\/v2\/types\/post"}],"author":[{"embeddable":true,"href":"https:\/\/sven-ove.nu\/index.php?rest_route=\/wp\/v2\/users\/1"}],"replies":[{"embeddable":true,"href":"https:\/\/sven-ove.nu\/index.php?rest_route=%2Fwp%2Fv2%2Fcomments&post=17802"}],"version-history":[{"count":13,"href":"https:\/\/sven-ove.nu\/index.php?rest_route=\/wp\/v2\/posts\/17802\/revisions"}],"predecessor-version":[{"id":17817,"href":"https:\/\/sven-ove.nu\/index.php?rest_route=\/wp\/v2\/posts\/17802\/revisions\/17817"}],"wp:attachment":[{"href":"https:\/\/sven-ove.nu\/index.php?rest_route=%2Fwp%2Fv2%2Fmedia&parent=17802"}],"wp:term":[{"taxonomy":"category","embeddable":true,"href":"https:\/\/sven-ove.nu\/index.php?rest_route=%2Fwp%2Fv2%2Fcategories&post=17802"},{"taxonomy":"post_tag","embeddable":true,"href":"https:\/\/sven-ove.nu\/index.php?rest_route=%2Fwp%2Fv2%2Ftags&post=17802"}],"curies":[{"name":"wp","href":"https:\/\/api.w.org\/{rel}","templated":true}]}}