{"id":17846,"date":"2017-05-09T03:27:56","date_gmt":"2017-05-09T02:27:56","guid":{"rendered":"http:\/\/sven-ove.nu\/?p=17846"},"modified":"2017-05-07T15:06:19","modified_gmt":"2017-05-07T14:06:19","slug":"nar-migranterna-myllrar","status":"publish","type":"post","link":"https:\/\/sven-ove.nu\/?p=17846","title":{"rendered":"N\u00e4r migranterna myllrar"},"content":{"rendered":"<p><a href=\"https:\/\/sven-ove.nu\/?attachment_id=17847\" rel=\"attachment wp-att-17847\"><img loading=\"lazy\" decoding=\"async\" class=\"size-large wp-image-17847 alignnone\" src=\"https:\/\/sven-ove.nu\/wp-content\/uploads\/2017\/05\/V\u00e5ren-682x1024.jpg\" alt=\"\" width=\"660\" height=\"991\" srcset=\"https:\/\/sven-ove.nu\/wp-content\/uploads\/2017\/05\/V\u00e5ren-682x1024.jpg 682w, https:\/\/sven-ove.nu\/wp-content\/uploads\/2017\/05\/V\u00e5ren-200x300.jpg 200w, https:\/\/sven-ove.nu\/wp-content\/uploads\/2017\/05\/V\u00e5ren-768x1152.jpg 768w, https:\/\/sven-ove.nu\/wp-content\/uploads\/2017\/05\/V\u00e5ren.jpg 853w\" sizes=\"auto, (max-width: 660px) 100vw, 660px\" \/><\/a><\/p>\n<blockquote><p>Kvarteret myllrar av migranter som kommit hit fr\u00e5n Afrika och s\u00f6dra Europa. De sitter i tr\u00e4den och sjunger. Sp\u00e4nnande m\u00e5ngfald, \u00e4lskade fina flyttf\u00e5glar. V\u00e4lkomna till Grossbolstorp, hur var resan?<\/p>\n<p>Sjung mer vet jag.<\/p><\/blockquote>\n<p>H\u00f6r, d\u00e4r kom g\u00f6ken och d\u00e4r sitter han som n\u00e4stan tappar andan bland l\u00f6ven.<\/p>\n<p>En har varit i tropiska Afrika, en har varit i Egypten och en tillbringade vintern i Italien. S\u00ec, s\u00ec. Nu \u00e4r de h\u00e4r och vi beh\u00f6ver dem. V\u00e4rml\u00e4ndska kr\u00e5kor och gr\u00f6nfinkar \u00e4r trevligt folk de med men s\u00e5ngk\u00f6ren blir b\u00e4ttre, blandad.<\/p>\n<p><strong>Den svarte vill bidra<br \/>\n<\/strong>I dag har jag pratat med en som \u00e4r svart. Och vit. Han har rest hit f\u00f6r att bidra till v\u00e4lf\u00e4rdsbygget. Han ska hj\u00e4lpa oss bek\u00e4mpa v\u00e5ra \u00f6versv\u00e4mningsmyggor, h\u00e4lsar han.<\/p>\n<p>&#8211; Jag har h\u00f6rt att ni har problem med dom i er kommun.<br \/>\n&#8211; Inte \u00f6verallt. Vars\u00e5god och \u00e4t nu. Fj\u00e4rilarna kan du l\u00e5ta bli.<br \/>\n&#8211; Knappast.<br \/>\n&#8211; Du vill inte ha lite f\u00e4stingar?<\/p>\n<p><strong>Rulla dig i gr\u00e4set<br \/>\n<\/strong>En g\u00e5ng har vi ocks\u00e5 flyttat hit f\u00f6r matens skull. Vi kom <span style=\"color: #0000ff;\"><a style=\"color: #0000ff;\" href=\"http:\/\/www.bokus.com\/bok\/9789100167547\/svenskarna-och-deras-fader-de-senaste-11-000-aren\/\">fr\u00e5n Afrika<\/a><\/span>.\u00a0Vem \u00e4r inte flyttf\u00e5gel?<\/p>\n<p>Du tror v\u00e4l inte att din pizza, couscous och ingef\u00e4ra \u00e4r fr\u00e5n ett villakvarter p\u00e5 Grossbolstorp? Inte ens sushin \u00e4r fr\u00e5n nedre Klar\u00e4lvdalen, ska du veta.<\/p>\n<p>H\u00f6r, nu gal han igen. F\u00e5r du ont i ryggen ska du rulla dig i gr\u00e4set medan g\u00f6ken gal, sa de gamle. Jag s\u00e4ger ju att vi beh\u00f6ver v\u00e5ra migranter.<\/p>\n<p><span style=\"color: #0000ff;\"><a style=\"color: #0000ff;\" href=\"https:\/\/sven-ove.nu\/\">Hem<\/a><\/span>\u00a0|\u00a0<span style=\"color: #0000ff;\"><a style=\"color: #0000ff;\" href=\"https:\/\/sven-ove.nu\/?page_id=170\">Om mig<\/a><\/span>\u00a0|\u00a0<span style=\"color: #0000ff;\"><a style=\"color: #0000ff;\" href=\"https:\/\/sven-ove.nu\/?page_id=1385\">Skriva &amp; prata<\/a><\/span>\u00a0|\u00a0<span style=\"color: #0000ff;\"><a style=\"color: #0000ff;\" href=\"https:\/\/sven-ove.nu\/?page_id=100\">Politik<\/a><\/span>\u00a0|\u00a0<span style=\"color: #0000ff;\"><a style=\"color: #0000ff;\" href=\"https:\/\/sven-ove.nu\/?page_id=102\">L\u00f6pa<\/a><\/span>\u00a0|\u00a0<span style=\"color: #0000ff;\"><a style=\"color: #0000ff;\" href=\"https:\/\/sven-ove.nu\/?page_id=108\">Viktor Root<\/a><\/span>\u00a0| <a href=\"https:\/\/sven-ove.nu\/?page_id=15908\"><span style=\"color: #0000ff;\">Firman<\/span>\u00a0<\/a>|\u00a0<span style=\"color: #0000ff;\"><a style=\"color: #0000ff;\" href=\"https:\/\/sven-ove.nu\/?page_id=15638\">K\u00f4ppra<\/a><\/span><\/p>\n","protected":false},"excerpt":{"rendered":"<p>Kvarteret myllrar av migranter som kommit hit fr\u00e5n Afrika och s\u00f6dra Europa. De sitter i tr\u00e4den och sjunger. Sp\u00e4nnande m\u00e5ngfald, \u00e4lskade fina flyttf\u00e5glar. V\u00e4lkomna till Grossbolstorp, hur var resan? Sjung mer vet jag. H\u00f6r, d\u00e4r kom g\u00f6ken och d\u00e4r sitter han som n\u00e4stan tappar andan bland l\u00f6ven. En har varit i tropiska Afrika, en har &hellip; <a href=\"https:\/\/sven-ove.nu\/?p=17846\" class=\"more-link\">Forts\u00e4tt l\u00e4sa <span class=\"screen-reader-text\">N\u00e4r migranterna myllrar<\/span><\/a><\/p>\n","protected":false},"author":1,"featured_media":0,"comment_status":"open","ping_status":"open","sticky":false,"template":"","format":"standard","meta":{"_crdt_document":"","_monsterinsights_skip_tracking":false,"_monsterinsights_sitenote_active":false,"_monsterinsights_sitenote_note":"","_monsterinsights_sitenote_category":0,"footnotes":""},"categories":[6],"tags":[24],"class_list":["post-17846","post","type-post","status-publish","format-standard","hentry","category-natur","tag-karlek"],"_links":{"self":[{"href":"https:\/\/sven-ove.nu\/index.php?rest_route=\/wp\/v2\/posts\/17846","targetHints":{"allow":["GET"]}}],"collection":[{"href":"https:\/\/sven-ove.nu\/index.php?rest_route=\/wp\/v2\/posts"}],"about":[{"href":"https:\/\/sven-ove.nu\/index.php?rest_route=\/wp\/v2\/types\/post"}],"author":[{"embeddable":true,"href":"https:\/\/sven-ove.nu\/index.php?rest_route=\/wp\/v2\/users\/1"}],"replies":[{"embeddable":true,"href":"https:\/\/sven-ove.nu\/index.php?rest_route=%2Fwp%2Fv2%2Fcomments&post=17846"}],"version-history":[{"count":2,"href":"https:\/\/sven-ove.nu\/index.php?rest_route=\/wp\/v2\/posts\/17846\/revisions"}],"predecessor-version":[{"id":17849,"href":"https:\/\/sven-ove.nu\/index.php?rest_route=\/wp\/v2\/posts\/17846\/revisions\/17849"}],"wp:attachment":[{"href":"https:\/\/sven-ove.nu\/index.php?rest_route=%2Fwp%2Fv2%2Fmedia&parent=17846"}],"wp:term":[{"taxonomy":"category","embeddable":true,"href":"https:\/\/sven-ove.nu\/index.php?rest_route=%2Fwp%2Fv2%2Fcategories&post=17846"},{"taxonomy":"post_tag","embeddable":true,"href":"https:\/\/sven-ove.nu\/index.php?rest_route=%2Fwp%2Fv2%2Ftags&post=17846"}],"curies":[{"name":"wp","href":"https:\/\/api.w.org\/{rel}","templated":true}]}}