{"id":17858,"date":"2017-05-11T04:51:35","date_gmt":"2017-05-11T03:51:35","guid":{"rendered":"http:\/\/sven-ove.nu\/?p=17858"},"modified":"2017-05-09T11:58:12","modified_gmt":"2017-05-09T10:58:12","slug":"17858","status":"publish","type":"post","link":"https:\/\/sven-ove.nu\/?p=17858","title":{"rendered":"Alla dessa som \u00e4r s\u00e5 r\u00e4dda f\u00f6r f\u00f6r\u00e4ndring"},"content":{"rendered":"<p><a href=\"https:\/\/sven-ove.nu\/?attachment_id=17863\" rel=\"attachment wp-att-17863\"><img loading=\"lazy\" decoding=\"async\" class=\"size-large wp-image-17863 alignnone\" src=\"https:\/\/sven-ove.nu\/wp-content\/uploads\/2017\/05\/Selfie-med-f\u00e5gel-682x1024.jpg\" alt=\"\" width=\"660\" height=\"991\" srcset=\"https:\/\/sven-ove.nu\/wp-content\/uploads\/2017\/05\/Selfie-med-f\u00e5gel-682x1024.jpg 682w, https:\/\/sven-ove.nu\/wp-content\/uploads\/2017\/05\/Selfie-med-f\u00e5gel-200x300.jpg 200w, https:\/\/sven-ove.nu\/wp-content\/uploads\/2017\/05\/Selfie-med-f\u00e5gel-768x1152.jpg 768w, https:\/\/sven-ove.nu\/wp-content\/uploads\/2017\/05\/Selfie-med-f\u00e5gel.jpg 853w\" sizes=\"auto, (max-width: 660px) 100vw, 660px\" \/><\/a><\/p>\n<p>Jag t\u00e4nker p\u00e5 att vi borde sluta utse v\u00e5r statschef i s\u00e4nghalmen, nu n\u00e4r demokratin \u00e4r uppfunnen.<br \/>\n<em>Monarkister \u00e4r s\u00e5 f\u00f6r\u00e4ndringsoben\u00e4gna.<\/em><\/p>\n<p>Jag t\u00e4nker p\u00e5 att vi borde b\u00f6rja dela p\u00e5 de jobb som beh\u00f6ver g\u00f6ras och g\u00e5 ner till sex timmars arbetsdag, nu n\u00e4r vi uppfunnit maskinen.<br \/>\n<em>Arbetsk\u00f6pare \u00e4r s\u00e5 f\u00f6r\u00e4ndringsoben\u00e4gna.<\/em><\/p>\n<p>Jag t\u00e4nker p\u00e5 att om vi vill ha en union mellan v\u00e5ra l\u00e4nder b\u00f6r alla ha samma niv\u00e5 p\u00e5 ekonomin och demokratin. Innan de f\u00e5r g\u00e5 med.<br \/>\n<em>EU-v\u00e4nner \u00e4r s\u00e5 f\u00f6r\u00e4ndringsoben\u00e4gna.<\/em><\/p>\n<p>Jag t\u00e4nker p\u00e5 att sedan b\u00f6r medlemsl\u00e4nderna n\u00e4rma sig minsta \u00f6verstatlighet p\u00e5 samma s\u00e4tt som tv\u00e5 kelsjuka igelkottar som ska para sig. J\u00e4\u00e4\u00e4drigt f\u00f6rsiktigt.<br \/>\n<em>EU-v\u00e4nner \u00e4r s\u00e5 f\u00f6r\u00e4ndringsoben\u00e4gna.<\/em><\/p>\n<p>Jag t\u00e4nker p\u00e5 att v\u00e4rlden \u00e4r or\u00e4ttvis. De f\u00e5 som \u00e4ger det mesta vill inte dela med sig.<br \/>\n<em>F\u00f6rm\u00f6get folk \u00e4r s\u00e5 f\u00f6r\u00e4ndringsoben\u00e4gna.<\/em><\/p>\n<p><strong>Klyftorna, klassf\u00f6raktet, klimatet<br \/>\n<\/strong>L\u00e5t oss allts\u00e5 b\u00f6rja f\u00f6r\u00e4ndringen d\u00e4r: klyftorna, klassf\u00f6raktet. Klimatet ocks\u00e5, gl\u00f6m inte klimatet.\u00a0L\u00e5t oss alla bli f\u00f6runderligt f\u00f6r\u00e4ndringsben\u00e4gna. Det \u00e4r fortfarande r\u00e4tt att g\u00f6ra uppror.<\/p>\n<p>Annars g\u00f6r \u00f6verheten snart en ny kung i halmen.<\/p>\n<p style=\"text-align: right;\"><em><strong><span style=\"color: #ff6600;\">###<\/span> <\/strong>L\u00e4nk<strong>: <span style=\"color: #0000ff;\"><a style=\"color: #0000ff;\" href=\"https:\/\/sven-ove.nu\/?page_id=17780\">Klyftorna v\u00e4xer<\/a><\/span> <\/strong><br \/>\n&#8211; en bloggserie om det svenska klassamh\u00e4llet<\/em><\/p>\n","protected":false},"excerpt":{"rendered":"<p>Jag t\u00e4nker p\u00e5 att vi borde sluta utse v\u00e5r statschef i s\u00e4nghalmen, nu n\u00e4r demokratin \u00e4r uppfunnen. Monarkister \u00e4r s\u00e5 f\u00f6r\u00e4ndringsoben\u00e4gna. Jag t\u00e4nker p\u00e5 att vi borde b\u00f6rja dela p\u00e5 de jobb som beh\u00f6ver g\u00f6ras och g\u00e5 ner till sex timmars arbetsdag, nu n\u00e4r vi uppfunnit maskinen. Arbetsk\u00f6pare \u00e4r s\u00e5 f\u00f6r\u00e4ndringsoben\u00e4gna. Jag t\u00e4nker p\u00e5 att &hellip; <a href=\"https:\/\/sven-ove.nu\/?p=17858\" class=\"more-link\">Forts\u00e4tt l\u00e4sa <span class=\"screen-reader-text\">Alla dessa som \u00e4r s\u00e5 r\u00e4dda f\u00f6r f\u00f6r\u00e4ndring<\/span><\/a><\/p>\n","protected":false},"author":1,"featured_media":0,"comment_status":"open","ping_status":"open","sticky":false,"template":"","format":"standard","meta":{"_crdt_document":"","_monsterinsights_skip_tracking":false,"_monsterinsights_sitenote_active":false,"_monsterinsights_sitenote_note":"","_monsterinsights_sitenote_category":0,"footnotes":""},"categories":[9],"tags":[18,7,20,17],"class_list":["post-17858","post","type-post","status-publish","format-standard","hentry","category-politik","tag-lardomar","tag-miljo","tag-rad","tag-solidaritet"],"_links":{"self":[{"href":"https:\/\/sven-ove.nu\/index.php?rest_route=\/wp\/v2\/posts\/17858","targetHints":{"allow":["GET"]}}],"collection":[{"href":"https:\/\/sven-ove.nu\/index.php?rest_route=\/wp\/v2\/posts"}],"about":[{"href":"https:\/\/sven-ove.nu\/index.php?rest_route=\/wp\/v2\/types\/post"}],"author":[{"embeddable":true,"href":"https:\/\/sven-ove.nu\/index.php?rest_route=\/wp\/v2\/users\/1"}],"replies":[{"embeddable":true,"href":"https:\/\/sven-ove.nu\/index.php?rest_route=%2Fwp%2Fv2%2Fcomments&post=17858"}],"version-history":[{"count":6,"href":"https:\/\/sven-ove.nu\/index.php?rest_route=\/wp\/v2\/posts\/17858\/revisions"}],"predecessor-version":[{"id":17865,"href":"https:\/\/sven-ove.nu\/index.php?rest_route=\/wp\/v2\/posts\/17858\/revisions\/17865"}],"wp:attachment":[{"href":"https:\/\/sven-ove.nu\/index.php?rest_route=%2Fwp%2Fv2%2Fmedia&parent=17858"}],"wp:term":[{"taxonomy":"category","embeddable":true,"href":"https:\/\/sven-ove.nu\/index.php?rest_route=%2Fwp%2Fv2%2Fcategories&post=17858"},{"taxonomy":"post_tag","embeddable":true,"href":"https:\/\/sven-ove.nu\/index.php?rest_route=%2Fwp%2Fv2%2Ftags&post=17858"}],"curies":[{"name":"wp","href":"https:\/\/api.w.org\/{rel}","templated":true}]}}