{"id":1786,"date":"2012-04-11T05:00:03","date_gmt":"2012-04-11T04:00:03","guid":{"rendered":"http:\/\/sven-ove.nu\/?p=1786"},"modified":"2012-04-11T11:12:13","modified_gmt":"2012-04-11T10:12:13","slug":"%e2%80%9djag-har-ju-lovat%e2%80%9d","status":"publish","type":"post","link":"https:\/\/sven-ove.nu\/?p=1786","title":{"rendered":"\u201dJag har ju lovat\u201d"},"content":{"rendered":"<p>Han \u00e4r domprost och i Nya Wermlands-Tidningen hade ledarskribenten dundrat mot <strong>Solrosuppropet<\/strong>. Uppropet \u00e4r \u00e5rets landsomfattande protest mot f\u00f6rs\u00e4mringarna av sjukf\u00f6rs\u00e4kringarna. Fler och fler blir utf\u00f6rs\u00e4krade, fler och fler f\u00e5r stora problem med sin ekonomi. I fjol hette protesten P\u00e5skuppropet, \u00e4ven d\u00e5 i de kristna kyrkornas regi.<\/p>\n<p>Nu p\u00e5 annandagen gick han till Soltorget i Karlstad och demonstrerade, trots Nya Wermlands-Tidningens muller.<\/p>\n<p>\u2013 Det h\u00e4r \u00e4r en partipolitiskt och religi\u00f6st oberoende r\u00f6relse. Jag har faktiskt i mitt pr\u00e4stl\u00f6fte lovat att st\u00e5 upp f\u00f6r dem som \u00e4r utanf\u00f6r, sa <a href=\"http:\/\/www.nwt.se\/karlstad\/article1086902.ece\">Staffan Kvassman<\/a>.<\/p>\n<p>S\u00e5dana pr\u00e4ster vill vi se fler av. Kyrkor ska st\u00e5 <a href=\"http:\/\/www.nwt.se\/asikter\/debatt\/article1084263.ece\">mitt i byn<\/a>. \u00c4r det n\u00e5got som solrosor \u00e4r bra p\u00e5, s\u00e5 \u00e4r det att sprida gl\u00e4dje, str\u00e4va upp mot himmelrik\u2019 och samtidigt rota sig bra djupt i den svenska myllan.<\/p>\n<p>Gillar.<\/p>\n<p>&nbsp;<\/p>\n<p><a href=\"https:\/\/sven-ove.nu\/wp-content\/uploads\/2012\/04\/Bloggaren-och-solrosorna.jpg\"><img loading=\"lazy\" decoding=\"async\" class=\"alignleft size-medium wp-image-1787\" title=\"OLYMPUS DIGITAL CAMERA\" src=\"https:\/\/sven-ove.nu\/wp-content\/uploads\/2012\/04\/Bloggaren-och-solrosorna-224x300.jpg\" alt=\"\" width=\"224\" height=\"300\" srcset=\"https:\/\/sven-ove.nu\/wp-content\/uploads\/2012\/04\/Bloggaren-och-solrosorna-224x300.jpg 224w, https:\/\/sven-ove.nu\/wp-content\/uploads\/2012\/04\/Bloggaren-och-solrosorna-768x1024.jpg 768w, https:\/\/sven-ove.nu\/wp-content\/uploads\/2012\/04\/Bloggaren-och-solrosorna.jpg 1704w\" sizes=\"auto, (max-width: 224px) 100vw, 224px\" \/><\/a><\/p>\n<p>&nbsp;<\/p>\n<p>&nbsp;<\/p>\n<p>&nbsp;<\/p>\n<p>&nbsp;<\/p>\n<p>&nbsp;<\/p>\n<p><em>Bilden: Bloggaren inspekterar fjol\u00e5rets solrosor p\u00e5 den egna tomten.<\/em><\/p>\n<p><em><br \/>\n<\/em><\/p>\n<p><em> <\/em><\/p>\n<p><em>\u201d<strong>En politisk kyrka<\/strong>\u201d, skriver NWT:s politiske redakt\u00f6r den 7 april. \u201dOcks\u00e5 en rent allm\u00e4n politisering har f\u00e5tt bre ut sig. Ta bara f\u00f6rra \u00e5rets s\u00e5 kallade \u2019p\u00e5skupprop\u2019 som f\u00e5tt en efterf\u00f6ljare i \u00e5r. Det \u00e4r ett rent politiskt angrepp p\u00e5 regeringens politik under f\u00f6respeglingen om att man v\u00e4rnar om de sjukskrivna. Underf\u00f6rst\u00e5tt s\u00e5 g\u00f6r inte regeringen det. Nej, det \u00e4r bland annat s\u00e5dant som g\u00f6r att jag undrar varf\u00f6r jag fortfarande \u00e4r medlem.\u201d<\/em><\/p>\n<p><em> <\/em><\/p>\n<p>S\u00e5 l\u00e5ngt NWT:s politiske redakt\u00f6r.<\/p>\n<p><strong>Jesus<\/strong> sj\u00e4lv? Han jagade m\u00e5nglare ur tempel, s\u00e5 fort han s\u00e5g n\u00e5gra, och delade fiskar och br\u00f6d r\u00e4ttvist till varenda m\u00e4nniska som var hungrig. Nog var den karln politisk.<\/p>\n<p>&nbsp;<\/p>\n","protected":false},"excerpt":{"rendered":"<p>Han \u00e4r domprost och i Nya Wermlands-Tidningen hade ledarskribenten dundrat mot Solrosuppropet. Uppropet \u00e4r \u00e5rets landsomfattande protest mot f\u00f6rs\u00e4mringarna av sjukf\u00f6rs\u00e4kringarna. Fler och fler blir utf\u00f6rs\u00e4krade, fler och fler f\u00e5r stora problem med sin ekonomi. I fjol hette protesten P\u00e5skuppropet, \u00e4ven d\u00e5 i de kristna kyrkornas regi. Nu p\u00e5 annandagen gick han till Soltorget i &hellip; <a href=\"https:\/\/sven-ove.nu\/?p=1786\" class=\"more-link\">Forts\u00e4tt l\u00e4sa <span class=\"screen-reader-text\">\u201dJag har ju lovat\u201d<\/span><\/a><\/p>\n","protected":false},"author":1,"featured_media":0,"comment_status":"open","ping_status":"open","sticky":false,"template":"","format":"standard","meta":{"_crdt_document":"","_monsterinsights_skip_tracking":false,"_monsterinsights_sitenote_active":false,"_monsterinsights_sitenote_note":"","_monsterinsights_sitenote_category":0,"footnotes":""},"categories":[9],"tags":[16,15,17],"class_list":["post-1786","post","type-post","status-publish","format-standard","hentry","category-politik","tag-dumheter","tag-mediedjungeln","tag-solidaritet"],"_links":{"self":[{"href":"https:\/\/sven-ove.nu\/index.php?rest_route=\/wp\/v2\/posts\/1786","targetHints":{"allow":["GET"]}}],"collection":[{"href":"https:\/\/sven-ove.nu\/index.php?rest_route=\/wp\/v2\/posts"}],"about":[{"href":"https:\/\/sven-ove.nu\/index.php?rest_route=\/wp\/v2\/types\/post"}],"author":[{"embeddable":true,"href":"https:\/\/sven-ove.nu\/index.php?rest_route=\/wp\/v2\/users\/1"}],"replies":[{"embeddable":true,"href":"https:\/\/sven-ove.nu\/index.php?rest_route=%2Fwp%2Fv2%2Fcomments&post=1786"}],"version-history":[{"count":8,"href":"https:\/\/sven-ove.nu\/index.php?rest_route=\/wp\/v2\/posts\/1786\/revisions"}],"predecessor-version":[{"id":1800,"href":"https:\/\/sven-ove.nu\/index.php?rest_route=\/wp\/v2\/posts\/1786\/revisions\/1800"}],"wp:attachment":[{"href":"https:\/\/sven-ove.nu\/index.php?rest_route=%2Fwp%2Fv2%2Fmedia&parent=1786"}],"wp:term":[{"taxonomy":"category","embeddable":true,"href":"https:\/\/sven-ove.nu\/index.php?rest_route=%2Fwp%2Fv2%2Fcategories&post=1786"},{"taxonomy":"post_tag","embeddable":true,"href":"https:\/\/sven-ove.nu\/index.php?rest_route=%2Fwp%2Fv2%2Ftags&post=1786"}],"curies":[{"name":"wp","href":"https:\/\/api.w.org\/{rel}","templated":true}]}}