{"id":17933,"date":"2017-05-30T07:36:33","date_gmt":"2017-05-30T06:36:33","guid":{"rendered":"http:\/\/sven-ove.nu\/?p=17933"},"modified":"2017-05-30T07:44:32","modified_gmt":"2017-05-30T06:44:32","slug":"poeten-inuti-bonden","status":"publish","type":"post","link":"https:\/\/sven-ove.nu\/?p=17933","title":{"rendered":"Poeten inuti bonden"},"content":{"rendered":"<p><a href=\"https:\/\/sven-ove.nu\/?attachment_id=17937\" rel=\"attachment wp-att-17937\"><img loading=\"lazy\" decoding=\"async\" class=\"size-large wp-image-17937 alignnone\" src=\"https:\/\/sven-ove.nu\/wp-content\/uploads\/2017\/05\/Traktorer-1024x1024.jpg\" alt=\"\" width=\"660\" height=\"660\" srcset=\"https:\/\/sven-ove.nu\/wp-content\/uploads\/2017\/05\/Traktorer-1024x1024.jpg 1024w, https:\/\/sven-ove.nu\/wp-content\/uploads\/2017\/05\/Traktorer-150x150.jpg 150w, https:\/\/sven-ove.nu\/wp-content\/uploads\/2017\/05\/Traktorer-300x300.jpg 300w, https:\/\/sven-ove.nu\/wp-content\/uploads\/2017\/05\/Traktorer-768x768.jpg 768w, https:\/\/sven-ove.nu\/wp-content\/uploads\/2017\/05\/Traktorer.jpg 1280w\" sizes=\"auto, (max-width: 660px) 100vw, 660px\" \/><\/a><\/p>\n<blockquote><p>Det bor en bonde i varje svensk, har n\u00e5gon klok person sagt.<br \/>\nOch i varje bonde bor en som \u00e4r van att studera sin omgivning.\u00a0Kalla det naturpoet om du vill.<\/p><\/blockquote>\n<p>Jag sitter och l\u00e4ser min morgontidning n\u00e4r tanken sl\u00e5r mig. Tidningen ber\u00e4ttar om traktort\u00e4theten i landet. Den som gjort att i dag kan en ensam bonde f\u00f6rs\u00f6rja hundra svenskar med mat. Tack f\u00f6r det, b\u00e5de f\u00f6r maten och f\u00f6r det minskade slitet.<\/p>\n<p>Tanken som sl\u00e5r mig \u00e4r att det bor en poet i den d\u00e4r bonden med hundra matbord att f\u00f6rs\u00f6rja. Artikeln handlar om att \u00c5rj\u00e4ng \u00e4r traktort\u00e4tast i l\u00e4net och dessutom p\u00e5 sj\u00e4tte plats i Sverige. 155 traktorer per tusen inv\u00e5nare har de borta i v\u00e4st. Min kommun har 41.<\/p>\n<p><strong>Kan inte undvika tofsvipeboet<br \/>\n<\/strong>N\u00e5, nu intervjuar de LRF:s ordf\u00f6rande i l\u00e4net. Han tror traktorerna blir f\u00f6rarl\u00f6sa i framtiden. Fast \u00e4n \u00e5terst\u00e5r en del att g\u00f6ra, s\u00e4ger han i Frida Granstr\u00f6ms artikel:<\/p>\n<p style=\"padding-left: 30px;\"><em>&#8211; Den m\u00e4nskliga uppfattningsf\u00f6rm\u00e5gan \u00e4r b\u00e4ttre \u00e4n traktorns. Den kan k\u00f6ra dit vi vill, men den kan inte undvika ett tofsvipebo n\u00e4r den harvar eller ett r\u00e5djurskid som ligger och trycker.<\/em><\/p>\n<p>Jag tycker det \u00e4r vackert.<br \/>\nJag blir stolt n\u00e4r jag l\u00e4ser vad Patrik Ohlsson sagt.<\/p>\n<p><span style=\"color: #0000ff;\"><a style=\"color: #0000ff;\" href=\"https:\/\/sven-ove.nu\/\">Hem<\/a><\/span>\u00a0|\u00a0<span style=\"color: #0000ff;\"><a style=\"color: #0000ff;\" href=\"https:\/\/sven-ove.nu\/?page_id=170\">Om mig<\/a><\/span>\u00a0|\u00a0<span style=\"color: #0000ff;\"><a style=\"color: #0000ff;\" href=\"https:\/\/sven-ove.nu\/?page_id=1385\">Skriva &amp; prata<\/a><\/span>\u00a0|\u00a0<span style=\"color: #0000ff;\"><a style=\"color: #0000ff;\" href=\"https:\/\/sven-ove.nu\/?page_id=100\">Politik<\/a><\/span>\u00a0|\u00a0<span style=\"color: #0000ff;\"><a style=\"color: #0000ff;\" href=\"https:\/\/sven-ove.nu\/?page_id=102\">L\u00f6pa<\/a><\/span>\u00a0|\u00a0<span style=\"color: #0000ff;\"><a style=\"color: #0000ff;\" href=\"https:\/\/sven-ove.nu\/?page_id=108\">Viktor Root<\/a><\/span>\u00a0| <a href=\"https:\/\/sven-ove.nu\/?page_id=15908\"><span style=\"color: #0000ff;\">Firman<\/span>\u00a0<\/a>|\u00a0<span style=\"color: #0000ff;\"><a style=\"color: #0000ff;\" href=\"https:\/\/sven-ove.nu\/?page_id=15638\">K\u00f4ppra<\/a><\/span> <em>(c) Sven-Ove Svensson<\/em><\/p>\n","protected":false},"excerpt":{"rendered":"<p>Det bor en bonde i varje svensk, har n\u00e5gon klok person sagt. Och i varje bonde bor en som \u00e4r van att studera sin omgivning.\u00a0Kalla det naturpoet om du vill. Jag sitter och l\u00e4ser min morgontidning n\u00e4r tanken sl\u00e5r mig. Tidningen ber\u00e4ttar om traktort\u00e4theten i landet. Den som gjort att i dag kan en ensam &hellip; <a href=\"https:\/\/sven-ove.nu\/?p=17933\" class=\"more-link\">Forts\u00e4tt l\u00e4sa <span class=\"screen-reader-text\">Poeten inuti bonden<\/span><\/a><\/p>\n","protected":false},"author":1,"featured_media":0,"comment_status":"open","ping_status":"open","sticky":false,"template":"","format":"standard","meta":{"_crdt_document":"","_monsterinsights_skip_tracking":false,"_monsterinsights_sitenote_active":false,"_monsterinsights_sitenote_note":"","_monsterinsights_sitenote_category":0,"footnotes":""},"categories":[6],"tags":[3,24,13],"class_list":["post-17933","post","type-post","status-publish","format-standard","hentry","category-natur","tag-arbete","tag-karlek","tag-utrustning"],"_links":{"self":[{"href":"https:\/\/sven-ove.nu\/index.php?rest_route=\/wp\/v2\/posts\/17933","targetHints":{"allow":["GET"]}}],"collection":[{"href":"https:\/\/sven-ove.nu\/index.php?rest_route=\/wp\/v2\/posts"}],"about":[{"href":"https:\/\/sven-ove.nu\/index.php?rest_route=\/wp\/v2\/types\/post"}],"author":[{"embeddable":true,"href":"https:\/\/sven-ove.nu\/index.php?rest_route=\/wp\/v2\/users\/1"}],"replies":[{"embeddable":true,"href":"https:\/\/sven-ove.nu\/index.php?rest_route=%2Fwp%2Fv2%2Fcomments&post=17933"}],"version-history":[{"count":5,"href":"https:\/\/sven-ove.nu\/index.php?rest_route=\/wp\/v2\/posts\/17933\/revisions"}],"predecessor-version":[{"id":17939,"href":"https:\/\/sven-ove.nu\/index.php?rest_route=\/wp\/v2\/posts\/17933\/revisions\/17939"}],"wp:attachment":[{"href":"https:\/\/sven-ove.nu\/index.php?rest_route=%2Fwp%2Fv2%2Fmedia&parent=17933"}],"wp:term":[{"taxonomy":"category","embeddable":true,"href":"https:\/\/sven-ove.nu\/index.php?rest_route=%2Fwp%2Fv2%2Fcategories&post=17933"},{"taxonomy":"post_tag","embeddable":true,"href":"https:\/\/sven-ove.nu\/index.php?rest_route=%2Fwp%2Fv2%2Ftags&post=17933"}],"curies":[{"name":"wp","href":"https:\/\/api.w.org\/{rel}","templated":true}]}}