{"id":17949,"date":"2017-06-06T04:52:12","date_gmt":"2017-06-06T03:52:12","guid":{"rendered":"http:\/\/sven-ove.nu\/?p=17949"},"modified":"2017-08-21T20:17:34","modified_gmt":"2017-08-21T19:17:34","slug":"liten-sprakhjalpreda-for-nationellt-palitliga","status":"publish","type":"post","link":"https:\/\/sven-ove.nu\/?p=17949","title":{"rendered":"Liten spr\u00e5khj\u00e4lpreda f\u00f6r nationellt p\u00e5litliga"},"content":{"rendered":"<p><a href=\"https:\/\/sven-ove.nu\/?attachment_id=3751\" rel=\"attachment wp-att-3751\"><img loading=\"lazy\" decoding=\"async\" class=\"size-large wp-image-3751 alignnone\" src=\"https:\/\/sven-ove.nu\/wp-content\/uploads\/2012\/11\/V\u00e5rt-land-1024x795.jpg\" alt=\"\" width=\"660\" height=\"512\" srcset=\"https:\/\/sven-ove.nu\/wp-content\/uploads\/2012\/11\/V\u00e5rt-land-1024x795.jpg 1024w, https:\/\/sven-ove.nu\/wp-content\/uploads\/2012\/11\/V\u00e5rt-land-300x233.jpg 300w, https:\/\/sven-ove.nu\/wp-content\/uploads\/2012\/11\/V\u00e5rt-land.jpg 1537w\" sizes=\"auto, (max-width: 660px) 100vw, 660px\" \/><\/a><\/p>\n<blockquote><p>&#8221;Spr\u00e5k&#8221; \u00e4r tyska, det kan vi icke anv\u00e4nda. Ej heller n\u00e5gra siffror, ty de komma fr\u00e5n S\u00e4rkland.<\/p>\n<p>\u00c4ven &#8221;anv\u00e4nda&#8221; b\u00f6r undvikas av nationellt p\u00e5litliga personer, ty ocks\u00e5\u00a0det \u00e4r tyskt och m\u00e5 icke anv&#8230; brukas. V\u00e4nta, hall\u00e5, &#8221;bruka&#8221; \u00e4r ocks\u00e5 tyskt, j\u00e4spalt ocks\u00e5.<\/p><\/blockquote>\n<p><strong>F\u00f6rbjudna ord<br \/>\n<\/strong>Siffra &#8211; arabiskt<br \/>\nBudget &#8211; engelsk-franskt<br \/>\nPolitik &#8211; franskt, till grekiska politikos.<br \/>\nDemokrati &#8211; grekiskt<br \/>\nDiktator &#8211; latinskt<br \/>\nMakt &#8211; tyskt<br \/>\nTaburett &#8211; franskt<br \/>\nNation &#8211; latinskt<br \/>\n\u00c4ra &#8211; tyskt<br \/>\nHj\u00e4lte &#8211; tyskt<br \/>\nFana &#8211; tyskt<br \/>\nRas &#8211; franskt<\/p>\n<p><strong>Till\u00e5tet ord<br \/>\n<\/strong>Och &#8211; fornnordiskt<\/p>\n<p><strong>Till\u00e5tna l\u00e4ten<br \/>\n<\/strong>L\u00e4ten som grymtningar, gutturala strupljud, envisa muttranden och djupa suckar m\u00e5 anv\u00e4ndas fritt men p\u00e5 egen risk, en\u00e4r de anl\u00e4nde just n\u00e4r inlandsisen smalt.<\/p>\n<p style=\"padding-left: 30px;\"><em><span style=\"color: #ff6600;\"><strong>###<\/strong><\/span> \u201dIroni\u201d \u00e4r grekiskt, se s\u00e4rskilt upp med det.<\/em><br \/>\n<em><span style=\"color: #ff6600;\"><strong>###<\/strong><\/span> Samma g\u00e4ller allt begagnande av \u201dhumor\u201d, som \u00e4r latin, engelska och hundan vet vem som har haft det i munnen f\u00f6re dig.<\/em><\/p>\n<p>Och och och.<\/p>\n<p><span style=\"color: #0000ff;\"><a style=\"color: #0000ff;\" href=\"https:\/\/sven-ove.nu\/\">Hem<\/a><\/span>\u00a0|<span style=\"color: #0000ff;\">\u00a0<a style=\"color: #0000ff;\" href=\"https:\/\/sven-ove.nu\/?page_id=170\">Om mig<\/a><\/span>\u00a0|\u00a0<span style=\"color: #0000ff;\"><a style=\"color: #0000ff;\" href=\"https:\/\/sven-ove.nu\/?page_id=1385\">Skriva &amp; prata<\/a><\/span>\u00a0|\u00a0<span style=\"color: #0000ff;\"><a style=\"color: #0000ff;\" href=\"https:\/\/sven-ove.nu\/?page_id=100\">Politik<\/a><\/span>\u00a0|\u00a0<span style=\"color: #0000ff;\"><a style=\"color: #0000ff;\" href=\"https:\/\/sven-ove.nu\/?page_id=102\">L\u00f6pa<\/a><\/span>\u00a0|\u00a0<span style=\"color: #0000ff;\"><a style=\"color: #0000ff;\" href=\"https:\/\/sven-ove.nu\/?page_id=108\">Viktor Root<\/a><\/span>\u00a0| <a href=\"https:\/\/sven-ove.nu\/?page_id=15908\"><span style=\"color: #0000ff;\">Firman<\/span>\u00a0<\/a>|\u00a0<span style=\"color: #0000ff;\"><a style=\"color: #0000ff;\" href=\"https:\/\/sven-ove.nu\/?page_id=15638\">K\u00f4ppra<\/a><\/span> <em>(c) Sven-Ove Svensson<\/em><\/p>\n","protected":false},"excerpt":{"rendered":"<p>&#8221;Spr\u00e5k&#8221; \u00e4r tyska, det kan vi icke anv\u00e4nda. Ej heller n\u00e5gra siffror, ty de komma fr\u00e5n S\u00e4rkland. \u00c4ven &#8221;anv\u00e4nda&#8221; b\u00f6r undvikas av nationellt p\u00e5litliga personer, ty ocks\u00e5\u00a0det \u00e4r tyskt och m\u00e5 icke anv&#8230; brukas. V\u00e4nta, hall\u00e5, &#8221;bruka&#8221; \u00e4r ocks\u00e5 tyskt, j\u00e4spalt ocks\u00e5. F\u00f6rbjudna ord Siffra &#8211; arabiskt Budget &#8211; engelsk-franskt Politik &#8211; franskt, till grekiska &hellip; <a href=\"https:\/\/sven-ove.nu\/?p=17949\" class=\"more-link\">Forts\u00e4tt l\u00e4sa <span class=\"screen-reader-text\">Liten spr\u00e5khj\u00e4lpreda f\u00f6r nationellt p\u00e5litliga<\/span><\/a><\/p>\n","protected":false},"author":1,"featured_media":0,"comment_status":"open","ping_status":"open","sticky":false,"template":"","format":"standard","meta":{"_crdt_document":"","_monsterinsights_skip_tracking":false,"_monsterinsights_sitenote_active":false,"_monsterinsights_sitenote_note":"","_monsterinsights_sitenote_category":0,"footnotes":""},"categories":[9],"tags":[18,21],"class_list":["post-17949","post","type-post","status-publish","format-standard","hentry","category-politik","tag-lardomar","tag-ord"],"_links":{"self":[{"href":"https:\/\/sven-ove.nu\/index.php?rest_route=\/wp\/v2\/posts\/17949","targetHints":{"allow":["GET"]}}],"collection":[{"href":"https:\/\/sven-ove.nu\/index.php?rest_route=\/wp\/v2\/posts"}],"about":[{"href":"https:\/\/sven-ove.nu\/index.php?rest_route=\/wp\/v2\/types\/post"}],"author":[{"embeddable":true,"href":"https:\/\/sven-ove.nu\/index.php?rest_route=\/wp\/v2\/users\/1"}],"replies":[{"embeddable":true,"href":"https:\/\/sven-ove.nu\/index.php?rest_route=%2Fwp%2Fv2%2Fcomments&post=17949"}],"version-history":[{"count":7,"href":"https:\/\/sven-ove.nu\/index.php?rest_route=\/wp\/v2\/posts\/17949\/revisions"}],"predecessor-version":[{"id":18249,"href":"https:\/\/sven-ove.nu\/index.php?rest_route=\/wp\/v2\/posts\/17949\/revisions\/18249"}],"wp:attachment":[{"href":"https:\/\/sven-ove.nu\/index.php?rest_route=%2Fwp%2Fv2%2Fmedia&parent=17949"}],"wp:term":[{"taxonomy":"category","embeddable":true,"href":"https:\/\/sven-ove.nu\/index.php?rest_route=%2Fwp%2Fv2%2Fcategories&post=17949"},{"taxonomy":"post_tag","embeddable":true,"href":"https:\/\/sven-ove.nu\/index.php?rest_route=%2Fwp%2Fv2%2Ftags&post=17949"}],"curies":[{"name":"wp","href":"https:\/\/api.w.org\/{rel}","templated":true}]}}