{"id":17956,"date":"2017-06-08T04:00:25","date_gmt":"2017-06-08T03:00:25","guid":{"rendered":"http:\/\/sven-ove.nu\/?p=17956"},"modified":"2017-06-07T12:50:11","modified_gmt":"2017-06-07T11:50:11","slug":"sanningen-om-utsikten","status":"publish","type":"post","link":"https:\/\/sven-ove.nu\/?p=17956","title":{"rendered":"Sanningen om utsikten"},"content":{"rendered":"<p><a href=\"https:\/\/sven-ove.nu\/?attachment_id=17961\" rel=\"attachment wp-att-17961\"><img loading=\"lazy\" decoding=\"async\" class=\"size-full wp-image-17961 alignnone\" src=\"https:\/\/sven-ove.nu\/wp-content\/uploads\/2017\/06\/Glaspelaren.001.jpg\" alt=\"\" width=\"758\" height=\"635\" srcset=\"https:\/\/sven-ove.nu\/wp-content\/uploads\/2017\/06\/Glaspelaren.001.jpg 758w, https:\/\/sven-ove.nu\/wp-content\/uploads\/2017\/06\/Glaspelaren.001-300x251.jpg 300w\" sizes=\"auto, (max-width: 758px) 100vw, 758px\" \/><\/a><\/p>\n<p style=\"padding-left: 30px;\">Glashimmelstorn i d\u00e4 som ble\u2019 kvar<br \/>\nn\u00e4r stan brann<br \/>\nStasshuset s\u00e5lt f\u00f6r halve prise\u2019,<br \/>\neftersom di k\u00e4nde k\u00f6per\u2019n \u00e5 ville vare hygglige<br \/>\nStaket runt n\u00e4stan halve V\u00e4nerparadiset Skutberget<br \/>\nFlere dagsl\u00f6ner i intr\u00e4de innaf\u00f6r stakete\u2019<br \/>\nf\u00f6r en fattig familj m\u00e4 onger<\/p>\n<p style=\"padding-left: 30px;\">Kallstapolitiken \u00e4&#8217; sig lik<br \/>\nEn f\u00f6rst\u00e5r\u2019n inte<br \/>\nMen en f\u00f6rst\u00e5r vilka\u00a0som st\u00e5r f\u00f6r\u2019n<\/p>\n<p style=\"padding-left: 30px;\">Samme personer som ska bo \u00f4ppe i glastorne&#8217;<br \/>\nm\u00e4 utsikt ner p\u00e5 allt f\u00f4lke\u2019<br \/>\n\u00c5, va di ska glo<br \/>\n\u00c5, va di ska se ner p\u00e5 \u00f4ss<\/p>\n<p style=\"padding-left: 30px;\"><strong>Viktor Root<\/strong><\/p>\n<p>&nbsp;<\/p>\n<p><em><span style=\"color: #ff6600;\"><strong>###<\/strong><\/span> <span style=\"color: #0000ff;\"><a style=\"color: #0000ff;\" href=\"https:\/\/sven-ove.nu\/?page_id=108\">Viktor Root<\/a><\/span> \u00e4r min (offentliga) pseudonym sedan m\u00e5nga \u00e5r. Alla hans dikter heter Sanningen\u2026 n\u00e5gonting.<\/em><br \/>\n<em> <span style=\"color: #ff6600;\"><strong>###<\/strong><\/span> Karlstads politiska majoritet s\u00e5lde sitt gamla stadshus f\u00f6r 51 miljoner och <span style=\"color: #0000ff;\"><a style=\"color: #0000ff;\" href=\"http:\/\/www.vf.se\/karlstad\/ny-kritik-mot-forsaljningen-av-stadshuset-gor-mig-forbannad\/\">erbj\u00f6ds det dubbla<\/a><\/span> av annan k\u00f6pare.<\/em><br \/>\n<em> <span style=\"color: #ff6600;\"><strong>###<\/strong><\/span> I kanten av kvarteret Almen, som \u00f6verlevde stadsbranden 1865, vill de bygga ett 16 v\u00e5ningar h\u00f6gt och mycket <span style=\"color: #0000ff;\"><a style=\"color: #0000ff;\" href=\"http:\/\/nwt.se\/karlstad\/2017\/03\/28\/forsta-skissen-pa-hoghuset\">smalt h\u00f6ghus<\/a><\/span> med massor av glas.<\/em><br \/>\n<em> <a href=\"https:\/\/sven-ove.nu\/?attachment_id=17963\" rel=\"attachment wp-att-17963\"><img loading=\"lazy\" decoding=\"async\" class=\"alignright size-medium wp-image-17963\" src=\"https:\/\/sven-ove.nu\/wp-content\/uploads\/2017\/06\/Sk\u00e4rmavbild-2017-06-07-kl.-13.14.26-300x287.png\" alt=\"\" width=\"300\" height=\"287\" srcset=\"https:\/\/sven-ove.nu\/wp-content\/uploads\/2017\/06\/Sk\u00e4rmavbild-2017-06-07-kl.-13.14.26-300x287.png 300w, https:\/\/sven-ove.nu\/wp-content\/uploads\/2017\/06\/Sk\u00e4rmavbild-2017-06-07-kl.-13.14.26.png 471w\" sizes=\"auto, (max-width: 300px) 100vw, 300px\" \/><\/a><span style=\"color: #ff6600;\"><strong>###<\/strong><\/span> Skutberget \u00e4r ett friluftsparadis strax utanf\u00f6r staden, uppbyggt av idealister och sedan dess karlstadsbornas smultronst\u00e4lle vid V\u00e4nern. Nu vill alla partier utom V l\u00e5ta anl\u00e4gga en inh\u00e4gnad Muminv\u00e4rld p\u00e5 omkring <span style=\"color: #0000ff;\"><a style=\"color: #0000ff;\" href=\"https:\/\/www.facebook.com\/photo.php?fbid=10213275605464261&amp;set=gm.1025888394179201&amp;type=3&amp;theater\">40 procent<\/a><\/span> av den aktiva ytan. Intr\u00e4det blir dyrt och ett antal fritidshus\u00e4gare p\u00e5 b\u00e5de \u00f6 och strand vill de vr\u00e4ka.<\/em><\/p>\n<p><em>\u2026 om de nu f\u00e5r som de vill.<\/em><br \/>\n<em> Viktor \u00e4r skeptisk.<\/em><\/p>\n<p><span style=\"color: #0000ff;\"><a style=\"color: #0000ff;\" href=\"https:\/\/sven-ove.nu\/\">Hem<\/a><\/span>\u00a0|\u00a0<span style=\"color: #0000ff;\"><a style=\"color: #0000ff;\" href=\"https:\/\/sven-ove.nu\/?page_id=170\">Om mig<\/a><\/span>\u00a0|\u00a0<span style=\"color: #0000ff;\"><a style=\"color: #0000ff;\" href=\"https:\/\/sven-ove.nu\/?page_id=1385\">Skriva &amp; prata<\/a><\/span>\u00a0|\u00a0<span style=\"color: #0000ff;\"><a style=\"color: #0000ff;\" href=\"https:\/\/sven-ove.nu\/?page_id=100\">Politik<\/a><\/span>\u00a0|\u00a0<span style=\"color: #0000ff;\"><a style=\"color: #0000ff;\" href=\"https:\/\/sven-ove.nu\/?page_id=102\">L\u00f6pa<\/a><\/span>\u00a0|\u00a0<span style=\"color: #0000ff;\"><a style=\"color: #0000ff;\" href=\"https:\/\/sven-ove.nu\/?page_id=108\">Viktor Root<\/a><\/span>\u00a0| <a href=\"https:\/\/sven-ove.nu\/?page_id=15908\"><span style=\"color: #0000ff;\">Firman<\/span>\u00a0<\/a>|\u00a0<span style=\"color: #0000ff;\"><a style=\"color: #0000ff;\" href=\"https:\/\/sven-ove.nu\/?page_id=15638\">K\u00f4ppra<\/a><\/span> <em>(c) Sven-Ove Svensson<\/em><\/p>\n","protected":false},"excerpt":{"rendered":"<p>Glashimmelstorn i d\u00e4 som ble\u2019 kvar n\u00e4r stan brann Stasshuset s\u00e5lt f\u00f6r halve prise\u2019, eftersom di k\u00e4nde k\u00f6per\u2019n \u00e5 ville vare hygglige Staket runt n\u00e4stan halve V\u00e4nerparadiset Skutberget Flere dagsl\u00f6ner i intr\u00e4de innaf\u00f6r stakete\u2019 f\u00f6r en fattig familj m\u00e4 onger Kallstapolitiken \u00e4&#8217; sig lik En f\u00f6rst\u00e5r\u2019n inte Men en f\u00f6rst\u00e5r vilka\u00a0som st\u00e5r f\u00f6r\u2019n Samme personer &hellip; <a href=\"https:\/\/sven-ove.nu\/?p=17956\" class=\"more-link\">Forts\u00e4tt l\u00e4sa <span class=\"screen-reader-text\">Sanningen om utsikten<\/span><\/a><\/p>\n","protected":false},"author":1,"featured_media":0,"comment_status":"open","ping_status":"open","sticky":false,"template":"","format":"standard","meta":{"_crdt_document":"","_monsterinsights_skip_tracking":false,"_monsterinsights_sitenote_active":false,"_monsterinsights_sitenote_note":"","_monsterinsights_sitenote_category":0,"footnotes":""},"categories":[9,11],"tags":[16],"class_list":["post-17956","post","type-post","status-publish","format-standard","hentry","category-politik","category-viktor-root","tag-dumheter"],"_links":{"self":[{"href":"https:\/\/sven-ove.nu\/index.php?rest_route=\/wp\/v2\/posts\/17956","targetHints":{"allow":["GET"]}}],"collection":[{"href":"https:\/\/sven-ove.nu\/index.php?rest_route=\/wp\/v2\/posts"}],"about":[{"href":"https:\/\/sven-ove.nu\/index.php?rest_route=\/wp\/v2\/types\/post"}],"author":[{"embeddable":true,"href":"https:\/\/sven-ove.nu\/index.php?rest_route=\/wp\/v2\/users\/1"}],"replies":[{"embeddable":true,"href":"https:\/\/sven-ove.nu\/index.php?rest_route=%2Fwp%2Fv2%2Fcomments&post=17956"}],"version-history":[{"count":13,"href":"https:\/\/sven-ove.nu\/index.php?rest_route=\/wp\/v2\/posts\/17956\/revisions"}],"predecessor-version":[{"id":17959,"href":"https:\/\/sven-ove.nu\/index.php?rest_route=\/wp\/v2\/posts\/17956\/revisions\/17959"}],"wp:attachment":[{"href":"https:\/\/sven-ove.nu\/index.php?rest_route=%2Fwp%2Fv2%2Fmedia&parent=17956"}],"wp:term":[{"taxonomy":"category","embeddable":true,"href":"https:\/\/sven-ove.nu\/index.php?rest_route=%2Fwp%2Fv2%2Fcategories&post=17956"},{"taxonomy":"post_tag","embeddable":true,"href":"https:\/\/sven-ove.nu\/index.php?rest_route=%2Fwp%2Fv2%2Ftags&post=17956"}],"curies":[{"name":"wp","href":"https:\/\/api.w.org\/{rel}","templated":true}]}}