{"id":17973,"date":"2017-06-09T05:21:23","date_gmt":"2017-06-09T04:21:23","guid":{"rendered":"http:\/\/sven-ove.nu\/?p=17973"},"modified":"2017-06-09T06:34:25","modified_gmt":"2017-06-09T05:34:25","slug":"sjon-som-rann-ut","status":"publish","type":"post","link":"https:\/\/sven-ove.nu\/?p=17973","title":{"rendered":"Sj\u00f6n som rann ut"},"content":{"rendered":"<p><a href=\"https:\/\/sven-ove.nu\/?attachment_id=17975\" rel=\"attachment wp-att-17975\"><img loading=\"lazy\" decoding=\"async\" class=\"size-large wp-image-17975 alignnone\" src=\"https:\/\/sven-ove.nu\/wp-content\/uploads\/2017\/06\/Knutstorpssj\u00f6n-768x1024.jpg\" alt=\"\" width=\"660\" height=\"880\" srcset=\"https:\/\/sven-ove.nu\/wp-content\/uploads\/2017\/06\/Knutstorpssj\u00f6n-768x1024.jpg 768w, https:\/\/sven-ove.nu\/wp-content\/uploads\/2017\/06\/Knutstorpssj\u00f6n-225x300.jpg 225w, https:\/\/sven-ove.nu\/wp-content\/uploads\/2017\/06\/Knutstorpssj\u00f6n.jpg 960w\" sizes=\"auto, (max-width: 660px) 100vw, 660px\" \/><\/a><\/p>\n<p style=\"text-align: right;\"><em>Bilden fr\u00e5n Knutstorpssj\u00f6n, n\u00e4r vi fikar under den gamla vattenytan.<\/em><\/p>\n<blockquote>\n<p style=\"text-align: left;\">Veckans vandring, torsdag:<br \/>\n<strong><br \/>\n<\/strong>B\u00e4verdamm fr\u00e5n nutid och fortfarande n\u00e5gra stubbar kvar fr\u00e5n vintern 1782-83, d\u00e4r Vandraren och jag traskar fram i riset v\u00e4ster om Bak\u00e4lven. I dag vallf\u00e4rdar vi till den utrunna sj\u00f6n Sk\u00e5lsj\u00f6n p\u00e5 gr\u00e4nsen mellan Brunskog och V\u00e4stra \u00c4mtervik. Efter en kilometer hittar vi resterna av Nolby bruk.<\/p>\n<\/blockquote>\n<p>Hammarn fick \u00f6verges n\u00e4r kraftk\u00e4llan f\u00f6rsvann.<\/p>\n<p>G\u00f6ken gal, \u00e4lg och r\u00e5djur har g\u00e5tt f\u00f6re oss p\u00e5 stigen och n\u00e4r vi fikar vid stranden av Knutstorpssj\u00f6n simmar fyra storlommar obekymrat d\u00e4r ute. En av dem ropar vemodigt medan vi tuggar v\u00e5ra ostsm\u00f6rg\u00e5sar och njuter av stillheten. Sj\u00f6n framf\u00f6r oss blev kvar n\u00e4r resten rann ut f\u00f6r snart 235 \u00e5r sedan.<\/p>\n<p>Ett f\u00f6rsiktigt regn f\u00f6ljde oss i b\u00f6rjan av vandringen. Det var inte lika f\u00f6rsiktigt i september 1782. D\u00e5, n\u00e4r bergsmekanikus Bengt Branzell, far till Gustav Fr\u00f6dings farmor, gav order till smederna att gr\u00e4va ett dike \u00f6ver \u00e4ndmor\u00e4nen i s\u00f6der, s\u00e5 inte dammen skulle spr\u00e4ngas.<\/p>\n<p>P\u00e5 kv\u00e4llen kunde de hoppa \u00f6ver diket, morgonen d\u00e4rp\u00e5 satt de vid resterna och gr\u00e4t. Sj\u00f6n hade gr\u00e4vt sig ut genom mor\u00e4nlagren med v\u00e5ldsam kraft, n\u00e4r den fick starthj\u00e4lp. N\u00e5gon kilometer nedstr\u00f6ms fick folk g\u00e4ddor i bakugnarna ber\u00e4ttar s\u00e4gnerna. Vid Bak\u00e4lven byggdes l\u00e5ngt senare en h\u00e4lsobrunn, i tr\u00e4den h\u00e4ngde folk sina kryckor.<\/p>\n<p>Efter v\u00e5r rundvandring st\u00e5r vi vid utloppet och begrundar Sk\u00e5lsj\u00f6ns kraft och smedernas \u00f6de. Runt omkring oss st\u00e5r kolveden t\u00e4t.<\/p>\n<p><a href=\"https:\/\/sven-ove.nu\/?attachment_id=17978\" rel=\"attachment wp-att-17978\"><img loading=\"lazy\" decoding=\"async\" class=\"alignright size-thumbnail wp-image-17978\" src=\"https:\/\/sven-ove.nu\/wp-content\/uploads\/2017\/06\/Liljekonvaljer-150x150.jpg\" alt=\"\" width=\"150\" height=\"150\" \/><\/a>Inte en enda hammare h\u00f6rs dunka.<\/p>\n<p><span style=\"color: #0000ff;\"><a style=\"color: #0000ff;\" href=\"https:\/\/sven-ove.nu\/\">Hem<\/a><\/span>\u00a0|\u00a0<span style=\"color: #0000ff;\"><a style=\"color: #0000ff;\" href=\"https:\/\/sven-ove.nu\/?page_id=170\">Om mig<\/a><\/span>\u00a0|\u00a0<span style=\"color: #0000ff;\"><a style=\"color: #0000ff;\" href=\"https:\/\/sven-ove.nu\/?page_id=1385\">Skriva &amp; prata<\/a><\/span>\u00a0|\u00a0<span style=\"color: #0000ff;\"><a style=\"color: #0000ff;\" href=\"https:\/\/sven-ove.nu\/?page_id=100\">Politik<\/a><\/span>\u00a0|\u00a0<span style=\"color: #0000ff;\"><a style=\"color: #0000ff;\" href=\"https:\/\/sven-ove.nu\/?page_id=102\">L\u00f6pa<\/a><\/span>\u00a0|\u00a0<span style=\"color: #0000ff;\"><a style=\"color: #0000ff;\" href=\"https:\/\/sven-ove.nu\/?page_id=108\">Viktor Root<\/a><\/span>\u00a0| <a href=\"https:\/\/sven-ove.nu\/?page_id=15908\"><span style=\"color: #0000ff;\">Firman<\/span>\u00a0<\/a>|\u00a0<span style=\"color: #0000ff;\"><a style=\"color: #0000ff;\" href=\"https:\/\/sven-ove.nu\/?page_id=15638\">K\u00f4ppra<\/a><\/span> <em>(c) Sven-Ove Svensson<\/em><\/p>\n","protected":false},"excerpt":{"rendered":"<p>Bilden fr\u00e5n Knutstorpssj\u00f6n, n\u00e4r vi fikar under den gamla vattenytan. Veckans vandring, torsdag: B\u00e4verdamm fr\u00e5n nutid och fortfarande n\u00e5gra stubbar kvar fr\u00e5n vintern 1782-83, d\u00e4r Vandraren och jag traskar fram i riset v\u00e4ster om Bak\u00e4lven. I dag vallf\u00e4rdar vi till den utrunna sj\u00f6n Sk\u00e5lsj\u00f6n p\u00e5 gr\u00e4nsen mellan Brunskog och V\u00e4stra \u00c4mtervik. Efter en kilometer hittar &hellip; <a href=\"https:\/\/sven-ove.nu\/?p=17973\" class=\"more-link\">Forts\u00e4tt l\u00e4sa <span class=\"screen-reader-text\">Sj\u00f6n som rann ut<\/span><\/a><\/p>\n","protected":false},"author":1,"featured_media":0,"comment_status":"open","ping_status":"open","sticky":false,"template":"","format":"standard","meta":{"_crdt_document":"","_monsterinsights_skip_tracking":false,"_monsterinsights_sitenote_active":false,"_monsterinsights_sitenote_note":"","_monsterinsights_sitenote_category":0,"footnotes":""},"categories":[6],"tags":[3,8,25],"class_list":["post-17973","post","type-post","status-publish","format-standard","hentry","category-natur","tag-arbete","tag-historia","tag-kartan"],"_links":{"self":[{"href":"https:\/\/sven-ove.nu\/index.php?rest_route=\/wp\/v2\/posts\/17973","targetHints":{"allow":["GET"]}}],"collection":[{"href":"https:\/\/sven-ove.nu\/index.php?rest_route=\/wp\/v2\/posts"}],"about":[{"href":"https:\/\/sven-ove.nu\/index.php?rest_route=\/wp\/v2\/types\/post"}],"author":[{"embeddable":true,"href":"https:\/\/sven-ove.nu\/index.php?rest_route=\/wp\/v2\/users\/1"}],"replies":[{"embeddable":true,"href":"https:\/\/sven-ove.nu\/index.php?rest_route=%2Fwp%2Fv2%2Fcomments&post=17973"}],"version-history":[{"count":5,"href":"https:\/\/sven-ove.nu\/index.php?rest_route=\/wp\/v2\/posts\/17973\/revisions"}],"predecessor-version":[{"id":17980,"href":"https:\/\/sven-ove.nu\/index.php?rest_route=\/wp\/v2\/posts\/17973\/revisions\/17980"}],"wp:attachment":[{"href":"https:\/\/sven-ove.nu\/index.php?rest_route=%2Fwp%2Fv2%2Fmedia&parent=17973"}],"wp:term":[{"taxonomy":"category","embeddable":true,"href":"https:\/\/sven-ove.nu\/index.php?rest_route=%2Fwp%2Fv2%2Fcategories&post=17973"},{"taxonomy":"post_tag","embeddable":true,"href":"https:\/\/sven-ove.nu\/index.php?rest_route=%2Fwp%2Fv2%2Ftags&post=17973"}],"curies":[{"name":"wp","href":"https:\/\/api.w.org\/{rel}","templated":true}]}}