{"id":17989,"date":"2017-06-13T04:00:51","date_gmt":"2017-06-13T03:00:51","guid":{"rendered":"http:\/\/sven-ove.nu\/?p=17989"},"modified":"2017-06-12T19:28:22","modified_gmt":"2017-06-12T18:28:22","slug":"rapport-fran-ett-skithus","status":"publish","type":"post","link":"https:\/\/sven-ove.nu\/?p=17989","title":{"rendered":"Rapport fr\u00e5n ett skithus"},"content":{"rendered":"<p><a href=\"https:\/\/sven-ove.nu\/?attachment_id=17993\" rel=\"attachment wp-att-17993\"><img loading=\"lazy\" decoding=\"async\" class=\"size-full wp-image-17993 alignnone\" src=\"https:\/\/sven-ove.nu\/wp-content\/uploads\/2017\/06\/Kotten.png\" alt=\"\" width=\"498\" height=\"500\" srcset=\"https:\/\/sven-ove.nu\/wp-content\/uploads\/2017\/06\/Kotten.png 498w, https:\/\/sven-ove.nu\/wp-content\/uploads\/2017\/06\/Kotten-150x150.png 150w, https:\/\/sven-ove.nu\/wp-content\/uploads\/2017\/06\/Kotten-300x300.png 300w\" sizes=\"auto, (max-width: 498px) 100vw, 498px\" \/><\/a><\/p>\n<blockquote><p>V\u00e5rt f\u00f6rr\u00e5d mellan garaget och huset har f\u00f6rvandlats till skithus. N\u00e5, det \u00e4r k\u00e4rt besv\u00e4r, f\u00f6r han som anv\u00e4nder det har 15 000 taggar. Eller 16 000, jag har sett olika uppgifter.<\/p><\/blockquote>\n<p>N\u00e4r han lufsar runt i v\u00e5r tr\u00e4dg\u00e5rd och p\u00e5 tr\u00e4trallen intill f\u00f6rr\u00e5det ser han alldeles f\u00f6r tjock och frodig ut, men v\u00e4l vid f\u00f6rr\u00e5dsd\u00f6rren slinker han smidigt in mellan d\u00f6rr och trall. 45 millimeter h\u00f6g springa r\u00e4cker mer \u00e4n v\u00e4l.<\/p>\n<p>Vi matar honom inte, definitiv inte med mj\u00f6lk, maten hittar han sj\u00e4lv p\u00e5 trakten. \u00a0Sniglar, maskar, insekter, reptiler, amfibier och mycket annat g\u00f4tt tycker han om, l\u00e4ser jag.<\/p>\n<p>Amfibier? P\u00e5 s\u00e5 s\u00e4tt.<\/p>\n<p><strong>G\u00e4lla skrik och oblodiga fajter<br \/>\n<\/strong>Vi tror det \u00e4r en han. Han muttrar och sn\u00f6rvlar ungef\u00e4r som undertecknad n\u00e4r han \u00e4r p\u00e5 det hum\u00f6ret. Ibland kan de h\u00e4va upp g\u00e4lla skrik ocks\u00e5, har jag f\u00f6rst\u00e5tt, men det har inte v\u00e5r v\u00e4n beh\u00f6vt ta till \u00e4n s\u00e5 l\u00e4nge.<\/p>\n<p>Inte jag heller sen Frankrike-matchen.<\/p>\n<p>Hanarnas oblodiga k\u00e4mpalekar under parningstiden skulle jag g\u00e4rna vilja se. Hur sl\u00e5ss en arg testosteronigelkott &#8211; utan att spilla blod? Jag tror de har v\u00e4ldigt tydliga regler.<\/p>\n<p>Hoppas vi kan l\u00e4ra honom tycka om spansk skogssnigel. Vi har n\u00e5gra stycken \u00f6ver som han kan f\u00e5.<\/p>\n<p>&#8211; Kolla borte ve&#8217; b\u00e4cken. Di \u00e4 g\u00f4rgoe.<\/p>\n<p><span style=\"color: #0000ff;\"><a style=\"color: #0000ff;\" href=\"https:\/\/sven-ove.nu\/\">Hem<\/a><\/span>\u00a0|\u00a0<span style=\"color: #0000ff;\"><a style=\"color: #0000ff;\" href=\"https:\/\/sven-ove.nu\/?page_id=170\">Om mig<\/a><\/span>\u00a0|\u00a0<span style=\"color: #0000ff;\"><a style=\"color: #0000ff;\" href=\"https:\/\/sven-ove.nu\/?page_id=1385\">Skriva &amp; prata<\/a><\/span>\u00a0|\u00a0<span style=\"color: #0000ff;\"><a style=\"color: #0000ff;\" href=\"https:\/\/sven-ove.nu\/?page_id=100\">Politik<\/a><\/span>\u00a0|\u00a0<span style=\"color: #0000ff;\"><a style=\"color: #0000ff;\" href=\"https:\/\/sven-ove.nu\/?page_id=102\">L\u00f6pa<\/a><\/span>\u00a0|\u00a0<span style=\"color: #0000ff;\"><a style=\"color: #0000ff;\" href=\"https:\/\/sven-ove.nu\/?page_id=108\">Viktor Root<\/a><\/span>\u00a0| <a href=\"https:\/\/sven-ove.nu\/?page_id=15908\"><span style=\"color: #0000ff;\">Firman<\/span>\u00a0<\/a>|\u00a0<span style=\"color: #0000ff;\"><a style=\"color: #0000ff;\" href=\"https:\/\/sven-ove.nu\/?page_id=15638\">K\u00f4ppra<\/a><\/span> <em>(c) Sven-Ove Svensson<\/em><\/p>\n","protected":false},"excerpt":{"rendered":"<p>V\u00e5rt f\u00f6rr\u00e5d mellan garaget och huset har f\u00f6rvandlats till skithus. N\u00e5, det \u00e4r k\u00e4rt besv\u00e4r, f\u00f6r han som anv\u00e4nder det har 15 000 taggar. Eller 16 000, jag har sett olika uppgifter. N\u00e4r han lufsar runt i v\u00e5r tr\u00e4dg\u00e5rd och p\u00e5 tr\u00e4trallen intill f\u00f6rr\u00e5det ser han alldeles f\u00f6r tjock och frodig ut, men v\u00e4l vid &hellip; <a href=\"https:\/\/sven-ove.nu\/?p=17989\" class=\"more-link\">Forts\u00e4tt l\u00e4sa <span class=\"screen-reader-text\">Rapport fr\u00e5n ett skithus<\/span><\/a><\/p>\n","protected":false},"author":1,"featured_media":0,"comment_status":"open","ping_status":"open","sticky":false,"template":"","format":"standard","meta":{"_crdt_document":"","_monsterinsights_skip_tracking":false,"_monsterinsights_sitenote_active":false,"_monsterinsights_sitenote_note":"","_monsterinsights_sitenote_category":0,"footnotes":""},"categories":[6],"tags":[24],"class_list":["post-17989","post","type-post","status-publish","format-standard","hentry","category-natur","tag-karlek"],"_links":{"self":[{"href":"https:\/\/sven-ove.nu\/index.php?rest_route=\/wp\/v2\/posts\/17989","targetHints":{"allow":["GET"]}}],"collection":[{"href":"https:\/\/sven-ove.nu\/index.php?rest_route=\/wp\/v2\/posts"}],"about":[{"href":"https:\/\/sven-ove.nu\/index.php?rest_route=\/wp\/v2\/types\/post"}],"author":[{"embeddable":true,"href":"https:\/\/sven-ove.nu\/index.php?rest_route=\/wp\/v2\/users\/1"}],"replies":[{"embeddable":true,"href":"https:\/\/sven-ove.nu\/index.php?rest_route=%2Fwp%2Fv2%2Fcomments&post=17989"}],"version-history":[{"count":9,"href":"https:\/\/sven-ove.nu\/index.php?rest_route=\/wp\/v2\/posts\/17989\/revisions"}],"predecessor-version":[{"id":17999,"href":"https:\/\/sven-ove.nu\/index.php?rest_route=\/wp\/v2\/posts\/17989\/revisions\/17999"}],"wp:attachment":[{"href":"https:\/\/sven-ove.nu\/index.php?rest_route=%2Fwp%2Fv2%2Fmedia&parent=17989"}],"wp:term":[{"taxonomy":"category","embeddable":true,"href":"https:\/\/sven-ove.nu\/index.php?rest_route=%2Fwp%2Fv2%2Fcategories&post=17989"},{"taxonomy":"post_tag","embeddable":true,"href":"https:\/\/sven-ove.nu\/index.php?rest_route=%2Fwp%2Fv2%2Ftags&post=17989"}],"curies":[{"name":"wp","href":"https:\/\/api.w.org\/{rel}","templated":true}]}}