{"id":18000,"date":"2017-06-14T03:00:42","date_gmt":"2017-06-14T02:00:42","guid":{"rendered":"http:\/\/sven-ove.nu\/?p=18000"},"modified":"2017-06-13T18:56:51","modified_gmt":"2017-06-13T17:56:51","slug":"jag-ar-kar-hang-med-det-ar-brattom","status":"publish","type":"post","link":"https:\/\/sven-ove.nu\/?p=18000","title":{"rendered":"Jag \u00e4r k\u00e4r! H\u00e4ng med, det \u00e4r br\u00e5ttom!"},"content":{"rendered":"<p><img loading=\"lazy\" decoding=\"async\" class=\"size-full wp-image-18015 alignnone\" src=\"https:\/\/sven-ove.nu\/wp-content\/uploads\/2017\/06\/Utsikt-s\u00f6derut.jpg\" alt=\"\" width=\"427\" height=\"640\" srcset=\"https:\/\/sven-ove.nu\/wp-content\/uploads\/2017\/06\/Utsikt-s\u00f6derut.jpg 427w, https:\/\/sven-ove.nu\/wp-content\/uploads\/2017\/06\/Utsikt-s\u00f6derut-200x300.jpg 200w\" sizes=\"auto, (max-width: 427px) 100vw, 427px\" \/><\/p>\n<blockquote><p>Jag \u00e4r k\u00e4r, riktigt nyk\u00e4r. I ett torn &#8211; men inte vilket torn som helst. Forshagas ber\u00f6mda God Helg-torn.<\/p><\/blockquote>\n<p>Kommunen s\u00e4ljer det och i g\u00e5r var jag p\u00e5 visning. Tornet och jag har varit v\u00e4nner l\u00e4nge men klockan 16.01 denna tisdag sa det klick. Jag hoppas S\u00c5 det var \u00f6msesidigt.<\/p>\n<p><a href=\"https:\/\/sven-ove.nu\/?attachment_id=18007\" rel=\"attachment wp-att-18007\"><img loading=\"lazy\" decoding=\"async\" class=\"alignright size-medium wp-image-18007\" src=\"https:\/\/sven-ove.nu\/wp-content\/uploads\/2017\/06\/God-Helg-tornet-i-gr\u00f6nska-200x300.jpg\" alt=\"\" width=\"200\" height=\"300\" srcset=\"https:\/\/sven-ove.nu\/wp-content\/uploads\/2017\/06\/God-Helg-tornet-i-gr\u00f6nska-200x300.jpg 200w, https:\/\/sven-ove.nu\/wp-content\/uploads\/2017\/06\/God-Helg-tornet-i-gr\u00f6nska.jpg 427w\" sizes=\"auto, (max-width: 200px) 100vw, 200px\" \/><\/a>Tre v\u00e5ningar, var och en p\u00e5 38 kvadrat och s\u00e5d\u00e4r en 4-5 meters takh\u00f6jd. Forshagas vackraste f\u00f6nster och finaste historia. Vi blir glada varje g\u00e5ng God Helg-skylten t\u00e4nds, f\u00f6r d\u00e5 vet vi s\u00e4kert att det \u00e4r helg. Den har lyst \u00f6ver v\u00e5r t\u00e4tort i generationer.<\/p>\n<p><strong>Min vision<br \/>\n<\/strong>Jag ser konsthantverkare i arbete, jag ser utst\u00e4llningar av konst och annat, upptr\u00e4danden med och utan gitarr, kaffeservering, glass, b\u00f6cker, p\u00e4rlskulpturer fr\u00e5n Sydafrika (vi k\u00e4nner folk som s\u00e4ljer s\u00e5dana av solidaritet), nysydda m\u00f6ssor fr\u00e5n svensk v\u00e4stkust (vi k\u00e4nner de m\u00f6ssorna med), ull och yllegrejor (du vet vem jag menar Cissi) och mycket annat. Sy-LAN, lokalt dreamhack (vad nu det \u00e4r f\u00f6r n\u00e5t), kurser, fj\u00e4rilsf\u00f6redrag av V\u00e4rmlands fr\u00e4mste fj\u00e4rilsfotograf och -expert (min v\u00e4n Vandraren), glaskonst av ovanligt slag (du vet vem jag menar Daniel), gl\u00f6gg till skylts\u00f6ndan och \u00f6verst en skrivarvr\u00e5 eller tv\u00e5. Inredd s\u00e5 en kan bo d\u00e4r.<\/p>\n<p>Pokemons finns f\u00f6rresten redan p\u00e5 plats.<\/p>\n<p>Sj\u00e4lv hotar jag redan att k\u00e5sera d\u00e4r varje fredagkv\u00e4ll, tills publiken b\u00e4r ut mig. L\u00e4sa f\u00e4rska texter har jag fler v\u00e4nner (och \u00e4nnu oblivna v\u00e4nner) som kan g\u00f6ra. Viktor Root har redan lovat st\u00e4lla upp med n\u00e5t f\u00e4rskt.<\/p>\n<p><strong>Mecenat eller samverkan mellan likasinnade<br \/>\n<\/strong>Allts\u00e5: endera beh\u00f6ver jag en rik mecenat i sina b\u00e4sta \u00e5r. Men helst 25 likasinnade som g\u00e5r ihop och k\u00f6per st\u00e4llet och renoverar det tillsammans med oss. Kommunen som s\u00e4ljer vill f\u00f6rresten att vi ser till att g\u00f6ra tornet offentligt ibland, det \u00e4r ett av villkoren i f\u00f6rs\u00e4ljningen.<\/p>\n<p>H\u00f6r av er. Det \u00e4r br\u00e5ttom, anbudet m\u00e5ste vara inne snart.<\/p>\n<p><strong>Min dr\u00f6m<br \/>\n<\/strong>\u00d6ppning f\u00f6r allm\u00e4nheten i juni 2018. Smyg\u00f6ppning till skylts\u00f6ndan i december. D\u00e5 ska jag l\u00e4sa n\u00e5t sn\u00e4llt om tomtar jag minns och vi kommer att elda utanf\u00f6r i en s\u00e5n d\u00e4r eldkorg. Samt s\u00e4lja vackra ting. N\u00e4mnde jag den alkoholfria gl\u00f6ggen?<\/p>\n<p>Tjohoo!<\/p>\n<p><a href=\"https:\/\/sven-ove.nu\/?attachment_id=18009\" rel=\"attachment wp-att-18009\"><img loading=\"lazy\" decoding=\"async\" class=\"size-full wp-image-18009 alignnone\" src=\"https:\/\/sven-ove.nu\/wp-content\/uploads\/2017\/06\/Tornet-i-milj\u00f6.jpg\" alt=\"\" width=\"640\" height=\"427\" srcset=\"https:\/\/sven-ove.nu\/wp-content\/uploads\/2017\/06\/Tornet-i-milj\u00f6.jpg 640w, https:\/\/sven-ove.nu\/wp-content\/uploads\/2017\/06\/Tornet-i-milj\u00f6-300x200.jpg 300w\" sizes=\"auto, (max-width: 640px) 100vw, 640px\" \/><\/a><\/p>\n<p><img loading=\"lazy\" decoding=\"async\" class=\"size-medium wp-image-18014 alignleft\" src=\"https:\/\/sven-ove.nu\/wp-content\/uploads\/2017\/06\/D\u00f6rren-200x300.jpg\" alt=\"\" width=\"200\" height=\"300\" srcset=\"https:\/\/sven-ove.nu\/wp-content\/uploads\/2017\/06\/D\u00f6rren-200x300.jpg 200w, https:\/\/sven-ove.nu\/wp-content\/uploads\/2017\/06\/D\u00f6rren.jpg 427w\" sizes=\"auto, (max-width: 200px) 100vw, 200px\" \/><img loading=\"lazy\" decoding=\"async\" class=\"size-medium wp-image-18010 alignleft\" src=\"https:\/\/sven-ove.nu\/wp-content\/uploads\/2017\/06\/Bottenv\u00e5ningen-200x300.jpg\" alt=\"\" width=\"200\" height=\"300\" srcset=\"https:\/\/sven-ove.nu\/wp-content\/uploads\/2017\/06\/Bottenv\u00e5ningen-200x300.jpg 200w, https:\/\/sven-ove.nu\/wp-content\/uploads\/2017\/06\/Bottenv\u00e5ningen.jpg 427w\" sizes=\"auto, (max-width: 200px) 100vw, 200px\" \/><\/p>\n<p><a href=\"https:\/\/sven-ove.nu\/?attachment_id=18011\" rel=\"attachment wp-att-18011\"><img loading=\"lazy\" decoding=\"async\" class=\"size-medium wp-image-18011 alignnone\" src=\"https:\/\/sven-ove.nu\/wp-content\/uploads\/2017\/06\/Byggt-1910-300x200.jpg\" alt=\"\" width=\"300\" height=\"200\" srcset=\"https:\/\/sven-ove.nu\/wp-content\/uploads\/2017\/06\/Byggt-1910-300x200.jpg 300w, https:\/\/sven-ove.nu\/wp-content\/uploads\/2017\/06\/Byggt-1910.jpg 640w\" sizes=\"auto, (max-width: 300px) 100vw, 300px\" \/><\/a><\/p>\n<p><a href=\"https:\/\/sven-ove.nu\/?attachment_id=18012\" rel=\"attachment wp-att-18012\"><img loading=\"lazy\" decoding=\"async\" class=\"size-medium wp-image-18012 alignleft\" src=\"https:\/\/sven-ove.nu\/wp-content\/uploads\/2017\/06\/Travers-finnes-200x300.jpg\" alt=\"\" width=\"200\" height=\"300\" srcset=\"https:\/\/sven-ove.nu\/wp-content\/uploads\/2017\/06\/Travers-finnes-200x300.jpg 200w, https:\/\/sven-ove.nu\/wp-content\/uploads\/2017\/06\/Travers-finnes.jpg 427w\" sizes=\"auto, (max-width: 200px) 100vw, 200px\" \/><img loading=\"lazy\" decoding=\"async\" class=\"size-medium wp-image-18013 alignleft\" src=\"https:\/\/sven-ove.nu\/wp-content\/uploads\/2017\/06\/Vackra-f\u00f6nster-200x300.jpg\" alt=\"\" width=\"200\" height=\"300\" srcset=\"https:\/\/sven-ove.nu\/wp-content\/uploads\/2017\/06\/Vackra-f\u00f6nster-200x300.jpg 200w, https:\/\/sven-ove.nu\/wp-content\/uploads\/2017\/06\/Vackra-f\u00f6nster.jpg 427w\" sizes=\"auto, (max-width: 200px) 100vw, 200px\" \/><\/a><\/p>\n<p><img loading=\"lazy\" decoding=\"async\" class=\"size-full wp-image-18005 alignnone\" src=\"https:\/\/sven-ove.nu\/wp-content\/uploads\/2017\/06\/Utsikt-mot-Forshaga.jpg\" alt=\"\" width=\"640\" height=\"427\" srcset=\"https:\/\/sven-ove.nu\/wp-content\/uploads\/2017\/06\/Utsikt-mot-Forshaga.jpg 640w, https:\/\/sven-ove.nu\/wp-content\/uploads\/2017\/06\/Utsikt-mot-Forshaga-300x200.jpg 300w\" sizes=\"auto, (max-width: 640px) 100vw, 640px\" \/><\/p>\n<p><span style=\"color: #0000ff;\"><a style=\"color: #0000ff;\" href=\"https:\/\/sven-ove.nu\/\">Hem<\/a><\/span>\u00a0|\u00a0<span style=\"color: #0000ff;\"><a style=\"color: #0000ff;\" href=\"https:\/\/sven-ove.nu\/?page_id=170\">Om mig<\/a><\/span>\u00a0|\u00a0<span style=\"color: #0000ff;\"><a style=\"color: #0000ff;\" href=\"https:\/\/sven-ove.nu\/?page_id=1385\">Skriva &amp; prata<\/a><\/span>\u00a0|\u00a0<span style=\"color: #0000ff;\"><a style=\"color: #0000ff;\" href=\"https:\/\/sven-ove.nu\/?page_id=100\">Politik<\/a><\/span>\u00a0|\u00a0<span style=\"color: #0000ff;\"><a style=\"color: #0000ff;\" href=\"https:\/\/sven-ove.nu\/?page_id=102\">L\u00f6pa<\/a><\/span>\u00a0|\u00a0<span style=\"color: #0000ff;\"><a style=\"color: #0000ff;\" href=\"https:\/\/sven-ove.nu\/?page_id=108\">Viktor Root<\/a>\u00a0<\/span>| <a href=\"https:\/\/sven-ove.nu\/?page_id=15908\"><span style=\"color: #0000ff;\">Firman<\/span>\u00a0<\/a>|\u00a0<span style=\"color: #0000ff;\"><a style=\"color: #0000ff;\" href=\"https:\/\/sven-ove.nu\/?page_id=15638\">K\u00f4ppra<\/a><\/span> <em>(c) Sven-Ove Svensson<\/em><\/p>\n","protected":false},"excerpt":{"rendered":"<p>Jag \u00e4r k\u00e4r, riktigt nyk\u00e4r. I ett torn &#8211; men inte vilket torn som helst. Forshagas ber\u00f6mda God Helg-torn. Kommunen s\u00e4ljer det och i g\u00e5r var jag p\u00e5 visning. Tornet och jag har varit v\u00e4nner l\u00e4nge men klockan 16.01 denna tisdag sa det klick. Jag hoppas S\u00c5 det var \u00f6msesidigt. Tre v\u00e5ningar, var och en &hellip; <a href=\"https:\/\/sven-ove.nu\/?p=18000\" class=\"more-link\">Forts\u00e4tt l\u00e4sa <span class=\"screen-reader-text\">Jag \u00e4r k\u00e4r! H\u00e4ng med, det \u00e4r br\u00e5ttom!<\/span><\/a><\/p>\n","protected":false},"author":1,"featured_media":0,"comment_status":"open","ping_status":"open","sticky":false,"template":"","format":"standard","meta":{"_crdt_document":"","_monsterinsights_skip_tracking":false,"_monsterinsights_sitenote_active":false,"_monsterinsights_sitenote_note":"","_monsterinsights_sitenote_category":0,"footnotes":""},"categories":[28,4,11],"tags":[3,8,24,21,17],"class_list":["post-18000","post","type-post","status-publish","format-standard","hentry","category-kreativt-folk","category-skrivande","category-viktor-root","tag-arbete","tag-historia","tag-karlek","tag-ord","tag-solidaritet"],"_links":{"self":[{"href":"https:\/\/sven-ove.nu\/index.php?rest_route=\/wp\/v2\/posts\/18000","targetHints":{"allow":["GET"]}}],"collection":[{"href":"https:\/\/sven-ove.nu\/index.php?rest_route=\/wp\/v2\/posts"}],"about":[{"href":"https:\/\/sven-ove.nu\/index.php?rest_route=\/wp\/v2\/types\/post"}],"author":[{"embeddable":true,"href":"https:\/\/sven-ove.nu\/index.php?rest_route=\/wp\/v2\/users\/1"}],"replies":[{"embeddable":true,"href":"https:\/\/sven-ove.nu\/index.php?rest_route=%2Fwp%2Fv2%2Fcomments&post=18000"}],"version-history":[{"count":13,"href":"https:\/\/sven-ove.nu\/index.php?rest_route=\/wp\/v2\/posts\/18000\/revisions"}],"predecessor-version":[{"id":18002,"href":"https:\/\/sven-ove.nu\/index.php?rest_route=\/wp\/v2\/posts\/18000\/revisions\/18002"}],"wp:attachment":[{"href":"https:\/\/sven-ove.nu\/index.php?rest_route=%2Fwp%2Fv2%2Fmedia&parent=18000"}],"wp:term":[{"taxonomy":"category","embeddable":true,"href":"https:\/\/sven-ove.nu\/index.php?rest_route=%2Fwp%2Fv2%2Fcategories&post=18000"},{"taxonomy":"post_tag","embeddable":true,"href":"https:\/\/sven-ove.nu\/index.php?rest_route=%2Fwp%2Fv2%2Ftags&post=18000"}],"curies":[{"name":"wp","href":"https:\/\/api.w.org\/{rel}","templated":true}]}}