{"id":1801,"date":"2012-04-12T05:00:27","date_gmt":"2012-04-12T04:00:27","guid":{"rendered":"http:\/\/sven-ove.nu\/?p=1801"},"modified":"2012-04-13T00:07:17","modified_gmt":"2012-04-12T23:07:17","slug":"borja-i-norra-rada","status":"publish","type":"post","link":"https:\/\/sven-ove.nu\/?p=1801","title":{"rendered":"B\u00f6rja i Norra R\u00e5da"},"content":{"rendered":"<p>Vaknar och minns en dr\u00f6m f\u00f6r ovanlighetens skull. Jag har just skrivit ett blogginl\u00e4gg i dr\u00f6mmen:<\/p>\n<p><em>Det \u00e4r f\u00f6rsta dagen p\u00e5 f\u00f6rsta sommarvikariatet som lokalredakt\u00f6r i Munkfors 1974. \u00c4ntligen journalist.<\/em><\/p>\n<p><em>&#8211; Jag ska f\u00f6r\u00e4ndra v\u00e4rlden, s\u00e4ger jag i telefon till chefen nere p\u00e5 centralredaktionen, Allan Jonsson.<\/em><\/p>\n<p><em>&#8211; Bra, s\u00e4ger Allan. D\u00e5 kan du b\u00f6rja i Norra R\u00e5da.<\/em><\/p>\n<p><em>Hembygdsveckan Klarh\u00e4lja. G\u00f6r ett personportr\u00e4tt p\u00e5 en hantverkare varje dag, och en nyhetstext, s\u00e4ger han.<\/em><\/p>\n<p>K\u00e4ra n\u00e5n, nu b\u00f6rjar jag upprepa mina gamla scenk\u00e5serier i dr\u00f6mmen ocks\u00e5. R\u00e4cker det inte med att jag ber\u00e4ttar alla anekdoter p\u00e5 jobbet tre g\u00e5nger och tror att varje g\u00e5ng \u00e4r den f\u00f6rsta? S\u00e5 d\u00e4r som herrar g\u00f6r n\u00e4r de \u00e4r mellan 60 och 62.<\/p>\n<p>Men Allan hade r\u00e4tt. F\u00f6r den som ska f\u00f6r\u00e4ndra v\u00e4rlden \u00e4r K\u00e4rn\u00e5sen, Norra R\u00e5da, en utm\u00e4rkt plats att b\u00f6rja p\u00e5. Sista kv\u00e4llen s\u00e5g jag lysmaskar i bj\u00f6rksluttningen ner mot tj\u00e4rnet. Stigen lyste.<\/p>\n<p>L\u00e5ngt senare fick jag spela en av smederna i \u00c4lvdalssagan p\u00e5 K\u00e4rn\u00e5sen. St\u00e5hl. Han hade beh\u00f6vt en b\u00e4ttre v\u00e4rld. Om stigen lyste d\u00e5, det vet jag inte.<\/p>\n<p>&nbsp;<\/p>\n<p><a href=\"https:\/\/sven-ove.nu\/wp-content\/uploads\/2012\/04\/Smed-i-\u00c4lvdalssagan.jpg\"><img loading=\"lazy\" decoding=\"async\" class=\"alignleft size-medium wp-image-1802\" title=\"Smed i \u00c4lvdalssagan\" src=\"https:\/\/sven-ove.nu\/wp-content\/uploads\/2012\/04\/Smed-i-\u00c4lvdalssagan-200x300.jpg\" alt=\"\" width=\"200\" height=\"300\" srcset=\"https:\/\/sven-ove.nu\/wp-content\/uploads\/2012\/04\/Smed-i-\u00c4lvdalssagan-200x300.jpg 200w, https:\/\/sven-ove.nu\/wp-content\/uploads\/2012\/04\/Smed-i-\u00c4lvdalssagan-682x1024.jpg 682w\" sizes=\"auto, (max-width: 200px) 100vw, 200px\" \/><\/a><\/p>\n<p>&nbsp;<\/p>\n<p>&nbsp;<\/p>\n<p>&nbsp;<\/p>\n<p>&nbsp;<\/p>\n<p>&nbsp;<\/p>\n<p><em>Bilden: Bloggaren som smed i \u00c4lvdalssagan.<\/em><\/p>\n<p>&nbsp;<\/p>\n<p>&nbsp;<\/p>\n<p><em>Gillar mitt eget blogginl\u00e4gg? Nja, jag testar Gilla- och Dela-knappar. Provar engelska \u00e4n s\u00e5 l\u00e4nge, eftersom de svenska jag hittar fungerar d\u00e5ligt.<\/em><\/p>\n<p><em><br \/>\n<\/em><\/p>\n","protected":false},"excerpt":{"rendered":"<p>Vaknar och minns en dr\u00f6m f\u00f6r ovanlighetens skull. Jag har just skrivit ett blogginl\u00e4gg i dr\u00f6mmen: Det \u00e4r f\u00f6rsta dagen p\u00e5 f\u00f6rsta sommarvikariatet som lokalredakt\u00f6r i Munkfors 1974. \u00c4ntligen journalist. &#8211; Jag ska f\u00f6r\u00e4ndra v\u00e4rlden, s\u00e4ger jag i telefon till chefen nere p\u00e5 centralredaktionen, Allan Jonsson. &#8211; Bra, s\u00e4ger Allan. D\u00e5 kan du b\u00f6rja i &hellip; <a href=\"https:\/\/sven-ove.nu\/?p=1801\" class=\"more-link\">Forts\u00e4tt l\u00e4sa <span class=\"screen-reader-text\">B\u00f6rja i Norra R\u00e5da<\/span><\/a><\/p>\n","protected":false},"author":1,"featured_media":0,"comment_status":"open","ping_status":"open","sticky":false,"template":"","format":"standard","meta":{"_crdt_document":"","_monsterinsights_skip_tracking":false,"_monsterinsights_sitenote_active":false,"_monsterinsights_sitenote_note":"","_monsterinsights_sitenote_category":0,"footnotes":""},"categories":[4],"tags":[3,8,15,17],"class_list":["post-1801","post","type-post","status-publish","format-standard","hentry","category-skrivande","tag-arbete","tag-historia","tag-mediedjungeln","tag-solidaritet"],"_links":{"self":[{"href":"https:\/\/sven-ove.nu\/index.php?rest_route=\/wp\/v2\/posts\/1801","targetHints":{"allow":["GET"]}}],"collection":[{"href":"https:\/\/sven-ove.nu\/index.php?rest_route=\/wp\/v2\/posts"}],"about":[{"href":"https:\/\/sven-ove.nu\/index.php?rest_route=\/wp\/v2\/types\/post"}],"author":[{"embeddable":true,"href":"https:\/\/sven-ove.nu\/index.php?rest_route=\/wp\/v2\/users\/1"}],"replies":[{"embeddable":true,"href":"https:\/\/sven-ove.nu\/index.php?rest_route=%2Fwp%2Fv2%2Fcomments&post=1801"}],"version-history":[{"count":11,"href":"https:\/\/sven-ove.nu\/index.php?rest_route=\/wp\/v2\/posts\/1801\/revisions"}],"predecessor-version":[{"id":1804,"href":"https:\/\/sven-ove.nu\/index.php?rest_route=\/wp\/v2\/posts\/1801\/revisions\/1804"}],"wp:attachment":[{"href":"https:\/\/sven-ove.nu\/index.php?rest_route=%2Fwp%2Fv2%2Fmedia&parent=1801"}],"wp:term":[{"taxonomy":"category","embeddable":true,"href":"https:\/\/sven-ove.nu\/index.php?rest_route=%2Fwp%2Fv2%2Fcategories&post=1801"},{"taxonomy":"post_tag","embeddable":true,"href":"https:\/\/sven-ove.nu\/index.php?rest_route=%2Fwp%2Fv2%2Ftags&post=1801"}],"curies":[{"name":"wp","href":"https:\/\/api.w.org\/{rel}","templated":true}]}}