{"id":18032,"date":"2017-06-24T03:00:59","date_gmt":"2017-06-24T02:00:59","guid":{"rendered":"http:\/\/sven-ove.nu\/?p=18032"},"modified":"2017-06-26T08:15:00","modified_gmt":"2017-06-26T07:15:00","slug":"18032","status":"publish","type":"post","link":"https:\/\/sven-ove.nu\/?p=18032","title":{"rendered":"Min hyllning till h\u00e4ndernas m\u00f6jlighet"},"content":{"rendered":"<p>&nbsp;<\/p>\n<p><a href=\"https:\/\/sven-ove.nu\/?attachment_id=18035\" rel=\"attachment wp-att-18035\"><img loading=\"lazy\" decoding=\"async\" class=\"size-large wp-image-18035 alignnone\" src=\"https:\/\/sven-ove.nu\/wp-content\/uploads\/2017\/06\/M\u00e5lar-1024x1024.jpg\" alt=\"\" width=\"660\" height=\"660\" srcset=\"https:\/\/sven-ove.nu\/wp-content\/uploads\/2017\/06\/M\u00e5lar-1024x1024.jpg 1024w, https:\/\/sven-ove.nu\/wp-content\/uploads\/2017\/06\/M\u00e5lar-150x150.jpg 150w, https:\/\/sven-ove.nu\/wp-content\/uploads\/2017\/06\/M\u00e5lar-300x300.jpg 300w, https:\/\/sven-ove.nu\/wp-content\/uploads\/2017\/06\/M\u00e5lar-768x768.jpg 768w, https:\/\/sven-ove.nu\/wp-content\/uploads\/2017\/06\/M\u00e5lar.jpg 1280w\" sizes=\"auto, (max-width: 660px) 100vw, 660px\" \/><\/a><\/p>\n<p style=\"padding-left: 30px;\"><em>Kv\u00e4llsm\u00e5lning. Finns det n\u00e5got folk i v\u00e4rlden som bor s\u00e5 mycket som vi svenskar?<\/em><\/p>\n<blockquote><p>Vi har snickare och pl\u00e5tslagare p\u00e5 taket och det g\u00f6r att vi m\u00e5ste m\u00e5la en hel del d\u00e5 och d\u00e5, i takt med att olika delar av projektet blir klara. Dessutom b\u00f6rjar o-ringen n\u00e4rma sig, med visst f\u00f6rhandsjobb och utbildning f\u00f6r den k\u00e4ra v\u00e4nnen och mig. Mer blir det, sk\u00f4j.<\/p><\/blockquote>\n<p>Det inte varit mycket tid till bloggande, helt enkelt.<\/p>\n<p>N\u00e5, min beundran inf\u00f6r\u00a0kunniga yrkesm\u00e4n har st\u00e4rkts de senaste veckorna. Inte \u00e4r det idealt f\u00f6r hantverkarna att ha en nyfiken och pratsjuk best\u00e4llare hemma mest hela dagarna. Men de har tagit det med t\u00e5lamod och lett \u00e5t min v\u00e4l dolda h\u00f6jdskr\u00e4ck, n\u00e4r jag st\u00e5tt p\u00e5 en trappstege p\u00e5 \u00f6versta st\u00e4llningen (p\u00e5 bortre sidan) \u00a0med penseln i n\u00e4ven.<\/p>\n<p>&#8211; Ha! Jag \u00e4r nog tuffare \u00e4n somliga tror.<\/p>\n<p><strong>K\u00e4nns bekant<br \/>\n<\/strong>Pratet vid v\u00e5ra gemensamma fika- och lunchstunder har k\u00e4nts bekant och resultatet av deras m\u00f6da med nytt tak, nya f\u00f6nster och annat vackert lyser av yrkesstolthet och arbetsgl\u00e4dje. Ett nytt hus, s\u00e4ger grannen som ser det varje dag.<\/p>\n<p>Vinner jag p\u00e5 Lotto ska jag kalla hit dem n\u00e4sta f\u00f6rsommar med.<\/p>\n<p><span style=\"color: #0000ff;\"><a style=\"color: #0000ff;\" href=\"https:\/\/sven-ove.nu\/\">Hem<\/a><\/span>\u00a0|<span style=\"color: #0000ff;\">\u00a0<a style=\"color: #0000ff;\" href=\"https:\/\/sven-ove.nu\/?page_id=170\">Om mig<\/a><\/span>\u00a0|\u00a0<span style=\"color: #0000ff;\"><a style=\"color: #0000ff;\" href=\"https:\/\/sven-ove.nu\/?page_id=1385\">Skriva &amp; prata<\/a><\/span>\u00a0|\u00a0<span style=\"color: #0000ff;\"><a style=\"color: #0000ff;\" href=\"https:\/\/sven-ove.nu\/?page_id=100\">Politik<\/a><\/span>\u00a0|\u00a0<span style=\"color: #0000ff;\"><a style=\"color: #0000ff;\" href=\"https:\/\/sven-ove.nu\/?page_id=102\">L\u00f6pa<\/a><\/span>\u00a0|\u00a0<span style=\"color: #0000ff;\"><a style=\"color: #0000ff;\" href=\"https:\/\/sven-ove.nu\/?page_id=108\">Viktor Root<\/a><\/span>\u00a0| <a href=\"https:\/\/sven-ove.nu\/?page_id=15908\"><span style=\"color: #0000ff;\">Firman<\/span>\u00a0<\/a>|\u00a0<span style=\"color: #0000ff;\"><a style=\"color: #0000ff;\" href=\"https:\/\/sven-ove.nu\/?page_id=15638\">K\u00f4ppra<\/a><\/span> <em>(c) Sven-Ove Svensson<\/em><\/p>\n","protected":false},"excerpt":{"rendered":"<p>&nbsp; Kv\u00e4llsm\u00e5lning. Finns det n\u00e5got folk i v\u00e4rlden som bor s\u00e5 mycket som vi svenskar? Vi har snickare och pl\u00e5tslagare p\u00e5 taket och det g\u00f6r att vi m\u00e5ste m\u00e5la en hel del d\u00e5 och d\u00e5, i takt med att olika delar av projektet blir klara. Dessutom b\u00f6rjar o-ringen n\u00e4rma sig, med visst f\u00f6rhandsjobb och utbildning &hellip; <a href=\"https:\/\/sven-ove.nu\/?p=18032\" class=\"more-link\">Forts\u00e4tt l\u00e4sa <span class=\"screen-reader-text\">Min hyllning till h\u00e4ndernas m\u00f6jlighet<\/span><\/a><\/p>\n","protected":false},"author":1,"featured_media":0,"comment_status":"open","ping_status":"open","sticky":false,"template":"","format":"standard","meta":{"_crdt_document":"","_monsterinsights_skip_tracking":false,"_monsterinsights_sitenote_active":false,"_monsterinsights_sitenote_note":"","_monsterinsights_sitenote_category":0,"footnotes":""},"categories":[28],"tags":[3,17],"class_list":["post-18032","post","type-post","status-publish","format-standard","hentry","category-kreativt-folk","tag-arbete","tag-solidaritet"],"_links":{"self":[{"href":"https:\/\/sven-ove.nu\/index.php?rest_route=\/wp\/v2\/posts\/18032","targetHints":{"allow":["GET"]}}],"collection":[{"href":"https:\/\/sven-ove.nu\/index.php?rest_route=\/wp\/v2\/posts"}],"about":[{"href":"https:\/\/sven-ove.nu\/index.php?rest_route=\/wp\/v2\/types\/post"}],"author":[{"embeddable":true,"href":"https:\/\/sven-ove.nu\/index.php?rest_route=\/wp\/v2\/users\/1"}],"replies":[{"embeddable":true,"href":"https:\/\/sven-ove.nu\/index.php?rest_route=%2Fwp%2Fv2%2Fcomments&post=18032"}],"version-history":[{"count":10,"href":"https:\/\/sven-ove.nu\/index.php?rest_route=\/wp\/v2\/posts\/18032\/revisions"}],"predecessor-version":[{"id":18043,"href":"https:\/\/sven-ove.nu\/index.php?rest_route=\/wp\/v2\/posts\/18032\/revisions\/18043"}],"wp:attachment":[{"href":"https:\/\/sven-ove.nu\/index.php?rest_route=%2Fwp%2Fv2%2Fmedia&parent=18032"}],"wp:term":[{"taxonomy":"category","embeddable":true,"href":"https:\/\/sven-ove.nu\/index.php?rest_route=%2Fwp%2Fv2%2Fcategories&post=18032"},{"taxonomy":"post_tag","embeddable":true,"href":"https:\/\/sven-ove.nu\/index.php?rest_route=%2Fwp%2Fv2%2Ftags&post=18032"}],"curies":[{"name":"wp","href":"https:\/\/api.w.org\/{rel}","templated":true}]}}