{"id":18050,"date":"2017-06-29T03:00:21","date_gmt":"2017-06-29T02:00:21","guid":{"rendered":"http:\/\/sven-ove.nu\/?p=18050"},"modified":"2017-06-29T09:41:58","modified_gmt":"2017-06-29T08:41:58","slug":"skriva-satir-handlar-om-mod","status":"publish","type":"post","link":"https:\/\/sven-ove.nu\/?p=18050","title":{"rendered":"Skriva satir handlar om mod"},"content":{"rendered":"<p><a href=\"https:\/\/sven-ove.nu\/?attachment_id=18045\" rel=\"attachment wp-att-18045\"><img loading=\"lazy\" decoding=\"async\" class=\"size-full wp-image-18045 alignnone\" src=\"https:\/\/sven-ove.nu\/wp-content\/uploads\/2017\/06\/Sk\u00e4rmavbild-2017-06-27-kl.-21.38.43.png\" alt=\"\" width=\"1036\" height=\"718\" srcset=\"https:\/\/sven-ove.nu\/wp-content\/uploads\/2017\/06\/Sk\u00e4rmavbild-2017-06-27-kl.-21.38.43.png 1036w, https:\/\/sven-ove.nu\/wp-content\/uploads\/2017\/06\/Sk\u00e4rmavbild-2017-06-27-kl.-21.38.43-300x208.png 300w, https:\/\/sven-ove.nu\/wp-content\/uploads\/2017\/06\/Sk\u00e4rmavbild-2017-06-27-kl.-21.38.43-768x532.png 768w, https:\/\/sven-ove.nu\/wp-content\/uploads\/2017\/06\/Sk\u00e4rmavbild-2017-06-27-kl.-21.38.43-1024x710.png 1024w\" sizes=\"auto, (max-width: 1036px) 100vw, 1036px\" \/><\/a><\/p>\n<p style=\"text-align: right;\"><em>(VF 27 juni 2019)<\/em><\/p>\n<blockquote><p>Vanliga vardagstexter \u00e4r l\u00e4tta att skriva och of\u00f6rargliga att publicera. Du st\u00f6ter dig inte med n\u00e5gon och inte en bokstav sticks.<\/p>\n<p>Satirer \u00e4r v\u00e4rre. De kr\u00e4ver visst mod och du tar en risk n\u00e4r du sticker ut hakan.<\/p><\/blockquote>\n<p>Hur var det poeten Nils Ferlin skrev? &#8221;Ty dessa spjut som jag str\u00e4cker ut\u00a0har genomborrat mej sj\u00e4lv f\u00f6rut.&#8221; Precis s\u00e5 k\u00e4nns det varenda g\u00e5ng. Vissa av mina v\u00e4nner p\u00e5st\u00e5r att jag har talang f\u00f6r att skriva elakt. Det m\u00e5 vara, men talang f\u00f6r att <strong>vara<\/strong> elak har jag inte.<\/p>\n<p>S\u00e5 fort du g\u00f6r en text som avviker fr\u00e5n det enkla, normala, ger du dig ut p\u00e5 slak lina. Det \u00e4r fantastiskt n\u00e4r det lyckas men fallet, d\u00e5 du ramlar pladask, ligger bara en millimeter bort.<\/p>\n<p>Fast &#8211; varf\u00f6r ska en alltid v\u00e4lja den enkla v\u00e4gen? Vem har sagt att jag kom till v\u00e4rlden f\u00f6r att bara producera promenadtexter? Lite s\u00e4lta beh\u00f6vs det ibland.<\/p>\n<p><strong>L\u00e4t vreden svalna<br \/>\n<\/strong>Sagt och gjort, jag l\u00e4t min vrede svalna och f\u00f6rs\u00f6kte v\u00e4ssa satiren. Bakgrunden \u00e4r att makthavarna p\u00e5 trakten vill h\u00e4gna in ett stycke friluftsparadis och bygga ett Muminland d\u00e4r, med dyrt intr\u00e4de. Karlstads vackraste strandtomt vill de ta. Den som byggts av entusiaster och hittills varit gratis f\u00f6r oss alla, med V\u00e4nerutsikt, l\u00f6psp\u00e5r, motionscentral, familjebad, grillplatser och allt. Lugnet, lugnet.<\/p>\n<p>F\u00f6rslaget har uppr\u00f6rt m\u00e5nga, f\u00f6rening har bildats och facebookgruppen som vill r\u00e4dda Skutberget har drygt 7 600 medlemmar. Kommunstyret med herr Nisser (M) i spetsen, och mina v\u00e4nner (S) i sl\u00e4pt\u00e5g, har f\u00e5tt massor av ins\u00e4ndare, inl\u00e4gg och mejl emot sig. Gn\u00e4llspikar kallar de oss som vill f\u00f6r\u00e4dla p\u00e4rlan i st\u00e4llet f\u00f6r att l\u00e5sa in henne.<\/p>\n<p>Om detta skrev jag f\u00f6rst en saga och sedan en till. Str\u00e4ckte ut min upproriska haka mer \u00e4n p\u00e5 l\u00e4nge.<\/p>\n<p><strong>Ont i mig<br \/>\n<\/strong>F\u00f6rst k\u00e4nns det som f\u00f6r Nils Ferlins igelkott, han med spjuten. Det g\u00f6r ont i en sj\u00e4lv.<\/p>\n<p>Sedan kommer reaktionerna. Lysande, tycker en. Briljant, skriver en annan. Underbart, ropar en tredje. Hahaha! Najst! Tror till och med n\u00e5gra av de folkvalda drar p\u00e5 smilbanden!<\/p>\n<p>D\u00e5 kommer kommentaren som bekr\u00e4ftar det jag redan visste om texter som sticker ut. Du tar alltid en risk med dem:<\/p>\n<p style=\"padding-left: 30px;\"><em>&#8221;&#8230; texten var tramsig och d\u00e5ligt skriven. Konsten att ironisera \u00e4r faktiskt ganska sv\u00e5r.&#8221;<\/em><\/p>\n<p>Han vet det inte sj\u00e4lv, men kommentaren bekr\u00e4ftar fint min tes. Den om risken. En text som v\u00e5gar n\u00e5got t\u00f6rs ocks\u00e5 l\u00e5ta bli att g\u00f6ra alla n\u00f6jda. Skriva satir handlar om det modet.<\/p>\n<p>Sen kan han ju ha r\u00e4tt ocks\u00e5.<\/p>\n<p><em><span style=\"color: #ff6600;\"><strong>###<\/strong><\/span> L\u00e4nk till min f\u00f6rsta satir i \u00e4mnet: <span style=\"color: #0000ff;\"><a style=\"color: #0000ff;\" href=\"http:\/\/www.vf.se\/insandare\/drommen-om-ett-nisserland\/\">Dr\u00f6mmen om ett Nisserland<br \/>\n<\/a><\/span><\/em><em><span style=\"color: #ff6600;\"><strong>###<\/strong><\/span> L\u00e4nk till satir nummer tv\u00e5: <span style=\"color: #0000ff;\"><a style=\"color: #0000ff;\" href=\"https:\/\/sven-ove.nu\/?page_id=18044\">Nya talarkurser i stadshuset<br \/>\n<\/a><\/span><\/em><em><span style=\"color: #ff6600;\"><strong>###<\/strong> <\/span>B\u00e5da publicerade i V\u00e4rmlands Folkblad, 13:e respektive 27:e juni.<\/em><\/p>\n<p><span style=\"color: #0000ff;\"><a style=\"color: #0000ff;\" href=\"https:\/\/sven-ove.nu\/\">Hem<\/a><\/span>\u00a0|\u00a0<span style=\"color: #0000ff;\"><a style=\"color: #0000ff;\" href=\"https:\/\/sven-ove.nu\/?page_id=170\">Om mig<\/a><\/span>\u00a0|\u00a0<span style=\"color: #0000ff;\"><a style=\"color: #0000ff;\" href=\"https:\/\/sven-ove.nu\/?page_id=1385\">Skriva &amp; prata<\/a><\/span>\u00a0|\u00a0<span style=\"color: #0000ff;\"><a style=\"color: #0000ff;\" href=\"https:\/\/sven-ove.nu\/?page_id=100\">Politik<\/a><\/span>\u00a0|\u00a0<span style=\"color: #0000ff;\"><a style=\"color: #0000ff;\" href=\"https:\/\/sven-ove.nu\/?page_id=102\">L\u00f6pa<\/a><\/span>\u00a0|\u00a0<span style=\"color: #0000ff;\"><a style=\"color: #0000ff;\" href=\"https:\/\/sven-ove.nu\/?page_id=108\">Viktor Root<\/a><\/span>\u00a0| <a href=\"https:\/\/sven-ove.nu\/?page_id=15908\"><span style=\"color: #0000ff;\">Firman<\/span>\u00a0<\/a>|\u00a0<span style=\"color: #0000ff;\"><a style=\"color: #0000ff;\" href=\"https:\/\/sven-ove.nu\/?page_id=15638\">K\u00f4ppra<\/a><\/span> <em>(c) Sven-Ove Svensson<\/em><\/p>\n","protected":false},"excerpt":{"rendered":"<p>(VF 27 juni 2019) Vanliga vardagstexter \u00e4r l\u00e4tta att skriva och of\u00f6rargliga att publicera. Du st\u00f6ter dig inte med n\u00e5gon och inte en bokstav sticks. Satirer \u00e4r v\u00e4rre. De kr\u00e4ver visst mod och du tar en risk n\u00e4r du sticker ut hakan. Hur var det poeten Nils Ferlin skrev? &#8221;Ty dessa spjut som jag str\u00e4cker &hellip; <a href=\"https:\/\/sven-ove.nu\/?p=18050\" class=\"more-link\">Forts\u00e4tt l\u00e4sa <span class=\"screen-reader-text\">Skriva satir handlar om mod<\/span><\/a><\/p>\n","protected":false},"author":1,"featured_media":0,"comment_status":"open","ping_status":"open","sticky":false,"template":"","format":"standard","meta":{"_crdt_document":"","_monsterinsights_skip_tracking":false,"_monsterinsights_sitenote_active":false,"_monsterinsights_sitenote_note":"","_monsterinsights_sitenote_category":0,"footnotes":""},"categories":[28,6,9,4],"tags":[18,15,21,20],"class_list":["post-18050","post","type-post","status-publish","format-standard","hentry","category-kreativt-folk","category-natur","category-politik","category-skrivande","tag-lardomar","tag-mediedjungeln","tag-ord","tag-rad"],"_links":{"self":[{"href":"https:\/\/sven-ove.nu\/index.php?rest_route=\/wp\/v2\/posts\/18050","targetHints":{"allow":["GET"]}}],"collection":[{"href":"https:\/\/sven-ove.nu\/index.php?rest_route=\/wp\/v2\/posts"}],"about":[{"href":"https:\/\/sven-ove.nu\/index.php?rest_route=\/wp\/v2\/types\/post"}],"author":[{"embeddable":true,"href":"https:\/\/sven-ove.nu\/index.php?rest_route=\/wp\/v2\/users\/1"}],"replies":[{"embeddable":true,"href":"https:\/\/sven-ove.nu\/index.php?rest_route=%2Fwp%2Fv2%2Fcomments&post=18050"}],"version-history":[{"count":6,"href":"https:\/\/sven-ove.nu\/index.php?rest_route=\/wp\/v2\/posts\/18050\/revisions"}],"predecessor-version":[{"id":18056,"href":"https:\/\/sven-ove.nu\/index.php?rest_route=\/wp\/v2\/posts\/18050\/revisions\/18056"}],"wp:attachment":[{"href":"https:\/\/sven-ove.nu\/index.php?rest_route=%2Fwp%2Fv2%2Fmedia&parent=18050"}],"wp:term":[{"taxonomy":"category","embeddable":true,"href":"https:\/\/sven-ove.nu\/index.php?rest_route=%2Fwp%2Fv2%2Fcategories&post=18050"},{"taxonomy":"post_tag","embeddable":true,"href":"https:\/\/sven-ove.nu\/index.php?rest_route=%2Fwp%2Fv2%2Ftags&post=18050"}],"curies":[{"name":"wp","href":"https:\/\/api.w.org\/{rel}","templated":true}]}}