{"id":18131,"date":"2017-07-30T08:44:08","date_gmt":"2017-07-30T07:44:08","guid":{"rendered":"http:\/\/sven-ove.nu\/?p=18131"},"modified":"2017-07-30T08:53:40","modified_gmt":"2017-07-30T07:53:40","slug":"sista-semestern-i-familjen","status":"publish","type":"post","link":"https:\/\/sven-ove.nu\/?p=18131","title":{"rendered":"Sista semestern i familjen"},"content":{"rendered":"<p><a href=\"https:\/\/sven-ove.nu\/?attachment_id=18134\" rel=\"attachment wp-att-18134\"><img loading=\"lazy\" decoding=\"async\" class=\"size-large wp-image-18134 alignnone\" src=\"https:\/\/sven-ove.nu\/wp-content\/uploads\/2017\/07\/R\u00e4kmacka-1024x1024.jpg\" alt=\"\" width=\"660\" height=\"660\" srcset=\"https:\/\/sven-ove.nu\/wp-content\/uploads\/2017\/07\/R\u00e4kmacka-1024x1024.jpg 1024w, https:\/\/sven-ove.nu\/wp-content\/uploads\/2017\/07\/R\u00e4kmacka-150x150.jpg 150w, https:\/\/sven-ove.nu\/wp-content\/uploads\/2017\/07\/R\u00e4kmacka-300x300.jpg 300w, https:\/\/sven-ove.nu\/wp-content\/uploads\/2017\/07\/R\u00e4kmacka-768x768.jpg 768w, https:\/\/sven-ove.nu\/wp-content\/uploads\/2017\/07\/R\u00e4kmacka.jpg 1280w\" sizes=\"auto, (max-width: 660px) 100vw, 660px\" \/><\/a><\/p>\n<p>\u00c4ta regionalt v\u00e4rldsber\u00f6md r\u00e4kmacka vid strandkanten p\u00e5 <span style=\"color: #0000ff;\"><a style=\"color: #0000ff;\" href=\"http:\/\/www.varmskogscafe.se\">V\u00e4rmskogs caf\u00e9<\/a><\/span>: check.<br \/>\nBoka biljetter till \u00e5rets f\u00f6rest\u00e4llning med\u00a0<span style=\"color: #0000ff;\"><a style=\"color: #0000ff;\" href=\"http:\/\/www.vastanateater.se\">V\u00e4stan\u00e5 teater<\/a><\/span>: check.<br \/>\n\u00c4ta, fika, prata och titta p\u00e5 konst vid <span style=\"color: #0000ff;\"><a style=\"color: #0000ff;\" href=\"http:\/\/www.gamlakraftstationen.se\">Gamla kraftstationen<\/a><\/span> i Deje: check.<br \/>\nVara med och arrangera <span style=\"color: #0000ff;\"><a style=\"color: #0000ff;\" href=\"http:\/\/www.oringen.se\">O-ringens femdagars<\/a><\/span> i Arvika med omnejd: check.<br \/>\nUmg\u00e5s med tv\u00e5 yngre generationer i sl\u00e4kten: check.<\/p>\n<p><a href=\"https:\/\/sven-ove.nu\/?attachment_id=18135\" rel=\"attachment wp-att-18135\"><img loading=\"lazy\" decoding=\"async\" class=\"size-medium wp-image-18135 alignleft\" src=\"https:\/\/sven-ove.nu\/wp-content\/uploads\/2017\/07\/Kontroll-137-300x300.jpg\" alt=\"\" width=\"300\" height=\"300\" srcset=\"https:\/\/sven-ove.nu\/wp-content\/uploads\/2017\/07\/Kontroll-137-300x300.jpg 300w, https:\/\/sven-ove.nu\/wp-content\/uploads\/2017\/07\/Kontroll-137-150x150.jpg 150w, https:\/\/sven-ove.nu\/wp-content\/uploads\/2017\/07\/Kontroll-137.jpg 640w\" sizes=\"auto, (max-width: 300px) 100vw, 300px\" \/><\/a><\/p>\n<p><a href=\"https:\/\/sven-ove.nu\/?attachment_id=18137\" rel=\"attachment wp-att-18137\"><img loading=\"lazy\" decoding=\"async\" class=\"alignright size-medium wp-image-18137\" src=\"https:\/\/sven-ove.nu\/wp-content\/uploads\/2017\/07\/Hj\u00e4lm-300x300.jpg\" alt=\"\" width=\"300\" height=\"300\" srcset=\"https:\/\/sven-ove.nu\/wp-content\/uploads\/2017\/07\/Hj\u00e4lm-300x300.jpg 300w, https:\/\/sven-ove.nu\/wp-content\/uploads\/2017\/07\/Hj\u00e4lm-150x150.jpg 150w, https:\/\/sven-ove.nu\/wp-content\/uploads\/2017\/07\/Hj\u00e4lm-768x768.jpg 768w, https:\/\/sven-ove.nu\/wp-content\/uploads\/2017\/07\/Hj\u00e4lm-1024x1024.jpg 1024w, https:\/\/sven-ove.nu\/wp-content\/uploads\/2017\/07\/Hj\u00e4lm.jpg 1280w\" sizes=\"auto, (max-width: 300px) 100vw, 300px\" \/><\/a>Springa &amp; cykla &amp; plocka &amp; klippa &amp; trimma &amp; m\u00e5la &amp; bada &amp; l\u00e4sa &amp; kika &amp; titta &amp; lyssna &amp; appl\u00e5dera: check.<\/p>\n<p>Sitta p\u00e5 altanen och tindra med \u00f6gonen som om det inte alls var 50 \u00e5r sen vi tr\u00e4ffades: check.<\/p>\n<p>Sista semestern? Ja, f\u00f6r n\u00e4sta sommar t\u00e4nkte vi b\u00e5da vara pension\u00e4rer. Detta \u00e4r genrepet. R\u00e4tt ofta har det g\u00e5tt riktigt bra.<\/p>\n<p style=\"padding-left: 30px;\"><em>V\u00e4rst \u00e4r alltid alla blogguppslag som dyker upp n\u00e4r en best\u00e4mt sig f\u00f6r att l\u00e5ta dig vila, lelle blogg.<\/em><\/p>\n<p>L\u00e5ta bli att skriva fast id\u00e9 d\u00f6k upp: check.<\/p>\n<p><span style=\"color: #ff6600;\"><strong>***<\/strong><\/span><\/p>\n<p>En s\u00e5n sak som att Per Albin ocks\u00e5 l\u00e5nade begreppet folkhem fr\u00e5n en politisk motst\u00e5ndare, men han fyllde det med ett bra inneh\u00e5ll.<\/p>\n<p>En s\u00e5n sak som att det blev ett himla v\u00e4sen n\u00e4r SOS Alarm fick Hesa Fredrik att tuta i Stockholm av misstag. S\u00e5nt ska det bli v\u00e4sen om. Men varf\u00f6r fr\u00e5gade ingen journalist hur m\u00e5nga tutor det finns i Sverige? Blir de f\u00e4rre och f\u00e4rre p\u00e5 m\u00e5nga h\u00e5ll? Hur m\u00e5nga svenskar kan h\u00f6ra dem? 50 procent?<\/p>\n<p>En s\u00e5n sak som denna st\u00e4ndiga \u00e5ldersdiskriminering. N\u00e4r f\u00e5r vi se ett fotbollslag vandra in p\u00e5 planen med varsin pension\u00e4r i n\u00e4ven? Va?! G\u00f6r om, g\u00f6r r\u00e4tt. Det var \u00e4nd\u00e5 vi som uppfann centringen, tr\u00e4finten, fiskliret, tv-r\u00e4ddningen, reprisen, det drett\u00f6liga studiosamtalet och v\u00e5gen.<\/p>\n<p>En s\u00e5n sak som att\u2026 asch, d\u00e4 kvetter. Nu v\u00e4nder vi blad. I morgon blir det en riktigt pinsam text.<\/p>\n<p>Tjohoo!<\/p>\n<p><span style=\"color: #0000ff;\"><a style=\"color: #0000ff;\" href=\"https:\/\/sven-ove.nu\/\">Hem<\/a><\/span>\u00a0|\u00a0<span style=\"color: #0000ff;\"><a style=\"color: #0000ff;\" href=\"https:\/\/sven-ove.nu\/?page_id=170\">Om mig<\/a><\/span>\u00a0|\u00a0<span style=\"color: #0000ff;\"><a style=\"color: #0000ff;\" href=\"https:\/\/sven-ove.nu\/?page_id=1385\">Skriva &amp; prata<\/a><\/span>\u00a0|\u00a0<span style=\"color: #0000ff;\"><a style=\"color: #0000ff;\" href=\"https:\/\/sven-ove.nu\/?page_id=100\">Politik<\/a><\/span>\u00a0|\u00a0<span style=\"color: #0000ff;\"><a style=\"color: #0000ff;\" href=\"https:\/\/sven-ove.nu\/?page_id=102\">L\u00f6pa<\/a><\/span>\u00a0|\u00a0<span style=\"color: #0000ff;\"><a style=\"color: #0000ff;\" href=\"https:\/\/sven-ove.nu\/?page_id=108\">Viktor Root<\/a><\/span>\u00a0| <a href=\"https:\/\/sven-ove.nu\/?page_id=15908\"><span style=\"color: #0000ff;\">Firman<\/span>\u00a0<\/a>|\u00a0<span style=\"color: #0000ff;\"><a style=\"color: #0000ff;\" href=\"https:\/\/sven-ove.nu\/?page_id=15638\">K\u00f4ppra<\/a><\/span> <em>(c) Sven-Ove Svensson<\/em><\/p>\n","protected":false},"excerpt":{"rendered":"<p>\u00c4ta regionalt v\u00e4rldsber\u00f6md r\u00e4kmacka vid strandkanten p\u00e5 V\u00e4rmskogs caf\u00e9: check. Boka biljetter till \u00e5rets f\u00f6rest\u00e4llning med\u00a0V\u00e4stan\u00e5 teater: check. \u00c4ta, fika, prata och titta p\u00e5 konst vid Gamla kraftstationen i Deje: check. Vara med och arrangera O-ringens femdagars i Arvika med omnejd: check. Umg\u00e5s med tv\u00e5 yngre generationer i sl\u00e4kten: check. Springa &amp; cykla &amp; plocka &hellip; <a href=\"https:\/\/sven-ove.nu\/?p=18131\" class=\"more-link\">Forts\u00e4tt l\u00e4sa <span class=\"screen-reader-text\">Sista semestern i familjen<\/span><\/a><\/p>\n","protected":false},"author":1,"featured_media":0,"comment_status":"open","ping_status":"open","sticky":false,"template":"","format":"standard","meta":{"_crdt_document":"","_monsterinsights_skip_tracking":false,"_monsterinsights_sitenote_active":false,"_monsterinsights_sitenote_note":"","_monsterinsights_sitenote_category":0,"footnotes":""},"categories":[10,28,5,6,9,4],"tags":[3,24,25,14,15,7,26,21,20,17,13],"class_list":["post-18131","post","type-post","status-publish","format-standard","hentry","category-familjen","category-kreativt-folk","category-lopning","category-natur","category-politik","category-skrivande","tag-arbete","tag-karlek","tag-kartan","tag-lasning","tag-mediedjungeln","tag-miljo","tag-natur-2","tag-ord","tag-rad","tag-solidaritet","tag-utrustning"],"_links":{"self":[{"href":"https:\/\/sven-ove.nu\/index.php?rest_route=\/wp\/v2\/posts\/18131","targetHints":{"allow":["GET"]}}],"collection":[{"href":"https:\/\/sven-ove.nu\/index.php?rest_route=\/wp\/v2\/posts"}],"about":[{"href":"https:\/\/sven-ove.nu\/index.php?rest_route=\/wp\/v2\/types\/post"}],"author":[{"embeddable":true,"href":"https:\/\/sven-ove.nu\/index.php?rest_route=\/wp\/v2\/users\/1"}],"replies":[{"embeddable":true,"href":"https:\/\/sven-ove.nu\/index.php?rest_route=%2Fwp%2Fv2%2Fcomments&post=18131"}],"version-history":[{"count":4,"href":"https:\/\/sven-ove.nu\/index.php?rest_route=\/wp\/v2\/posts\/18131\/revisions"}],"predecessor-version":[{"id":18139,"href":"https:\/\/sven-ove.nu\/index.php?rest_route=\/wp\/v2\/posts\/18131\/revisions\/18139"}],"wp:attachment":[{"href":"https:\/\/sven-ove.nu\/index.php?rest_route=%2Fwp%2Fv2%2Fmedia&parent=18131"}],"wp:term":[{"taxonomy":"category","embeddable":true,"href":"https:\/\/sven-ove.nu\/index.php?rest_route=%2Fwp%2Fv2%2Fcategories&post=18131"},{"taxonomy":"post_tag","embeddable":true,"href":"https:\/\/sven-ove.nu\/index.php?rest_route=%2Fwp%2Fv2%2Ftags&post=18131"}],"curies":[{"name":"wp","href":"https:\/\/api.w.org\/{rel}","templated":true}]}}