{"id":18140,"date":"2017-07-31T04:04:30","date_gmt":"2017-07-31T03:04:30","guid":{"rendered":"http:\/\/sven-ove.nu\/?p=18140"},"modified":"2017-07-30T09:58:05","modified_gmt":"2017-07-30T08:58:05","slug":"18140","status":"publish","type":"post","link":"https:\/\/sven-ove.nu\/?p=18140","title":{"rendered":"Vargen, f\u00e4stingen, vildgrisen och min personliga pinsamhet"},"content":{"rendered":"<p><a href=\"https:\/\/sven-ove.nu\/?attachment_id=17193\" rel=\"attachment wp-att-17193\"><img loading=\"lazy\" decoding=\"async\" class=\"size-large wp-image-17193 alignnone\" src=\"https:\/\/sven-ove.nu\/wp-content\/uploads\/2017\/02\/M\u00f6te-i-sp\u00e5rsn\u00f6-1024x1024.jpg\" alt=\"\" width=\"660\" height=\"660\" srcset=\"https:\/\/sven-ove.nu\/wp-content\/uploads\/2017\/02\/M\u00f6te-i-sp\u00e5rsn\u00f6-1024x1024.jpg 1024w, https:\/\/sven-ove.nu\/wp-content\/uploads\/2017\/02\/M\u00f6te-i-sp\u00e5rsn\u00f6-150x150.jpg 150w, https:\/\/sven-ove.nu\/wp-content\/uploads\/2017\/02\/M\u00f6te-i-sp\u00e5rsn\u00f6-300x300.jpg 300w, https:\/\/sven-ove.nu\/wp-content\/uploads\/2017\/02\/M\u00f6te-i-sp\u00e5rsn\u00f6-768x768.jpg 768w, https:\/\/sven-ove.nu\/wp-content\/uploads\/2017\/02\/M\u00f6te-i-sp\u00e5rsn\u00f6.jpg 1280w\" sizes=\"auto, (max-width: 660px) 100vw, 660px\" \/><\/a><\/p>\n<blockquote><p>Det h\u00e4r \u00e4r en pinsam text. L\u00e4s inte den. G\u00f6r n\u00e5t roligt i st\u00e4llet. Annars kan du bli r\u00e4dd. Det \u00e4r jag. I alla fall lite.<\/p><\/blockquote>\n<p>Allt b\u00f6rjade p\u00e5 1980-talet. D\u00e5, n\u00e4r de f\u00f6rsta vargarna d\u00f6k upp i norra V\u00e4rmland. Hurra! skrek jag, som \u00e4r varm naturv\u00e4n och tycker ulv \u00e4r en naturlig del av den svenska faunan. Arbetskamrater till mig tillbringade m\u00e5nga arbetstimmar med att f\u00f6rs\u00f6ka fotografera den gr\u00e5.<\/p>\n<p>Sedan slumpade det sig s\u00e5 att en helt annan fotokunnig person lyckades ta f\u00f6rsta bilden p\u00e5 ins\u00e4ndardebatternas huvudfigur, strax utanf\u00f6r Kil. Jag var inte r\u00e4dd.<\/p>\n<p>I samma veva lyckades ett och annat vildsvin &#8221;rymma&#8221; ur h\u00e4gnet vid en viltk\u00f6ttsrestaurang i nordv\u00e4st. I tanken satte vi redakt\u00f6rer roade citationstecken runt &#8221;rymma&#8221;, men r\u00e4dd var jag inte.<\/p>\n<p>\u00c4nnu lite senare hade vi i familjen skaffat \u00e4lskade utekatter och uppt\u00e4ckte enstaka f\u00e4stingar bakom \u00f6ronen p\u00e5 dem ibland. Jag var inte r\u00e4dd.<\/p>\n<p><strong>Inte samma skog<br \/>\n<\/strong>\u00c5ren gick. Vargarna gjorde det som vargar \u00e4r b\u00e4st p\u00e5, n\u00e4mligen att g\u00f6ra nya vargar. F\u00e4stingarna gjorde liknande \u00f6vningar, vildgrisarna med. Det var ett j\u00e4dra parande i skog och mark.<\/p>\n<p>Sex \u00e4r en vacker sak, naturen \u00e4r grann och grisar, ulvar och f\u00e4stingar brukar t\u00e4nda p\u00e5 likasinnade som vill.<\/p>\n<p>Vargar kom, f\u00e4stingar kom och fick slagkraftiga sjukdomar att sprida, pigga j\u00e4gare satte ut nya grisar i skogen.<\/p>\n<p>En dag var min del av taigab\u00e4ltet inte sig likt.<\/p>\n<p><strong>Klart jag l\u00e4ste p\u00e5<br \/>\n<\/strong>Nu \u00e4r jag en noggrann j\u00e4kel. Naturligtvis l\u00e4ste jag p\u00e5. Ulvar \u00e4r r\u00e4dda f\u00f6r m\u00e4nniskor, deras mat best\u00e5r av \u00e4lg och andra j\u00e4garvillebr\u00e5d. F\u00e4stingarnas TBE kan man vaccinera sig mot och borrelian g\u00e5r att bota, bara du ser upp i tid. De ska inte ens skruvas bort, dra rakt ut. Kleta inte med n\u00e5t, d\u00e5 t\u00f6mmer de bara ut mer smitta. Vildsvin gillar oss inte heller och blir nattdjur om de l\u00e4r sig att m\u00e4nniskan st\u00f6r dem om dagarna.<\/p>\n<p>Bra. Jag har inte \u00e4ndrat mig om de tre djuren, de bor h\u00e4r de med och g\u00f6r nytta alla tre, m\u00f6jligen med undantag f\u00f6r f\u00e4stingen. Vem lever p\u00e5 den?<\/p>\n<p><strong>R\u00e4dd?<br \/>\n<\/strong>Nu kommer det pinsamma strax. Han spred sig ju vargen. De spred sig ju svinen. Till och med den f\u00e4stingburna TBE-smittan n\u00e4rmar sig v\u00e5ra marker. Inte l\u00e4gger jag mig p\u00e5 rygg p\u00e5 f\u00f6rsta b\u00e4sta sommar\u00e4ng i dag och r\u00e4knar moln, fast jag f\u00e5tt fj\u00e4rde sprutan och n\u00e4stan aldrig hittat blodsugaren p\u00e5 min skogsvana kropp.<\/p>\n<p>Respekt.<br \/>\nR\u00e4dd, skulle rubrikskrivarna skriva.<\/p>\n<p><a href=\"https:\/\/sven-ove.nu\/?attachment_id=18146\" rel=\"attachment wp-att-18146\"><img loading=\"lazy\" decoding=\"async\" class=\"alignright size-medium wp-image-18146\" src=\"https:\/\/sven-ove.nu\/wp-content\/uploads\/2017\/08\/I-skogen-300x300.jpg\" alt=\"\" width=\"300\" height=\"300\" srcset=\"https:\/\/sven-ove.nu\/wp-content\/uploads\/2017\/08\/I-skogen-300x300.jpg 300w, https:\/\/sven-ove.nu\/wp-content\/uploads\/2017\/08\/I-skogen-150x150.jpg 150w, https:\/\/sven-ove.nu\/wp-content\/uploads\/2017\/08\/I-skogen-768x768.jpg 768w, https:\/\/sven-ove.nu\/wp-content\/uploads\/2017\/08\/I-skogen-1024x1024.jpg 1024w, https:\/\/sven-ove.nu\/wp-content\/uploads\/2017\/08\/I-skogen.jpg 1280w\" sizes=\"auto, (max-width: 300px) 100vw, 300px\" \/><\/a>Varg har jag aldrig sett, men v\u00e4l hans sp\u00e5r. Han \u00e4r n\u00e4ra nu, den gr\u00e5. Jag vet att han inte r\u00f6r folk, \u00e4nd\u00e5 ser jag mig \u00f6ver axeln n\u00e4r jag fikar p\u00e5 en stubbe mitt ute i allemansr\u00e4tten. R\u00e4tt \u00e5t en sydv\u00e4rml\u00e4nning, h\u00f6r jag r\u00f6ster fnittra, norrifr\u00e5n. R\u00e4tt \u00e5t dig, du som skojade s\u00e5 med oss.<\/p>\n<p>On\u00f6dig respekt f\u00f6r ulven?<br \/>\nR\u00e4dd skulle Expressen skriva.<\/p>\n<p><strong>L\u00e5t bli mina svampar!<br \/>\n<\/strong>Grisarna \u00e4r ocks\u00e5 500 meter fr\u00e5n v\u00e5rt enkla hem. H\u00f6gst. Folk har ju matat dem, d\u00e5 v\u00e4xer stammen snabbt. Jag ser hur de rotat i marken \u00f6verallt i v\u00e5r t\u00e4tortsn\u00e4ra skog. Till och med mitt eget b\u00e4sta kantarellst\u00e4lle ger de sig p\u00e5, dessa kloka djur. Ge hundan i mina svampar!<\/p>\n<p>Inte g\u00e5r jag rakt genom v\u00e4rsta sn\u00e5ren p\u00e5 alla hyggen i dag, som f\u00f6rr. Det kan ju ligga 20 vildsvin och sova d\u00e4r. Galtarnas betar kan vara 30 centimeter och jag \u00e4ger varken skyddsbyxor eller gev\u00e4r.<\/p>\n<p>Jag \u00e4lskar j\u00e4gare men \u00e4r f\u00f6r darrh\u00e4nt och n\u00e4rsynt skytt sj\u00e4lv, l\u00e4rde jag mig i lumpen. Skadskjuta mina medlevare i skogen vill jag inte.<\/p>\n<p>Respekt.<br \/>\nOch r\u00e4dd.<\/p>\n<p><strong>D\u00f6d varg gl\u00f6mmer<br \/>\n<\/strong>Vad g\u00f6r vi nu \u00e5t detta? Ja, f\u00e4stingarna \u00e4r en aning sv\u00e5rjagade har jag f\u00f6rst\u00e5tt. Vaccinera dig, svenska folk, subventionera sprutan, svenska landsting. Den \u00e4r f\u00f6r dyr nu, \u00e4ven samh\u00e4llsekonomiskt.<\/p>\n<p>Vargen b\u00f6r jagas i rimlig utstr\u00e4ckning och under ordnade former. Skjut d\u00e5 f\u00f6r farao inte hela revir, spara n\u00e5gra individer som l\u00e4r sig bli r\u00e4ddare f\u00f6r m\u00e4nniskan. D\u00f6d varg minns inte mycket.<\/p>\n<p>Vildsvinen b\u00f6r jagas effektivare, vi har f\u00f6r m\u00e5nga. Om nordv\u00e4rml\u00e4nningarna fnittrar \u00e5t mig i vargfr\u00e5gan s\u00e5 till\u00e5ter jag mig att le \u00f6dmjukt \u00e5t svenska j\u00e4gare ifr\u00e5ga om grisarna. Vargen \u00e4r inplanterad, muttrar ni. Det tvivlar jag starkt p\u00e5, nog kan en varg ta sig fr\u00e5n Finland och hit. Men fundera p\u00e5 vem som satte ut vildgrisarna i v\u00e5ra skogar. Inte var det vi vapenl\u00f6sa.<\/p>\n<p><strong>\u2026och \u00e4nd\u00e5 vill jag se dem<br \/>\n<\/strong>Hur m\u00e5nga vildsvin beh\u00f6ver ett land, f\u00f6r att de, jordbruket och vi andra ska forts\u00e4tta att m\u00e5 bra? Fundera p\u00e5 saken. Snart finns de p\u00e5 Tingvalla\u00f6n i Karlstads centrum. D\u00e5 blir det v\u00e4sen.<\/p>\n<p>Fast &#8211; jag vill g\u00e4rna se dem med, n\u00e5gon enstaka g\u00e5ng, precis som jag vill se vargen. D\u00e5 ska jag s\u00e4ga som pappa n\u00e4r han skojade k\u00e4rt med mor min:<\/p>\n<p>&#8211; Du ser n\u00e4re ut p\u00e5 bra h\u00f4ll.<\/p>\n<p><span style=\"color: #0000ff;\"><a style=\"color: #0000ff;\" href=\"https:\/\/sven-ove.nu\/\">Hem<\/a><\/span>\u00a0|\u00a0<span style=\"color: #0000ff;\"><a style=\"color: #0000ff;\" href=\"https:\/\/sven-ove.nu\/?page_id=170\">Om mig<\/a><\/span>\u00a0|\u00a0<span style=\"color: #0000ff;\"><a style=\"color: #0000ff;\" href=\"https:\/\/sven-ove.nu\/?page_id=1385\">Skriva &amp; prata<\/a><\/span>\u00a0|\u00a0<span style=\"color: #0000ff;\"><a style=\"color: #0000ff;\" href=\"https:\/\/sven-ove.nu\/?page_id=100\">Politik<\/a><\/span>\u00a0|\u00a0<span style=\"color: #0000ff;\"><a style=\"color: #0000ff;\" href=\"https:\/\/sven-ove.nu\/?page_id=102\">L\u00f6pa<\/a><\/span>\u00a0|\u00a0<span style=\"color: #0000ff;\"><a style=\"color: #0000ff;\" href=\"https:\/\/sven-ove.nu\/?page_id=108\">Viktor Root<\/a><\/span>\u00a0| <a href=\"https:\/\/sven-ove.nu\/?page_id=15908\"><span style=\"color: #0000ff;\">Firman<\/span>\u00a0<\/a>|\u00a0<span style=\"color: #0000ff;\"><a style=\"color: #0000ff;\" href=\"https:\/\/sven-ove.nu\/?page_id=15638\">K\u00f4ppra<\/a><\/span> <em>(c) Sven-Ove Svensson<\/em><\/p>\n","protected":false},"excerpt":{"rendered":"<p>Det h\u00e4r \u00e4r en pinsam text. L\u00e4s inte den. G\u00f6r n\u00e5t roligt i st\u00e4llet. Annars kan du bli r\u00e4dd. Det \u00e4r jag. I alla fall lite. Allt b\u00f6rjade p\u00e5 1980-talet. D\u00e5, n\u00e4r de f\u00f6rsta vargarna d\u00f6k upp i norra V\u00e4rmland. Hurra! skrek jag, som \u00e4r varm naturv\u00e4n och tycker ulv \u00e4r en naturlig del av &hellip; <a href=\"https:\/\/sven-ove.nu\/?p=18140\" class=\"more-link\">Forts\u00e4tt l\u00e4sa <span class=\"screen-reader-text\">Vargen, f\u00e4stingen, vildgrisen och min personliga pinsamhet<\/span><\/a><\/p>\n","protected":false},"author":1,"featured_media":0,"comment_status":"open","ping_status":"open","sticky":false,"template":"","format":"standard","meta":{"_crdt_document":"","_monsterinsights_skip_tracking":false,"_monsterinsights_sitenote_active":false,"_monsterinsights_sitenote_note":"","_monsterinsights_sitenote_category":0,"footnotes":""},"categories":[6],"tags":[16,24,18],"class_list":["post-18140","post","type-post","status-publish","format-standard","hentry","category-natur","tag-dumheter","tag-karlek","tag-lardomar"],"_links":{"self":[{"href":"https:\/\/sven-ove.nu\/index.php?rest_route=\/wp\/v2\/posts\/18140","targetHints":{"allow":["GET"]}}],"collection":[{"href":"https:\/\/sven-ove.nu\/index.php?rest_route=\/wp\/v2\/posts"}],"about":[{"href":"https:\/\/sven-ove.nu\/index.php?rest_route=\/wp\/v2\/types\/post"}],"author":[{"embeddable":true,"href":"https:\/\/sven-ove.nu\/index.php?rest_route=\/wp\/v2\/users\/1"}],"replies":[{"embeddable":true,"href":"https:\/\/sven-ove.nu\/index.php?rest_route=%2Fwp%2Fv2%2Fcomments&post=18140"}],"version-history":[{"count":8,"href":"https:\/\/sven-ove.nu\/index.php?rest_route=\/wp\/v2\/posts\/18140\/revisions"}],"predecessor-version":[{"id":18149,"href":"https:\/\/sven-ove.nu\/index.php?rest_route=\/wp\/v2\/posts\/18140\/revisions\/18149"}],"wp:attachment":[{"href":"https:\/\/sven-ove.nu\/index.php?rest_route=%2Fwp%2Fv2%2Fmedia&parent=18140"}],"wp:term":[{"taxonomy":"category","embeddable":true,"href":"https:\/\/sven-ove.nu\/index.php?rest_route=%2Fwp%2Fv2%2Fcategories&post=18140"},{"taxonomy":"post_tag","embeddable":true,"href":"https:\/\/sven-ove.nu\/index.php?rest_route=%2Fwp%2Fv2%2Ftags&post=18140"}],"curies":[{"name":"wp","href":"https:\/\/api.w.org\/{rel}","templated":true}]}}