{"id":1817,"date":"2012-04-13T05:00:05","date_gmt":"2012-04-13T04:00:05","guid":{"rendered":"http:\/\/sven-ove.nu\/?p=1817"},"modified":"2017-04-18T06:26:51","modified_gmt":"2017-04-18T05:26:51","slug":"slita-tiga-lida","status":"publish","type":"post","link":"https:\/\/sven-ove.nu\/?p=1817","title":{"rendered":"Slita, tiga, lida"},"content":{"rendered":"<p><a href=\"https:\/\/sven-ove.nu\/wp-content\/uploads\/2012\/04\/Syftet-....jpg\"><img loading=\"lazy\" decoding=\"async\" class=\"alignright size-full wp-image-1818\" title=\"Syftet ...\" src=\"https:\/\/sven-ove.nu\/wp-content\/uploads\/2012\/04\/Syftet-....jpg\" alt=\"\" width=\"281\" height=\"256\" \/><\/a>Ju mer jag l\u00e4ser om projektet, desto mer \u00f6vertygad blir jag. Fredstanken \u00e4r bara fernissa. I sj\u00e4lva verket \u00e4r syftet med <strong>Europeiska Unionen<\/strong> att skapa en full, foglig, flexibel, flyttbar och f\u00f6rskr\u00e4ckt arbetare som sliter, tiger och lider. Helst ska hon be ocks\u00e5.<\/p>\n<p>Om ett jobb till.<\/p>\n<p><em>Efter l\u00e4sande av Rebecka Bohlins &#8221;De osynliga&#8221;.<\/em><\/p>\n","protected":false},"excerpt":{"rendered":"<p>Ju mer jag l\u00e4ser om projektet, desto mer \u00f6vertygad blir jag. Fredstanken \u00e4r bara fernissa. I sj\u00e4lva verket \u00e4r syftet med Europeiska Unionen att skapa en full, foglig, flexibel, flyttbar och f\u00f6rskr\u00e4ckt arbetare som sliter, tiger och lider. Helst ska hon be ocks\u00e5. Om ett jobb till. Efter l\u00e4sande av Rebecka Bohlins &#8221;De osynliga&#8221;.<\/p>\n","protected":false},"author":1,"featured_media":0,"comment_status":"open","ping_status":"open","sticky":false,"template":"","format":"standard","meta":{"_crdt_document":"","_monsterinsights_skip_tracking":false,"_monsterinsights_sitenote_active":false,"_monsterinsights_sitenote_note":"","_monsterinsights_sitenote_category":0,"footnotes":""},"categories":[9],"tags":[3],"class_list":["post-1817","post","type-post","status-publish","format-standard","hentry","category-politik","tag-arbete"],"_links":{"self":[{"href":"https:\/\/sven-ove.nu\/index.php?rest_route=\/wp\/v2\/posts\/1817","targetHints":{"allow":["GET"]}}],"collection":[{"href":"https:\/\/sven-ove.nu\/index.php?rest_route=\/wp\/v2\/posts"}],"about":[{"href":"https:\/\/sven-ove.nu\/index.php?rest_route=\/wp\/v2\/types\/post"}],"author":[{"embeddable":true,"href":"https:\/\/sven-ove.nu\/index.php?rest_route=\/wp\/v2\/users\/1"}],"replies":[{"embeddable":true,"href":"https:\/\/sven-ove.nu\/index.php?rest_route=%2Fwp%2Fv2%2Fcomments&post=1817"}],"version-history":[{"count":5,"href":"https:\/\/sven-ove.nu\/index.php?rest_route=\/wp\/v2\/posts\/1817\/revisions"}],"predecessor-version":[{"id":17638,"href":"https:\/\/sven-ove.nu\/index.php?rest_route=\/wp\/v2\/posts\/1817\/revisions\/17638"}],"wp:attachment":[{"href":"https:\/\/sven-ove.nu\/index.php?rest_route=%2Fwp%2Fv2%2Fmedia&parent=1817"}],"wp:term":[{"taxonomy":"category","embeddable":true,"href":"https:\/\/sven-ove.nu\/index.php?rest_route=%2Fwp%2Fv2%2Fcategories&post=1817"},{"taxonomy":"post_tag","embeddable":true,"href":"https:\/\/sven-ove.nu\/index.php?rest_route=%2Fwp%2Fv2%2Ftags&post=1817"}],"curies":[{"name":"wp","href":"https:\/\/api.w.org\/{rel}","templated":true}]}}